{"id":9534,"date":"2018-05-22T11:31:18","date_gmt":"2018-05-22T09:31:18","guid":{"rendered":"https:\/\/marekkuchcinski.pl\/?p=9534"},"modified":"2018-05-22T11:32:31","modified_gmt":"2018-05-22T09:32:31","slug":"jedlinsk-spotkanie-marszalka-sejmu-mieszkancami-ramach-akcji-polska-jedna","status":"publish","type":"post","link":"https:\/\/marekkuchcinski.pl\/sk\/wydarzenia\/jedlinsk-spotkanie-marszalka-sejmu-mieszkancami-ramach-akcji-polska-jedna\/","title":{"rendered":"Jedli\u0144sk: stretnutie predsedu Sejmu s obyvate\u013emi v r\u00e1mci kampane \"Po\u013esko je jedno\""},"content":{"rendered":"<p>Po\u010das zasadnutia predseda Sejmu odpovedal na ot\u00e1zky t\u00fdkaj\u00face sa napr\u00edklad ciest, po\u013enohospod\u00e1rstva, melior\u00e1ci\u00ed, vzdel\u00e1vania, podpory star\u0161\u00edch \u013eud\u00ed, zdravotnej starostlivosti, rehabilit\u00e1cie zdravotne postihnut\u00fdch, rodiny, dobrovo\u013en\u00fdch hasi\u010dsk\u00fdch zborov \u010di vodn\u00e9ho a kanaliza\u010dn\u00e9ho hospod\u00e1rstva. Diskusia sa t\u00fdkala aj vytvorenia prv\u00e9ho stup\u0148a obchodnej \u0161koly v Jedli\u0144sku.<\/p>\n<p>Na stretnut\u00ed sa z\u00fa\u010dastnili poslanci Eur\u00f3pskeho parlamentu Anna Kwiecie\u0144 a Andrzej Kosztowniak a Rados\u0142aw Fogiel, radn\u00fd Mazovsk\u00e9ho region\u00e1lneho zhroma\u017edenia.<\/p>\n<p><a href=\"https:\/\/marekkuchcinski.pl\/wp-content\/uploads\/2018\/05\/jedlinsk.jpg\"><img fetchpriority=\"high\" decoding=\"async\" class=\"alignnone size-full wp-image-9536\" src=\"https:\/\/marekkuchcinski.pl\/wp-content\/uploads\/2018\/05\/jedlinsk.jpg\" alt=\"jedlinsk\" width=\"4128\" height=\"2322\" srcset=\"https:\/\/marekkuchcinski.pl\/wp-content\/uploads\/2018\/05\/jedlinsk.jpg 2048w, https:\/\/marekkuchcinski.pl\/wp-content\/uploads\/2018\/05\/jedlinsk-300x169.jpg 300w, https:\/\/marekkuchcinski.pl\/wp-content\/uploads\/2018\/05\/jedlinsk-768x432.jpg 768w, https:\/\/marekkuchcinski.pl\/wp-content\/uploads\/2018\/05\/jedlinsk-1024x576.jpg 1024w\" sizes=\"(max-width: 4128px) 100vw, 4128px\" \/><\/a><a href=\"https:\/\/marekkuchcinski.pl\/wp-content\/uploads\/2018\/05\/20180520_194001.jpg\"><img decoding=\"async\" class=\"alignnone size-full wp-image-9537\" src=\"https:\/\/marekkuchcinski.pl\/wp-content\/uploads\/2018\/05\/20180520_194001.jpg\" alt=\"20180520_194001\" width=\"2886\" height=\"1828\" srcset=\"https:\/\/marekkuchcinski.pl\/wp-content\/uploads\/2018\/05\/20180520_194001.jpg 2048w, https:\/\/marekkuchcinski.pl\/wp-content\/uploads\/2018\/05\/20180520_194001-300x190.jpg 300w, https:\/\/marekkuchcinski.pl\/wp-content\/uploads\/2018\/05\/20180520_194001-768x486.jpg 768w, https:\/\/marekkuchcinski.pl\/wp-content\/uploads\/2018\/05\/20180520_194001-1024x649.jpg 1024w\" sizes=\"(max-width: 2886px) 100vw, 2886px\" \/><\/a><\/p>","protected":false},"excerpt":{"rendered":"<p>Podczas spotkania marsza\u0142ek Sejmu odpowiada\u0142 na pytania dotycz\u0105ce m.in. dr\u00f3g, rolnictwa, melioracji, edukacji, wsparciu os\u00f3b starszych, ochrony zdrowia, rehabilitacji os\u00f3b niepe\u0142nosprawnych, rodziny, ochotniczych stra\u017cy po\u017carnych i gospodarki wodno-\u015bciekowej. W trakcie dyskusji poruszono r\u00f3wnie\u017c temat utworzenia w Jedli\u0144sku szko\u0142y bran\u017cowej I stopnia. W spotkaniu wzi\u0119li udzia\u0142 pos\u0142owie Anna Kwiecie\u0144 i Andrzej Kosztowniak oraz Rados\u0142aw Fogiel \u2013 [&hellip;]<\/p>\n","protected":false},"author":6,"featured_media":9536,"comment_status":"open","ping_status":"open","sticky":false,"template":"","format":"standard","meta":{"ngg_post_thumbnail":0,"footnotes":""},"categories":[82,3],"tags":[],"class_list":["post-9534","post","type-post","status-publish","format-standard","has-post-thumbnail","hentry","category-prawo-i-sprawiedliwosc","category-wydarzenia"],"_links":{"self":[{"href":"https:\/\/marekkuchcinski.pl\/sk\/wp-json\/wp\/v2\/posts\/9534","targetHints":{"allow":["GET"]}}],"collection":[{"href":"https:\/\/marekkuchcinski.pl\/sk\/wp-json\/wp\/v2\/posts"}],"about":[{"href":"https:\/\/marekkuchcinski.pl\/sk\/wp-json\/wp\/v2\/types\/post"}],"author":[{"embeddable":true,"href":"https:\/\/marekkuchcinski.pl\/sk\/wp-json\/wp\/v2\/users\/6"}],"replies":[{"embeddable":true,"href":"https:\/\/marekkuchcinski.pl\/sk\/wp-json\/wp\/v2\/comments?post=9534"}],"version-history":[{"count":5,"href":"https:\/\/marekkuchcinski.pl\/sk\/wp-json\/wp\/v2\/posts\/9534\/revisions"}],"predecessor-version":[{"id":9541,"href":"https:\/\/marekkuchcinski.pl\/sk\/wp-json\/wp\/v2\/posts\/9534\/revisions\/9541"}],"wp:featuredmedia":[{"embeddable":true,"href":"https:\/\/marekkuchcinski.pl\/sk\/wp-json\/wp\/v2\/media\/9536"}],"wp:attachment":[{"href":"https:\/\/marekkuchcinski.pl\/sk\/wp-json\/wp\/v2\/media?parent=9534"}],"wp:term":[{"taxonomy":"category","embeddable":true,"href":"https:\/\/marekkuchcinski.pl\/sk\/wp-json\/wp\/v2\/categories?post=9534"},{"taxonomy":"post_tag","embeddable":true,"href":"https:\/\/marekkuchcinski.pl\/sk\/wp-json\/wp\/v2\/tags?post=9534"}],"curies":[{"name":"wp","href":"https:\/\/api.w.org\/{rel}","templated":true}]}}