{"id":9505,"date":"2018-05-21T11:35:16","date_gmt":"2018-05-21T09:35:16","guid":{"rendered":"https:\/\/marekkuchcinski.pl\/?p=9505"},"modified":"2018-05-21T12:42:47","modified_gmt":"2018-05-21T10:42:47","slug":"koprzywnica-spotkanie-marszalka-sejmu-mieszkancami-ramach-kampanii-polska-jedna","status":"publish","type":"post","link":"https:\/\/marekkuchcinski.pl\/sk\/wydarzenia\/koprzywnica-spotkanie-marszalka-sejmu-mieszkancami-ramach-kampanii-polska-jedna\/","title":{"rendered":"Koprzywnica: stretnutie predsedu Sejmu s obyvate\u013emi v r\u00e1mci kampane \"Po\u013esko je jedno\""},"content":{"rendered":"<p>V r\u00e1mci kampane \"Po\u013esko je jedno\" sa Marek Kuchci\u0144ski stretol s obyvate\u013emi Koprzywnice. Zd\u00f4raznil, \u017ee po\u010das 2,5 roka vl\u00e1dy Pr\u00e1va a spravodlivosti sa \u00faspe\u0161ne zaviedli programy a reformy ohl\u00e1sen\u00e9 v kampani. Pouk\u00e1zal tie\u017e na ned\u00e1vno ohl\u00e1sen\u00fd program premi\u00e9ra Mateusza Morawieck\u00e9ho, predov\u0161etk\u00fdm na n\u00e1vrhy bal\u00edka \"Bezbari\u00e9rovos\u0165 plus\", ktor\u00fd predpoklad\u00e1 vy\u010dlenenie 23 mili\u00e1rd PLN v nasleduj\u00facich rokoch na rie\u0161enia u\u013eah\u010duj\u00face ka\u017edodenn\u00fd \u017eivot zdravotne postihnut\u00fdch a star\u0161\u00edch \u013eud\u00ed alebo rodi\u010dov s mal\u00fdmi de\u0165mi. - Ide o n\u00e1vrhy zameran\u00e9 na spustenie r\u00f4znych opatren\u00ed v miestnej architekt\u00fare, v infra\u0161trukt\u00fare,\" povedal Kuchci\u0144ski.<\/p>\n<p>Sandomierzsk\u00fd regi\u00f3n je jedn\u00fdm z najv\u00e4\u010d\u0161\u00edch producentov a v\u00fdvozcov jab\u013ak v Po\u013esku. Po\u010das stretnutia s predsedom Sejmu obyvatelia po\u017eiadali o podporu st\u00e1ro\u010dnej trad\u00edcie ovocin\u00e1rstva. Hovorilo sa aj o zlep\u0161en\u00ed infra\u0161trukt\u00fary, o vl\u00e1dnom cestnom fonde - 5 mili\u00e1rd PLN, ktor\u00e9 p\u00f4jdu mestsk\u00fdm a okresn\u00fdm samospr\u00e1vam - na opravu a rekon\u0161trukciu ciest.  Obyvatelia mali z\u00e1ujem o v\u00fdstavbu mosta cez Vislu, ktor\u00fd by spojil oblas\u0165 Koprzywnica s Podkarpatsk\u00fdm vojvodstvom. Predseda Sejmu ubezpe\u010dil, \u017ee ak sa preuk\u00e1\u017ee potreba, podpor\u00ed ju.<\/p>\n<p>Medzi ot\u00e1zkami boli aj tie o vojnov\u00fdch repar\u00e1ci\u00e1ch. Predseda parlamentu uviedol, \u017ee Po\u013esko bolo<br \/>\njedinou krajinou, ktor\u00e1 nedostala repar\u00e1cie priamo od Nemcov, ale prostredn\u00edctvom Sovietskeho zv\u00e4zu.  - Nebolo to o\u0161etren\u00e9, bolo to nejak\u00fdm sp\u00f4sobom skryt\u00e9 pred verejnou mienkou a teraz mus\u00edme tieto ot\u00e1zky op\u00e4\u0165 vytiahnu\u0165 na povrch a urobi\u0165 anal\u00fdzu a zhodnoti\u0165, ak\u00e9 n\u00e1klady Po\u013esku vznikli,\" povedal Kuchci\u0144ski.<\/p>\n<p>V odpovedi na ot\u00e1zky o proteste \u013eud\u00ed so zdravotn\u00fdm postihnut\u00edm v Sejme zd\u00f4raznil, \u017ee ide o skupinu \u013eud\u00ed, ktor\u00e1 by mala dost\u00e1va\u0165 hlavn\u00fa podporu od \u0161t\u00e1tu, rovnako ako seniori alebo rodiny s mnoh\u00fdmi de\u0165mi. Dodal, \u017ee vl\u00e1da pracuje na komplexnom syst\u00e9me podpory pre tak\u00fdchto \u013eud\u00ed. Zd\u00f4raznil tie\u017e, \u017ee ide o ve\u013emi \u0165a\u017ek\u00fa a citliv\u00fa ot\u00e1zku, preto\u017ee sa t\u00fdka \u013eud\u00ed, ktor\u00ed by nemali by\u0165 v \u017eiadnom pr\u00edpade zneu\u017e\u00edvan\u00ed na politick\u00fd boj.<br \/>\n- Opoz\u00edcia r\u00f4znymi krokmi sp\u00f4sobila, \u017ee t\u00e1to skupina \u013eud\u00ed, ktor\u00e1 by mala ma\u0165 podporu a starostlivos\u0165 zo strany \u0161t\u00e1tu, je pod\u013ea m\u00f4jho n\u00e1zoru vo ve\u013ekej miere vyu\u017e\u00edvan\u00e1 na politick\u00fd boj. - Tento probl\u00e9m zdravotne postihnut\u00fdch bol niekde skryt\u00fd, rozrieden\u00fd, niekedy presunut\u00fd na miestne samospr\u00e1vy. Peniaze na to i\u0161li v nedostato\u010dnom mno\u017estve, tak\u017ee situ\u00e1cia bola dos\u0165 dramatick\u00e1, mnoh\u00e9 miestne org\u00e1ny nemohli<br \/>\nzvl\u00e1dnu\u0165 \u00fadr\u017ebu zariaden\u00ed poskytuj\u00facich podporu \u013eu\u010fom so zdravotn\u00fdm postihnut\u00edm,\" zd\u00f4raznil Kuchci\u0144ski.<\/p>\n<p><em>Foto: Micha\u0142 Jak\u00f3bczyk<\/em><\/p>\n<p><a href=\"https:\/\/marekkuchcinski.pl\/wp-content\/uploads\/2018\/05\/IMG_9207.jpg\"><img fetchpriority=\"high\" decoding=\"async\" class=\"alignnone size-full wp-image-9506\" src=\"https:\/\/marekkuchcinski.pl\/wp-content\/uploads\/2018\/05\/IMG_9207.jpg\" alt=\"IMG_9207\" width=\"1800\" height=\"1200\" srcset=\"https:\/\/marekkuchcinski.pl\/wp-content\/uploads\/2018\/05\/IMG_9207.jpg 1800w, https:\/\/marekkuchcinski.pl\/wp-content\/uploads\/2018\/05\/IMG_9207-300x200.jpg 300w, https:\/\/marekkuchcinski.pl\/wp-content\/uploads\/2018\/05\/IMG_9207-768x512.jpg 768w, https:\/\/marekkuchcinski.pl\/wp-content\/uploads\/2018\/05\/IMG_9207-1024x683.jpg 1024w\" sizes=\"(max-width: 1800px) 100vw, 1800px\" \/><\/a> <a href=\"https:\/\/marekkuchcinski.pl\/wp-content\/uploads\/2018\/05\/IMG_9333.jpg\"><img decoding=\"async\" class=\"alignnone size-full wp-image-9507\" src=\"https:\/\/marekkuchcinski.pl\/wp-content\/uploads\/2018\/05\/IMG_9333.jpg\" alt=\"IMG_9333\" width=\"1800\" height=\"1200\" srcset=\"https:\/\/marekkuchcinski.pl\/wp-content\/uploads\/2018\/05\/IMG_9333.jpg 1800w, https:\/\/marekkuchcinski.pl\/wp-content\/uploads\/2018\/05\/IMG_9333-300x200.jpg 300w, https:\/\/marekkuchcinski.pl\/wp-content\/uploads\/2018\/05\/IMG_9333-768x512.jpg 768w, https:\/\/marekkuchcinski.pl\/wp-content\/uploads\/2018\/05\/IMG_9333-1024x683.jpg 1024w\" sizes=\"(max-width: 1800px) 100vw, 1800px\" \/><\/a> <a href=\"https:\/\/marekkuchcinski.pl\/wp-content\/uploads\/2018\/05\/IMG_9400.jpg\"><img decoding=\"async\" class=\"alignnone size-full wp-image-9508\" src=\"https:\/\/marekkuchcinski.pl\/wp-content\/uploads\/2018\/05\/IMG_9400.jpg\" alt=\"IMG_9400\" width=\"1800\" height=\"1200\" srcset=\"https:\/\/marekkuchcinski.pl\/wp-content\/uploads\/2018\/05\/IMG_9400.jpg 1800w, https:\/\/marekkuchcinski.pl\/wp-content\/uploads\/2018\/05\/IMG_9400-300x200.jpg 300w, https:\/\/marekkuchcinski.pl\/wp-content\/uploads\/2018\/05\/IMG_9400-768x512.jpg 768w, https:\/\/marekkuchcinski.pl\/wp-content\/uploads\/2018\/05\/IMG_9400-1024x683.jpg 1024w\" sizes=\"(max-width: 1800px) 100vw, 1800px\" \/><\/a> <a href=\"https:\/\/marekkuchcinski.pl\/wp-content\/uploads\/2018\/05\/IMG_9456.jpg\"><img loading=\"lazy\" decoding=\"async\" class=\"alignnone size-full wp-image-9509\" src=\"https:\/\/marekkuchcinski.pl\/wp-content\/uploads\/2018\/05\/IMG_9456.jpg\" alt=\"IMG_9456\" width=\"1800\" height=\"1200\" srcset=\"https:\/\/marekkuchcinski.pl\/wp-content\/uploads\/2018\/05\/IMG_9456.jpg 1800w, https:\/\/marekkuchcinski.pl\/wp-content\/uploads\/2018\/05\/IMG_9456-300x200.jpg 300w, https:\/\/marekkuchcinski.pl\/wp-content\/uploads\/2018\/05\/IMG_9456-768x512.jpg 768w, https:\/\/marekkuchcinski.pl\/wp-content\/uploads\/2018\/05\/IMG_9456-1024x683.jpg 1024w\" sizes=\"(max-width: 1800px) 100vw, 1800px\" \/><\/a>\u00a0Mar\u0161al Kuchci\u0144ski polo\u017eil kvety k popravnej stene v Koprzywnici, kde Nemci popravili \u010dlenov hnutia odporu<a href=\"https:\/\/marekkuchcinski.pl\/wp-content\/uploads\/2018\/05\/IMG_9485.jpg\"><img loading=\"lazy\" decoding=\"async\" class=\"alignnone size-full wp-image-9510\" src=\"https:\/\/marekkuchcinski.pl\/wp-content\/uploads\/2018\/05\/IMG_9485.jpg\" alt=\"IMG_9485\" width=\"1800\" height=\"1200\" srcset=\"https:\/\/marekkuchcinski.pl\/wp-content\/uploads\/2018\/05\/IMG_9485.jpg 1800w, https:\/\/marekkuchcinski.pl\/wp-content\/uploads\/2018\/05\/IMG_9485-300x200.jpg 300w, https:\/\/marekkuchcinski.pl\/wp-content\/uploads\/2018\/05\/IMG_9485-768x512.jpg 768w, https:\/\/marekkuchcinski.pl\/wp-content\/uploads\/2018\/05\/IMG_9485-1024x683.jpg 1024w\" sizes=\"(max-width: 1800px) 100vw, 1800px\" \/><\/a> Marek Kuchci\u0144ski polo\u017eil kvety pred pam\u00e4tn\u00fa tabu\u013eu prezidenta Lecha Kaczy\u0144sk\u00e9ho v Koprzywnici<a href=\"https:\/\/marekkuchcinski.pl\/wp-content\/uploads\/2018\/05\/IMG_9548.jpg\"><img loading=\"lazy\" decoding=\"async\" class=\"alignnone size-full wp-image-9511\" src=\"https:\/\/marekkuchcinski.pl\/wp-content\/uploads\/2018\/05\/IMG_9548.jpg\" alt=\"IMG_9548\" width=\"1800\" height=\"1200\" srcset=\"https:\/\/marekkuchcinski.pl\/wp-content\/uploads\/2018\/05\/IMG_9548.jpg 1800w, https:\/\/marekkuchcinski.pl\/wp-content\/uploads\/2018\/05\/IMG_9548-300x200.jpg 300w, https:\/\/marekkuchcinski.pl\/wp-content\/uploads\/2018\/05\/IMG_9548-768x512.jpg 768w, https:\/\/marekkuchcinski.pl\/wp-content\/uploads\/2018\/05\/IMG_9548-1024x683.jpg 1024w\" sizes=\"(max-width: 1800px) 100vw, 1800px\" \/><\/a> <a href=\"https:\/\/marekkuchcinski.pl\/wp-content\/uploads\/2018\/05\/IMG_9598.jpg\"><img loading=\"lazy\" decoding=\"async\" class=\"alignnone size-full wp-image-9512\" src=\"https:\/\/marekkuchcinski.pl\/wp-content\/uploads\/2018\/05\/IMG_9598.jpg\" alt=\"IMG_9598\" width=\"1800\" height=\"1200\" srcset=\"https:\/\/marekkuchcinski.pl\/wp-content\/uploads\/2018\/05\/IMG_9598.jpg 1800w, https:\/\/marekkuchcinski.pl\/wp-content\/uploads\/2018\/05\/IMG_9598-300x200.jpg 300w, https:\/\/marekkuchcinski.pl\/wp-content\/uploads\/2018\/05\/IMG_9598-768x512.jpg 768w, https:\/\/marekkuchcinski.pl\/wp-content\/uploads\/2018\/05\/IMG_9598-1024x683.jpg 1024w\" sizes=\"(max-width: 1800px) 100vw, 1800px\" \/><\/a><\/p>\n<p>Predseda Sejmu otvoril bielo-\u010derven\u00fd J\u0119drusiho beh organizovan\u00fd pri pr\u00edle\u017eitosti 100. v\u00fdro\u010dia nez\u00e1vislosti.<\/p>\n<div style=\"width: 800px;\" class=\"wp-video\"><video class=\"wp-video-shortcode\" id=\"video-9505-1\" width=\"800\" height=\"450\" preload=\"metadata\" controls=\"controls\"><source type=\"video\/mp4\" src=\"https:\/\/marekkuchcinski.pl\/wp-content\/uploads\/2018\/05\/J\u0119drusie.mp4?_=1\" \/><a href=\"https:\/\/marekkuchcinski.pl\/wp-content\/uploads\/2018\/05\/J\u0119drusie.mp4\">https:\/\/marekkuchcinski.pl\/wp-content\/uploads\/2018\/05\/J\u0119drusie.mp4<\/a><\/video><\/div>","protected":false},"excerpt":{"rendered":"<p>W ramach\u00a0akcji \u201ePolska jest jedna&#8221; Marek Kuchci\u0144ski spotka\u0142 si\u0119 z mieszka\u0144cami Koprzywnicy. Podkre\u015bla\u0142, \u017ce w ci\u0105gu 2,5 lat rz\u0105d\u00f3w Prawa i Sprawiedliwo\u015bci uda\u0142o si\u0119 wprowadzi\u0107 zapowiadane w kampanii programy i reformy. Odni\u00f3s\u0142 si\u0119 tak\u017ce do og\u0142oszonego niedawno programu premiera Mateusza Morawieckiego, przede wszystkim propozycji pakietu \u201eDost\u0119pno\u015b\u0107 plus&#8221;, kt\u00f3ry przewiduje przeznaczenie w najbli\u017cszych latach 23 mld [&hellip;]<\/p>\n","protected":false},"author":6,"featured_media":9513,"comment_status":"open","ping_status":"open","sticky":false,"template":"","format":"standard","meta":{"ngg_post_thumbnail":0,"footnotes":""},"categories":[82,3],"tags":[],"class_list":["post-9505","post","type-post","status-publish","format-standard","has-post-thumbnail","hentry","category-prawo-i-sprawiedliwosc","category-wydarzenia"],"_links":{"self":[{"href":"https:\/\/marekkuchcinski.pl\/sk\/wp-json\/wp\/v2\/posts\/9505","targetHints":{"allow":["GET"]}}],"collection":[{"href":"https:\/\/marekkuchcinski.pl\/sk\/wp-json\/wp\/v2\/posts"}],"about":[{"href":"https:\/\/marekkuchcinski.pl\/sk\/wp-json\/wp\/v2\/types\/post"}],"author":[{"embeddable":true,"href":"https:\/\/marekkuchcinski.pl\/sk\/wp-json\/wp\/v2\/users\/6"}],"replies":[{"embeddable":true,"href":"https:\/\/marekkuchcinski.pl\/sk\/wp-json\/wp\/v2\/comments?post=9505"}],"version-history":[{"count":8,"href":"https:\/\/marekkuchcinski.pl\/sk\/wp-json\/wp\/v2\/posts\/9505\/revisions"}],"predecessor-version":[{"id":9533,"href":"https:\/\/marekkuchcinski.pl\/sk\/wp-json\/wp\/v2\/posts\/9505\/revisions\/9533"}],"wp:featuredmedia":[{"embeddable":true,"href":"https:\/\/marekkuchcinski.pl\/sk\/wp-json\/wp\/v2\/media\/9513"}],"wp:attachment":[{"href":"https:\/\/marekkuchcinski.pl\/sk\/wp-json\/wp\/v2\/media?parent=9505"}],"wp:term":[{"taxonomy":"category","embeddable":true,"href":"https:\/\/marekkuchcinski.pl\/sk\/wp-json\/wp\/v2\/categories?post=9505"},{"taxonomy":"post_tag","embeddable":true,"href":"https:\/\/marekkuchcinski.pl\/sk\/wp-json\/wp\/v2\/tags?post=9505"}],"curies":[{"name":"wp","href":"https:\/\/api.w.org\/{rel}","templated":true}]}}