{"id":9445,"date":"2018-05-07T11:07:34","date_gmt":"2018-05-07T09:07:34","guid":{"rendered":"https:\/\/marekkuchcinski.pl\/?p=9445"},"modified":"2018-05-07T11:18:01","modified_gmt":"2018-05-07T09:18:01","slug":"73-rocznica-bitwy-kurylowka","status":"publish","type":"post","link":"https:\/\/marekkuchcinski.pl\/sk\/wydarzenia\/73-rocznica-bitwy-kurylowka\/","title":{"rendered":"73. v\u00fdro\u010die bitky pri Kury\u0142\u00f3wke"},"content":{"rendered":"<p style=\"text-align: left;\">Medzi 6. a 8. m\u00e1jom 1945 sa odohral boj medzi po\u013esk\u00fdmi podzemn\u00fdmi jednotkami NOW-NZW a jednotkami NKVD. Vojaci Wykl\u0119ccy stratili len 10 mu\u017eov oproti sovietskym strat\u00e1m asi 70 enkavudzistov.<\/p>\n<p style=\"text-align: left;\">Mar\u0161al Sejmu Marek Kuchci\u0144ski v liste \u00fa\u010dastn\u00edkom osl\u00e1v v\u00fdro\u010dia zd\u00f4raznil, \u017ee po\u010das dlh\u00fdch rokov komunizmu bola t\u00e9ma boja proti sovietskym okupantom zak\u00e1zan\u00e1 a stopy po hrdinstve boli \u00fazkostlivo zahladen\u00e9.  Pod\u013ea Mareka Kuchci\u0144sk\u00e9ho sl\u00e1vnosti, ako je odhalenie pam\u00e4tn\u00edka pripom\u00ednaj\u00faceho t\u00fato bitku, sved\u010dia o v\u00ed\u0165azstve pravdy nad l\u017eou, pam\u00e4ti nad pr\u00edkazom ml\u010da\u0165. - U\u017e nie je potrebn\u00e9 pochov\u00e1va\u0165 pravdu hlboko v srdci a ml\u010da\u0165 o zlo\u010dinoch sp\u00e1chan\u00fdch na vojakoch podzemnej arm\u00e1dy a po\u013eskej spolo\u010dnosti,\" nap\u00edsal mar\u0161al Sejmu.<\/p>\n<p style=\"text-align: left;\">Cel\u00fd list:\u00a0<strong><span style=\"color: #33cccc;\"><a style=\"color: #33cccc;\" href=\"https:\/\/marekkuchcinski.pl\/wp-content\/uploads\/2018\/05\/Bitwa-pod-Kury\u0142\u00f3wk\u0105.pdf\">Bitka pri Kury\u0142\u00f3wke<\/a><\/span><\/strong><\/p>\n<h5><em><a href=\"https:\/\/marekkuchcinski.pl\/wp-content\/uploads\/2018\/05\/Kury\u0142\u00f3wka.jpg\"><img fetchpriority=\"high\" decoding=\"async\" class=\"aligncenter wp-image-9446 size-full\" src=\"https:\/\/marekkuchcinski.pl\/wp-content\/uploads\/2018\/05\/Kury\u0142\u00f3wka.jpg\" alt=\"Kury\u0142\u00f3wka\" width=\"532\" height=\"347\" srcset=\"https:\/\/marekkuchcinski.pl\/wp-content\/uploads\/2018\/05\/Kury\u0142\u00f3wka.jpg 532w, https:\/\/marekkuchcinski.pl\/wp-content\/uploads\/2018\/05\/Kury\u0142\u00f3wka-300x196.jpg 300w\" sizes=\"(max-width: 532px) 100vw, 532px\" \/><\/a><\/em><\/h5>\n<h5><em>Velitelia<\/em><strong><em>\u00a0Partiz\u00e1nske jednotky NZW (sprava): kapit\u00e1n J\u00f3zef Zadzierski \"Wo\u0142yniak\", poru\u010d\u00edk Stanis\u0142aw Pelczar \"Majka\", Bronis\u0142aw Gliniak \"Radwan\"<\/em><\/strong><\/h5>","protected":false},"excerpt":{"rendered":"<p>Mi\u0119dzy 6 a 8 maja 1945 roku rozegra\u0142a si\u0119 bitwa mi\u0119dzy oddzia\u0142ami polskiego podziemia NOW-NZW a wojskami NKWD. \u017bo\u0142nierze Wykl\u0119ci stracili tylko 10 ludzi przy sowieckiej stracie wynosz\u0105cej ok. 70 enkawudzist\u00f3w. W li\u015bcie skierowanym\u00a0do uczestnik\u00f3w rocznicowych obchod\u00f3w marsza\u0142ek Sejmu Marek Kuchci\u0144ski podkre\u015bla\u0142, \u017ce przez d\u0142ugie lata komunizmu temat walk z sowieckim naje\u017ad\u017ac\u0105 by\u0142 zakazany, a [&hellip;]<\/p>\n","protected":false},"author":6,"featured_media":9446,"comment_status":"open","ping_status":"open","sticky":false,"template":"","format":"standard","meta":{"ngg_post_thumbnail":0,"footnotes":""},"categories":[49,77,3],"tags":[],"class_list":["post-9445","post","type-post","status-publish","format-standard","has-post-thumbnail","hentry","category-podkarpacie","category-wazne-daty","category-wydarzenia"],"_links":{"self":[{"href":"https:\/\/marekkuchcinski.pl\/sk\/wp-json\/wp\/v2\/posts\/9445","targetHints":{"allow":["GET"]}}],"collection":[{"href":"https:\/\/marekkuchcinski.pl\/sk\/wp-json\/wp\/v2\/posts"}],"about":[{"href":"https:\/\/marekkuchcinski.pl\/sk\/wp-json\/wp\/v2\/types\/post"}],"author":[{"embeddable":true,"href":"https:\/\/marekkuchcinski.pl\/sk\/wp-json\/wp\/v2\/users\/6"}],"replies":[{"embeddable":true,"href":"https:\/\/marekkuchcinski.pl\/sk\/wp-json\/wp\/v2\/comments?post=9445"}],"version-history":[{"count":6,"href":"https:\/\/marekkuchcinski.pl\/sk\/wp-json\/wp\/v2\/posts\/9445\/revisions"}],"predecessor-version":[{"id":9454,"href":"https:\/\/marekkuchcinski.pl\/sk\/wp-json\/wp\/v2\/posts\/9445\/revisions\/9454"}],"wp:featuredmedia":[{"embeddable":true,"href":"https:\/\/marekkuchcinski.pl\/sk\/wp-json\/wp\/v2\/media\/9446"}],"wp:attachment":[{"href":"https:\/\/marekkuchcinski.pl\/sk\/wp-json\/wp\/v2\/media?parent=9445"}],"wp:term":[{"taxonomy":"category","embeddable":true,"href":"https:\/\/marekkuchcinski.pl\/sk\/wp-json\/wp\/v2\/categories?post=9445"},{"taxonomy":"post_tag","embeddable":true,"href":"https:\/\/marekkuchcinski.pl\/sk\/wp-json\/wp\/v2\/tags?post=9445"}],"curies":[{"name":"wp","href":"https:\/\/api.w.org\/{rel}","templated":true}]}}