{"id":9375,"date":"2018-04-30T13:59:09","date_gmt":"2018-04-30T11:59:09","guid":{"rendered":"https:\/\/marekkuchcinski.pl\/?p=9375"},"modified":"2018-04-30T14:12:08","modified_gmt":"2018-04-30T12:12:08","slug":"zgierz-leczyca-wloclawek-spotkanie-marszalka-sejmu-mieszkancami","status":"publish","type":"post","link":"https:\/\/marekkuchcinski.pl\/sk\/wydarzenia\/zgierz-leczyca-wloclawek-spotkanie-marszalka-sejmu-mieszkancami\/","title":{"rendered":"Zgierz, \u0141\u0119czyca, W\u0142oc\u0142awek - stretnutie predsedu Sejmu s obyvate\u013emi"},"content":{"rendered":"<p>Predseda Sejmu sa cez v\u00edkend stretol s obyvate\u013emi obc\u00ed Zgierz, \u0141\u0119czyca a W\u0142oc\u0142awek. Predstavil n\u00e1vrhy programov, t. j. 300 PLN na \u0161tartovacie bal\u00ed\u010dky pre \u017eiakov, zn\u00ed\u017eenie PIT z 15 na 9 %. - na najni\u017e\u0161iu \u00farove\u0148 v Eur\u00f3pe, dostupnos\u0165 v\u0161etk\u00fdch autobusov, \u017eelezni\u010dn\u00fdch stan\u00edc, bytov\u00fdch domov, d\u00f4chodkov\u00e9 zabezpe\u010denie pre \u017eeny s najmenej \u0161tyrmi de\u0165mi, ni\u017e\u0161ie soci\u00e1lne poistenie pre mal\u00e9 podniky, 5 mili\u00e1rd PLN na miestne komunik\u00e1cie, bonus za r\u00fdchle narodenie druh\u00e9ho die\u0165a\u0165a, bezplatn\u00e9 lieky pre tehotn\u00e9 \u017eeny, podpora pre tehotn\u00e9 \u017eeny a \u0161tuduj\u00face mlad\u00e9 matky, bezplatn\u00e9 cestovanie verejnou dopravou pre rodi\u010da s die\u0165a\u0165om v ko\u010d\u00edku.<\/p>\n<p>Predseda Kuchci\u0144ski tie\u017e pripomenul reformy, ktor\u00e9 sa doteraz \u00faspe\u0161ne realizovali, vr\u00e1tane zru\u0161enia povinnej \u0161kolskej doch\u00e1dzky pre \u0161es\u0165ro\u010dn\u00e9 deti a reformy s\u00fadnictva.<\/p>\n<p>Ozn\u00e1mil, \u017ee v m\u00e1ji sa bude Sejm zaobera\u0165 tzv. solid\u00e1rnou da\u0148ou, ktor\u00e1 je ur\u010den\u00e1 na pomoc \u013eu\u010fom v n\u00fadzi.<\/p>\n<p>Obyvatelia zd\u00f4raznili potrebu invest\u00edci\u00ed, nov\u00fdch pracovn\u00fdch miest, revitaliz\u00e1cie, udr\u017eate\u013en\u00e9ho rozvoja Po\u013eska, moderniz\u00e1cie infra\u0161trukt\u00fary, ako aj \u00fapadku hospod\u00e1rskeho \u017eivota, chovu hospod\u00e1rskych zvierat a po\u013enohospod\u00e1rstva. Marek Kuchci\u0144ski upozornil, \u017ee situ\u00e1cia na vidieku je zlo\u017eit\u00e1, ale minister po\u013enohospod\u00e1rstva pripravuje opatrenia na podporu tejto oblasti.<\/p>\n<p>Po\u010das stretnut\u00ed mar\u0161ala sprev\u00e1dzali poslanky\u0148a Joanna Borowiak, poslanec Witold Waszczykowski, poslanec Marek Matuszewski, poslanec \u0141ukasz Zbonikowski, sen\u00e1tor Przemys\u0142aw B\u0142aszczyk a guvern\u00e9r Kujavska a Pomoranska Miko\u0142aj Bogdanowicz.<\/p>\n<p><a href=\"https:\/\/marekkuchcinski.pl\/wp-content\/uploads\/2018\/04\/20180428_122003.jpg\"><img fetchpriority=\"high\" decoding=\"async\" class=\"alignnone size-full wp-image-9376\" src=\"https:\/\/marekkuchcinski.pl\/wp-content\/uploads\/2018\/04\/20180428_122003.jpg\" alt=\"20180428_122003\" width=\"3604\" height=\"2261\" srcset=\"https:\/\/marekkuchcinski.pl\/wp-content\/uploads\/2018\/04\/20180428_122003.jpg 2048w, https:\/\/marekkuchcinski.pl\/wp-content\/uploads\/2018\/04\/20180428_122003-300x188.jpg 300w, https:\/\/marekkuchcinski.pl\/wp-content\/uploads\/2018\/04\/20180428_122003-768x482.jpg 768w, https:\/\/marekkuchcinski.pl\/wp-content\/uploads\/2018\/04\/20180428_122003-1024x642.jpg 1024w\" sizes=\"(max-width: 3604px) 100vw, 3604px\" \/><\/a> <a href=\"https:\/\/marekkuchcinski.pl\/wp-content\/uploads\/2018\/04\/20180428_133755.jpg\"><img decoding=\"async\" class=\"alignnone size-full wp-image-9378\" src=\"https:\/\/marekkuchcinski.pl\/wp-content\/uploads\/2018\/04\/20180428_133755.jpg\" alt=\"20180428_133755\" width=\"4128\" height=\"2322\" srcset=\"https:\/\/marekkuchcinski.pl\/wp-content\/uploads\/2018\/04\/20180428_133755.jpg 2048w, https:\/\/marekkuchcinski.pl\/wp-content\/uploads\/2018\/04\/20180428_133755-300x169.jpg 300w, https:\/\/marekkuchcinski.pl\/wp-content\/uploads\/2018\/04\/20180428_133755-768x432.jpg 768w, https:\/\/marekkuchcinski.pl\/wp-content\/uploads\/2018\/04\/20180428_133755-1024x576.jpg 1024w\" sizes=\"(max-width: 4128px) 100vw, 4128px\" \/><\/a> <a href=\"https:\/\/marekkuchcinski.pl\/wp-content\/uploads\/2018\/04\/20180428_134037.jpg\"><img decoding=\"async\" class=\"alignnone size-full wp-image-9379\" src=\"https:\/\/marekkuchcinski.pl\/wp-content\/uploads\/2018\/04\/20180428_134037.jpg\" alt=\"20180428_134037\" width=\"4128\" height=\"2322\" srcset=\"https:\/\/marekkuchcinski.pl\/wp-content\/uploads\/2018\/04\/20180428_134037.jpg 2048w, https:\/\/marekkuchcinski.pl\/wp-content\/uploads\/2018\/04\/20180428_134037-300x169.jpg 300w, https:\/\/marekkuchcinski.pl\/wp-content\/uploads\/2018\/04\/20180428_134037-768x432.jpg 768w, https:\/\/marekkuchcinski.pl\/wp-content\/uploads\/2018\/04\/20180428_134037-1024x576.jpg 1024w\" sizes=\"(max-width: 4128px) 100vw, 4128px\" \/><\/a> <a href=\"https:\/\/marekkuchcinski.pl\/wp-content\/uploads\/2018\/04\/20180428_143602.jpg\"><img loading=\"lazy\" decoding=\"async\" class=\"alignnone size-full wp-image-9380\" src=\"https:\/\/marekkuchcinski.pl\/wp-content\/uploads\/2018\/04\/20180428_143602.jpg\" alt=\"20180428_143602\" width=\"3512\" height=\"1977\" srcset=\"https:\/\/marekkuchcinski.pl\/wp-content\/uploads\/2018\/04\/20180428_143602.jpg 2048w, https:\/\/marekkuchcinski.pl\/wp-content\/uploads\/2018\/04\/20180428_143602-300x169.jpg 300w, https:\/\/marekkuchcinski.pl\/wp-content\/uploads\/2018\/04\/20180428_143602-768x432.jpg 768w, https:\/\/marekkuchcinski.pl\/wp-content\/uploads\/2018\/04\/20180428_143602-1024x576.jpg 1024w\" sizes=\"(max-width: 3512px) 100vw, 3512px\" \/><\/a> <a href=\"https:\/\/marekkuchcinski.pl\/wp-content\/uploads\/2018\/04\/20180428_161928.jpg\"><img loading=\"lazy\" decoding=\"async\" class=\"alignnone size-full wp-image-9381\" src=\"https:\/\/marekkuchcinski.pl\/wp-content\/uploads\/2018\/04\/20180428_161928.jpg\" alt=\"20180428_161928\" width=\"3515\" height=\"1863\" srcset=\"https:\/\/marekkuchcinski.pl\/wp-content\/uploads\/2018\/04\/20180428_161928.jpg 2048w, https:\/\/marekkuchcinski.pl\/wp-content\/uploads\/2018\/04\/20180428_161928-300x159.jpg 300w, https:\/\/marekkuchcinski.pl\/wp-content\/uploads\/2018\/04\/20180428_161928-768x407.jpg 768w, https:\/\/marekkuchcinski.pl\/wp-content\/uploads\/2018\/04\/20180428_161928-1024x543.jpg 1024w\" sizes=\"(max-width: 3515px) 100vw, 3515px\" \/><\/a> <a href=\"https:\/\/marekkuchcinski.pl\/wp-content\/uploads\/2018\/04\/20180429_120519.jpg\"><img loading=\"lazy\" decoding=\"async\" class=\"alignnone size-full wp-image-9382\" src=\"https:\/\/marekkuchcinski.pl\/wp-content\/uploads\/2018\/04\/20180429_120519.jpg\" alt=\"20180429_120519\" width=\"3399\" height=\"2032\" srcset=\"https:\/\/marekkuchcinski.pl\/wp-content\/uploads\/2018\/04\/20180429_120519.jpg 2048w, https:\/\/marekkuchcinski.pl\/wp-content\/uploads\/2018\/04\/20180429_120519-300x179.jpg 300w, https:\/\/marekkuchcinski.pl\/wp-content\/uploads\/2018\/04\/20180429_120519-768x459.jpg 768w, https:\/\/marekkuchcinski.pl\/wp-content\/uploads\/2018\/04\/20180429_120519-1024x612.jpg 1024w\" sizes=\"(max-width: 3399px) 100vw, 3399px\" \/><\/a><\/p>","protected":false},"excerpt":{"rendered":"<p>Podczas\u00a0weekendu marsza\u0142ek Sejmu spotka\u0142 si\u0119 z mieszka\u0144cami Zgierza, \u0141\u0119czycy i W\u0142oc\u0142awka. Przedstawi\u0142 propozycje programowe, tj. 300 z\u0142 na wyprawk\u0119 dla ucznia, obni\u017cka PIT z 15 do 9 proc. \u2013 do najni\u017cszego poziomu w Europie, dost\u0119pne dla wszystkich autobusy, dworce, bloki mieszkalne, zabezpieczenie emerytalne dla kobiet z co najmniej czworgiem dzieci, ni\u017cszy ZUS dla ma\u0142ych firm, [&hellip;]<\/p>","protected":false},"author":6,"featured_media":9379,"comment_status":"open","ping_status":"open","sticky":false,"template":"","format":"standard","meta":{"ngg_post_thumbnail":0,"footnotes":""},"categories":[82,3],"tags":[],"class_list":["post-9375","post","type-post","status-publish","format-standard","has-post-thumbnail","hentry","category-prawo-i-sprawiedliwosc","category-wydarzenia"],"yoast_head":"<!-- This site is optimized with the Yoast SEO plugin v24.7 - https:\/\/yoast.com\/wordpress\/plugins\/seo\/ -->\n<title>Zgierz, \u0141\u0119czyca, W\u0142oc\u0142awek - spotkanie marsza\u0142ka Sejmu z mieszka\u0144cami &#8211; Marek Kuchci\u0144ski<\/title>\n<meta name=\"robots\" content=\"index, follow, max-snippet:-1, max-image-preview:large, max-video-preview:-1\" \/>\n<link rel=\"canonical\" href=\"https:\/\/marekkuchcinski.pl\/sk\/wydarzenia\/zgierz-leczyca-wloclawek-spotkanie-marszalka-sejmu-mieszkancami\/\" \/>\n<meta property=\"og:locale\" content=\"sk_SK\" \/>\n<meta property=\"og:type\" content=\"article\" \/>\n<meta property=\"og:title\" content=\"Zgierz, \u0141\u0119czyca, W\u0142oc\u0142awek - spotkanie marsza\u0142ka Sejmu z mieszka\u0144cami &#8211; Marek Kuchci\u0144ski\" \/>\n<meta property=\"og:description\" content=\"Podczas\u00a0weekendu marsza\u0142ek Sejmu spotka\u0142 si\u0119 z mieszka\u0144cami Zgierza, \u0141\u0119czycy i W\u0142oc\u0142awka. Przedstawi\u0142 propozycje programowe, tj. 300 z\u0142 na wyprawk\u0119 dla ucznia, obni\u017cka PIT z 15 do 9 proc. \u2013 do najni\u017cszego poziomu w Europie, dost\u0119pne dla wszystkich autobusy, dworce, bloki mieszkalne, zabezpieczenie emerytalne dla kobiet z co najmniej czworgiem dzieci, ni\u017cszy ZUS dla ma\u0142ych firm, [&hellip;]\" \/>\n<meta property=\"og:url\" content=\"https:\/\/marekkuchcinski.pl\/sk\/wydarzenia\/zgierz-leczyca-wloclawek-spotkanie-marszalka-sejmu-mieszkancami\/\" \/>\n<meta property=\"og:site_name\" content=\"Marek Kuchci\u0144ski\" \/>\n<meta property=\"article:published_time\" content=\"2018-04-30T11:59:09+00:00\" \/>\n<meta property=\"article:modified_time\" content=\"2018-04-30T12:12:08+00:00\" \/>\n<meta property=\"og:image\" content=\"https:\/\/marekkuchcinski.pl\/wp-content\/uploads\/2018\/04\/20180428_134037.jpg\" \/>\n\t<meta property=\"og:image:width\" content=\"2048\" \/>\n\t<meta property=\"og:image:height\" content=\"1152\" \/>\n\t<meta property=\"og:image:type\" content=\"image\/jpeg\" \/>\n<meta name=\"author\" content=\"admin\" \/>\n<meta name=\"twitter:card\" content=\"summary_large_image\" \/>\n<meta name=\"twitter:label1\" content=\"Autor\" \/>\n\t<meta name=\"twitter:data1\" content=\"admin\" \/>\n\t<meta name=\"twitter:label2\" content=\"Predpokladan\u00fd \u010das \u010d\u00edtania\" \/>\n\t<meta name=\"twitter:data2\" content=\"1 min\u00fata\" \/>\n<script type=\"application\/ld+json\" class=\"yoast-schema-graph\">{\"@context\":\"https:\/\/schema.org\",\"@graph\":[{\"@type\":\"Article\",\"@id\":\"https:\/\/marekkuchcinski.pl\/uk\/wydarzenia\/zgierz-leczyca-wloclawek-spotkanie-marszalka-sejmu-mieszkancami\/#article\",\"isPartOf\":{\"@id\":\"https:\/\/marekkuchcinski.pl\/uk\/wydarzenia\/zgierz-leczyca-wloclawek-spotkanie-marszalka-sejmu-mieszkancami\/\"},\"author\":{\"name\":\"admin\",\"@id\":\"https:\/\/marekkuchcinski.pl\/#\/schema\/person\/6f62700996b4d950b6ea2d1183b6c6be\"},\"headline\":\"Zgierz, \u0141\u0119czyca, W\u0142oc\u0142awek &#8211; spotkanie marsza\u0142ka Sejmu z mieszka\u0144cami\",\"datePublished\":\"2018-04-30T11:59:09+00:00\",\"dateModified\":\"2018-04-30T12:12:08+00:00\",\"mainEntityOfPage\":{\"@id\":\"https:\/\/marekkuchcinski.pl\/uk\/wydarzenia\/zgierz-leczyca-wloclawek-spotkanie-marszalka-sejmu-mieszkancami\/\"},\"wordCount\":243,\"commentCount\":0,\"publisher\":{\"@id\":\"https:\/\/marekkuchcinski.pl\/#organization\"},\"image\":{\"@id\":\"https:\/\/marekkuchcinski.pl\/uk\/wydarzenia\/zgierz-leczyca-wloclawek-spotkanie-marszalka-sejmu-mieszkancami\/#primaryimage\"},\"thumbnailUrl\":\"https:\/\/marekkuchcinski.pl\/wp-content\/uploads\/2018\/04\/20180428_134037.jpg\",\"articleSection\":[\"Prawo i Sprawiedliwo\u015b\u0107\",\"Wydarzenia\"],\"inLanguage\":\"sk-SK\",\"potentialAction\":[{\"@type\":\"CommentAction\",\"name\":\"Comment\",\"target\":[\"https:\/\/marekkuchcinski.pl\/uk\/wydarzenia\/zgierz-leczyca-wloclawek-spotkanie-marszalka-sejmu-mieszkancami\/#respond\"]}]},{\"@type\":\"WebPage\",\"@id\":\"https:\/\/marekkuchcinski.pl\/uk\/wydarzenia\/zgierz-leczyca-wloclawek-spotkanie-marszalka-sejmu-mieszkancami\/\",\"url\":\"https:\/\/marekkuchcinski.pl\/uk\/wydarzenia\/zgierz-leczyca-wloclawek-spotkanie-marszalka-sejmu-mieszkancami\/\",\"name\":\"Zgierz, \u0141\u0119czyca, W\u0142oc\u0142awek - spotkanie marsza\u0142ka Sejmu z mieszka\u0144cami &#8211; Marek Kuchci\u0144ski\",\"isPartOf\":{\"@id\":\"https:\/\/marekkuchcinski.pl\/#website\"},\"primaryImageOfPage\":{\"@id\":\"https:\/\/marekkuchcinski.pl\/uk\/wydarzenia\/zgierz-leczyca-wloclawek-spotkanie-marszalka-sejmu-mieszkancami\/#primaryimage\"},\"image\":{\"@id\":\"https:\/\/marekkuchcinski.pl\/uk\/wydarzenia\/zgierz-leczyca-wloclawek-spotkanie-marszalka-sejmu-mieszkancami\/#primaryimage\"},\"thumbnailUrl\":\"https:\/\/marekkuchcinski.pl\/wp-content\/uploads\/2018\/04\/20180428_134037.jpg\",\"datePublished\":\"2018-04-30T11:59:09+00:00\",\"dateModified\":\"2018-04-30T12:12:08+00:00\",\"breadcrumb\":{\"@id\":\"https:\/\/marekkuchcinski.pl\/uk\/wydarzenia\/zgierz-leczyca-wloclawek-spotkanie-marszalka-sejmu-mieszkancami\/#breadcrumb\"},\"inLanguage\":\"sk-SK\",\"potentialAction\":[{\"@type\":\"ReadAction\",\"target\":[\"https:\/\/marekkuchcinski.pl\/uk\/wydarzenia\/zgierz-leczyca-wloclawek-spotkanie-marszalka-sejmu-mieszkancami\/\"]}]},{\"@type\":\"ImageObject\",\"inLanguage\":\"sk-SK\",\"@id\":\"https:\/\/marekkuchcinski.pl\/uk\/wydarzenia\/zgierz-leczyca-wloclawek-spotkanie-marszalka-sejmu-mieszkancami\/#primaryimage\",\"url\":\"https:\/\/marekkuchcinski.pl\/wp-content\/uploads\/2018\/04\/20180428_134037.jpg\",\"contentUrl\":\"https:\/\/marekkuchcinski.pl\/wp-content\/uploads\/2018\/04\/20180428_134037.jpg\",\"width\":2048,\"height\":1152},{\"@type\":\"BreadcrumbList\",\"@id\":\"https:\/\/marekkuchcinski.pl\/uk\/wydarzenia\/zgierz-leczyca-wloclawek-spotkanie-marszalka-sejmu-mieszkancami\/#breadcrumb\",\"itemListElement\":[{\"@type\":\"ListItem\",\"position\":1,\"name\":\"Strona g\u0142\u00f3wna\",\"item\":\"https:\/\/marekkuchcinski.pl\/\"},{\"@type\":\"ListItem\",\"position\":2,\"name\":\"Zgierz, \u0141\u0119czyca, W\u0142oc\u0142awek &#8211; spotkanie marsza\u0142ka Sejmu z mieszka\u0144cami\"}]},{\"@type\":\"WebSite\",\"@id\":\"https:\/\/marekkuchcinski.pl\/#website\",\"url\":\"https:\/\/marekkuchcinski.pl\/\",\"name\":\"Marek Kuchci\u0144ski\",\"description\":\"Pose\u0142 na sejm RP &ndash; okr\u0119g nr 22\",\"publisher\":{\"@id\":\"https:\/\/marekkuchcinski.pl\/#organization\"},\"potentialAction\":[{\"@type\":\"SearchAction\",\"target\":{\"@type\":\"EntryPoint\",\"urlTemplate\":\"https:\/\/marekkuchcinski.pl\/?s={search_term_string}\"},\"query-input\":{\"@type\":\"PropertyValueSpecification\",\"valueRequired\":true,\"valueName\":\"search_term_string\"}}],\"inLanguage\":\"sk-SK\"},{\"@type\":\"Organization\",\"@id\":\"https:\/\/marekkuchcinski.pl\/#organization\",\"name\":\"Marek Kuchci\u0144ski\",\"url\":\"https:\/\/marekkuchcinski.pl\/\",\"logo\":{\"@type\":\"ImageObject\",\"inLanguage\":\"sk-SK\",\"@id\":\"https:\/\/marekkuchcinski.pl\/#\/schema\/logo\/image\/\",\"url\":\"https:\/\/marekkuchcinski.pl\/wp-content\/uploads\/2022\/09\/Marek.jpg\",\"contentUrl\":\"https:\/\/marekkuchcinski.pl\/wp-content\/uploads\/2022\/09\/Marek.jpg\",\"width\":1600,\"height\":971,\"caption\":\"Marek Kuchci\u0144ski\"},\"image\":{\"@id\":\"https:\/\/marekkuchcinski.pl\/#\/schema\/logo\/image\/\"}},{\"@type\":\"Person\",\"@id\":\"https:\/\/marekkuchcinski.pl\/#\/schema\/person\/6f62700996b4d950b6ea2d1183b6c6be\",\"name\":\"admin\",\"image\":{\"@type\":\"ImageObject\",\"inLanguage\":\"sk-SK\",\"@id\":\"https:\/\/marekkuchcinski.pl\/#\/schema\/person\/image\/\",\"url\":\"https:\/\/secure.gravatar.com\/avatar\/4bab693b9d55c3d6b52c0296a8765085?s=96&d=mm&r=g\",\"contentUrl\":\"https:\/\/secure.gravatar.com\/avatar\/4bab693b9d55c3d6b52c0296a8765085?s=96&d=mm&r=g\",\"caption\":\"admin\"},\"url\":\"https:\/\/marekkuchcinski.pl\/sk\/author\/marta-olejnik\/\"}]}<\/script>\n<!-- \/ Yoast SEO plugin. -->","yoast_head_json":{"title":"Zgierz, \u0141\u0119czyca, W\u0142oc\u0142awek - spotkanie marsza\u0142ka Sejmu z mieszka\u0144cami &#8211; Marek Kuchci\u0144ski","robots":{"index":"index","follow":"follow","max-snippet":"max-snippet:-1","max-image-preview":"max-image-preview:large","max-video-preview":"max-video-preview:-1"},"canonical":"https:\/\/marekkuchcinski.pl\/sk\/wydarzenia\/zgierz-leczyca-wloclawek-spotkanie-marszalka-sejmu-mieszkancami\/","og_locale":"sk_SK","og_type":"article","og_title":"Zgierz, \u0141\u0119czyca, W\u0142oc\u0142awek - spotkanie marsza\u0142ka Sejmu z mieszka\u0144cami &#8211; Marek Kuchci\u0144ski","og_description":"Podczas\u00a0weekendu marsza\u0142ek Sejmu spotka\u0142 si\u0119 z mieszka\u0144cami Zgierza, \u0141\u0119czycy i W\u0142oc\u0142awka. Przedstawi\u0142 propozycje programowe, tj. 300 z\u0142 na wyprawk\u0119 dla ucznia, obni\u017cka PIT z 15 do 9 proc. \u2013 do najni\u017cszego poziomu w Europie, dost\u0119pne dla wszystkich autobusy, dworce, bloki mieszkalne, zabezpieczenie emerytalne dla kobiet z co najmniej czworgiem dzieci, ni\u017cszy ZUS dla ma\u0142ych firm, [&hellip;]","og_url":"https:\/\/marekkuchcinski.pl\/sk\/wydarzenia\/zgierz-leczyca-wloclawek-spotkanie-marszalka-sejmu-mieszkancami\/","og_site_name":"Marek Kuchci\u0144ski","article_published_time":"2018-04-30T11:59:09+00:00","article_modified_time":"2018-04-30T12:12:08+00:00","og_image":[{"width":2048,"height":1152,"url":"https:\/\/marekkuchcinski.pl\/wp-content\/uploads\/2018\/04\/20180428_134037.jpg","type":"image\/jpeg"}],"author":"admin","twitter_card":"summary_large_image","twitter_misc":{"Autor":"admin","Predpokladan\u00fd \u010das \u010d\u00edtania":"1 min\u00fata"},"schema":{"@context":"https:\/\/schema.org","@graph":[{"@type":"Article","@id":"https:\/\/marekkuchcinski.pl\/uk\/wydarzenia\/zgierz-leczyca-wloclawek-spotkanie-marszalka-sejmu-mieszkancami\/#article","isPartOf":{"@id":"https:\/\/marekkuchcinski.pl\/uk\/wydarzenia\/zgierz-leczyca-wloclawek-spotkanie-marszalka-sejmu-mieszkancami\/"},"author":{"name":"admin","@id":"https:\/\/marekkuchcinski.pl\/#\/schema\/person\/6f62700996b4d950b6ea2d1183b6c6be"},"headline":"Zgierz, \u0141\u0119czyca, W\u0142oc\u0142awek &#8211; spotkanie marsza\u0142ka Sejmu z mieszka\u0144cami","datePublished":"2018-04-30T11:59:09+00:00","dateModified":"2018-04-30T12:12:08+00:00","mainEntityOfPage":{"@id":"https:\/\/marekkuchcinski.pl\/uk\/wydarzenia\/zgierz-leczyca-wloclawek-spotkanie-marszalka-sejmu-mieszkancami\/"},"wordCount":243,"commentCount":0,"publisher":{"@id":"https:\/\/marekkuchcinski.pl\/#organization"},"image":{"@id":"https:\/\/marekkuchcinski.pl\/uk\/wydarzenia\/zgierz-leczyca-wloclawek-spotkanie-marszalka-sejmu-mieszkancami\/#primaryimage"},"thumbnailUrl":"https:\/\/marekkuchcinski.pl\/wp-content\/uploads\/2018\/04\/20180428_134037.jpg","articleSection":["Prawo i Sprawiedliwo\u015b\u0107","Wydarzenia"],"inLanguage":"sk-SK","potentialAction":[{"@type":"CommentAction","name":"Comment","target":["https:\/\/marekkuchcinski.pl\/uk\/wydarzenia\/zgierz-leczyca-wloclawek-spotkanie-marszalka-sejmu-mieszkancami\/#respond"]}]},{"@type":"WebPage","@id":"https:\/\/marekkuchcinski.pl\/uk\/wydarzenia\/zgierz-leczyca-wloclawek-spotkanie-marszalka-sejmu-mieszkancami\/","url":"https:\/\/marekkuchcinski.pl\/uk\/wydarzenia\/zgierz-leczyca-wloclawek-spotkanie-marszalka-sejmu-mieszkancami\/","name":"Zgierz, \u0141\u0119czyca, W\u0142oc\u0142awek - spotkanie marsza\u0142ka Sejmu z mieszka\u0144cami &#8211; Marek Kuchci\u0144ski","isPartOf":{"@id":"https:\/\/marekkuchcinski.pl\/#website"},"primaryImageOfPage":{"@id":"https:\/\/marekkuchcinski.pl\/uk\/wydarzenia\/zgierz-leczyca-wloclawek-spotkanie-marszalka-sejmu-mieszkancami\/#primaryimage"},"image":{"@id":"https:\/\/marekkuchcinski.pl\/uk\/wydarzenia\/zgierz-leczyca-wloclawek-spotkanie-marszalka-sejmu-mieszkancami\/#primaryimage"},"thumbnailUrl":"https:\/\/marekkuchcinski.pl\/wp-content\/uploads\/2018\/04\/20180428_134037.jpg","datePublished":"2018-04-30T11:59:09+00:00","dateModified":"2018-04-30T12:12:08+00:00","breadcrumb":{"@id":"https:\/\/marekkuchcinski.pl\/uk\/wydarzenia\/zgierz-leczyca-wloclawek-spotkanie-marszalka-sejmu-mieszkancami\/#breadcrumb"},"inLanguage":"sk-SK","potentialAction":[{"@type":"ReadAction","target":["https:\/\/marekkuchcinski.pl\/uk\/wydarzenia\/zgierz-leczyca-wloclawek-spotkanie-marszalka-sejmu-mieszkancami\/"]}]},{"@type":"ImageObject","inLanguage":"sk-SK","@id":"https:\/\/marekkuchcinski.pl\/uk\/wydarzenia\/zgierz-leczyca-wloclawek-spotkanie-marszalka-sejmu-mieszkancami\/#primaryimage","url":"https:\/\/marekkuchcinski.pl\/wp-content\/uploads\/2018\/04\/20180428_134037.jpg","contentUrl":"https:\/\/marekkuchcinski.pl\/wp-content\/uploads\/2018\/04\/20180428_134037.jpg","width":2048,"height":1152},{"@type":"BreadcrumbList","@id":"https:\/\/marekkuchcinski.pl\/uk\/wydarzenia\/zgierz-leczyca-wloclawek-spotkanie-marszalka-sejmu-mieszkancami\/#breadcrumb","itemListElement":[{"@type":"ListItem","position":1,"name":"Strona g\u0142\u00f3wna","item":"https:\/\/marekkuchcinski.pl\/"},{"@type":"ListItem","position":2,"name":"Zgierz, \u0141\u0119czyca, W\u0142oc\u0142awek &#8211; spotkanie marsza\u0142ka Sejmu z mieszka\u0144cami"}]},{"@type":"WebSite","@id":"https:\/\/marekkuchcinski.pl\/#website","url":"https:\/\/marekkuchcinski.pl\/","name":"Marek Kuchci\u0144ski","description":"Pose\u0142 na sejm RP &ndash; okr\u0119g nr 22","publisher":{"@id":"https:\/\/marekkuchcinski.pl\/#organization"},"potentialAction":[{"@type":"SearchAction","target":{"@type":"EntryPoint","urlTemplate":"https:\/\/marekkuchcinski.pl\/?s={search_term_string}"},"query-input":{"@type":"PropertyValueSpecification","valueRequired":true,"valueName":"search_term_string"}}],"inLanguage":"sk-SK"},{"@type":"Organization","@id":"https:\/\/marekkuchcinski.pl\/#organization","name":"Marek Kuchci\u0144ski","url":"https:\/\/marekkuchcinski.pl\/","logo":{"@type":"ImageObject","inLanguage":"sk-SK","@id":"https:\/\/marekkuchcinski.pl\/#\/schema\/logo\/image\/","url":"https:\/\/marekkuchcinski.pl\/wp-content\/uploads\/2022\/09\/Marek.jpg","contentUrl":"https:\/\/marekkuchcinski.pl\/wp-content\/uploads\/2022\/09\/Marek.jpg","width":1600,"height":971,"caption":"Marek Kuchci\u0144ski"},"image":{"@id":"https:\/\/marekkuchcinski.pl\/#\/schema\/logo\/image\/"}},{"@type":"Person","@id":"https:\/\/marekkuchcinski.pl\/#\/schema\/person\/6f62700996b4d950b6ea2d1183b6c6be","name":"admin","image":{"@type":"ImageObject","inLanguage":"sk-SK","@id":"https:\/\/marekkuchcinski.pl\/#\/schema\/person\/image\/","url":"https:\/\/secure.gravatar.com\/avatar\/4bab693b9d55c3d6b52c0296a8765085?s=96&d=mm&r=g","contentUrl":"https:\/\/secure.gravatar.com\/avatar\/4bab693b9d55c3d6b52c0296a8765085?s=96&d=mm&r=g","caption":"admin"},"url":"https:\/\/marekkuchcinski.pl\/sk\/author\/marta-olejnik\/"}]}},"_links":{"self":[{"href":"https:\/\/marekkuchcinski.pl\/sk\/wp-json\/wp\/v2\/posts\/9375","targetHints":{"allow":["GET"]}}],"collection":[{"href":"https:\/\/marekkuchcinski.pl\/sk\/wp-json\/wp\/v2\/posts"}],"about":[{"href":"https:\/\/marekkuchcinski.pl\/sk\/wp-json\/wp\/v2\/types\/post"}],"author":[{"embeddable":true,"href":"https:\/\/marekkuchcinski.pl\/sk\/wp-json\/wp\/v2\/users\/6"}],"replies":[{"embeddable":true,"href":"https:\/\/marekkuchcinski.pl\/sk\/wp-json\/wp\/v2\/comments?post=9375"}],"version-history":[{"count":10,"href":"https:\/\/marekkuchcinski.pl\/sk\/wp-json\/wp\/v2\/posts\/9375\/revisions"}],"predecessor-version":[{"id":9392,"href":"https:\/\/marekkuchcinski.pl\/sk\/wp-json\/wp\/v2\/posts\/9375\/revisions\/9392"}],"wp:featuredmedia":[{"embeddable":true,"href":"https:\/\/marekkuchcinski.pl\/sk\/wp-json\/wp\/v2\/media\/9379"}],"wp:attachment":[{"href":"https:\/\/marekkuchcinski.pl\/sk\/wp-json\/wp\/v2\/media?parent=9375"}],"wp:term":[{"taxonomy":"category","embeddable":true,"href":"https:\/\/marekkuchcinski.pl\/sk\/wp-json\/wp\/v2\/categories?post=9375"},{"taxonomy":"post_tag","embeddable":true,"href":"https:\/\/marekkuchcinski.pl\/sk\/wp-json\/wp\/v2\/tags?post=9375"}],"curies":[{"name":"wp","href":"https:\/\/api.w.org\/{rel}","templated":true}]}}