{"id":9358,"date":"2018-04-28T12:33:54","date_gmt":"2018-04-28T10:33:54","guid":{"rendered":"https:\/\/marekkuchcinski.pl\/?p=9358"},"modified":"2018-04-28T12:35:46","modified_gmt":"2018-04-28T10:35:46","slug":"kuchcinski-dzieki-sejmowi-bylismy-jestesmy-ludzmi-wolnymi-ktorzy-ksztaltuja-swoj-polityczny-los","status":"publish","type":"post","link":"https:\/\/marekkuchcinski.pl\/sk\/wydarzenia\/kuchcinski-dzieki-sejmowi-bylismy-jestesmy-ludzmi-wolnymi-ktorzy-ksztaltuja-swoj-polityczny-los\/","title":{"rendered":"Kuchci\u0144ski: V\u010faka Sejmu sme boli a sme slobodn\u00fdmi \u013eu\u010fmi, ktor\u00ed si sami ur\u010duj\u00fa svoj politick\u00fd osud"},"content":{"rendered":"<p><strong>Pri pr\u00edle\u017eitosti nadch\u00e1dzaj\u00faceho 550. v\u00fdro\u010dia parlamentarizmu sa na Kr\u00e1\u013eovskom z\u00e1mku vo Var\u0161ave konala prv\u00e1 medzin\u00e1rodn\u00e1 konferencia za \u00fa\u010dasti predsedu Sejmu.<\/strong><\/p>\n<p>- V\u0161etci vieme, \u017ee po\u013esk\u00fd Sejm a po\u013esk\u00fd parlamentarizmus patria k najstar\u0161\u00edm na svete. Najnov\u0161\u00ed v\u00fdskum nazna\u010duje, \u017ee za najvhodnej\u0161\u00ed d\u00e1tum by sa mal pova\u017eova\u0165 rok 1468, ktor\u00fd je z\u00e1kladom dne\u0161nej konferencie.  A nemus\u00ed to by\u0165 kone\u010dn\u00fd d\u00e1tum,\" povedal predseda Sejmu, ke\u010f otv\u00e1ral konferenciu.<\/p>\n<p>Zd\u00f4raznil, \u017ee organiz\u00e1tori chc\u00fa zd\u00f4razni\u0165 v\u00fdznam st\u00e1ro\u010dnej trad\u00edcie tejto z\u00e1kladnej in\u0161tit\u00facie po\u013esk\u00e9ho politick\u00e9ho \u017eivota, parlamentu.<\/p>\n<p>- Ide n\u00e1m o uznanie jej \u00falohy a vplyvu na politick\u00e9 vedomie Poliakov a \u010fal\u0161\u00edch n\u00e1rodov v na\u0161ej \u010dasti Eur\u00f3py, ktor\u00e9 sa stovky rokov podie\u013eali na budovan\u00ed spolo\u010dnej republiky. Podstatou tohto politick\u00e9ho vedomia je presved\u010denie, \u017ee sme boli a sme slobodn\u00ed \u013eudia, ktor\u00ed sami ur\u010duj\u00fa svoj politick\u00fd osud,\" tvrd\u00ed Kuchci\u0144ski. Zd\u00f4raznil, \u017ee Spolo\u010denstvo n\u00e1rodov na rozdiel od mnoh\u00fdch in\u00fdch kraj\u00edn z\u00e1padnej Eur\u00f3py nikdy neza\u017eilo a neuznalo absol\u00fatnu moc a \u017ee ako hostitelia vo vlastnom dome sme sa s\u00fadili, s\u00fadime a budeme s\u00fadi\u0165 sami.<\/p>\n<p>\u00da\u010dastn\u00edci okrem in\u00e9ho diskutovali o p\u00f4vode parlamentn\u00e9ho syst\u00e9mu (od zhroma\u017edenia panovn\u00edka a duchovnej elity k trom stavom Sejmu: kr\u00e1\u013e, sen\u00e1tori a poslanci), o parlamentarizme ako faktore integr\u00e1cie republiky, o politickej kult\u00fare \u0161\u013eachty a o \u00faspechoch staropo\u013esk\u00e9ho Sejmu.<\/p>\n<p>Pr\u00edtomn\u00ed boli podpredsedovia Sejmu Beata Mazurek a Ryszard Terlecki. Medzi predn\u00e1\u0161aj\u00facimi boli Prof. Andrzej Nowak, PhD. (Miesto parlamentarizmu a ob\u010dianstva v po\u013eskej vlasteneckej trad\u00edcii), Prof. Wojciech Fa\u0142kowski, PhD. (Proces formovania Gener\u00e1lneho Sejmu), Prof. Wac\u0142aw Uruszczak, Ph. Wac\u0142aw Uruszczak (Prv\u00fd \"dvojkomorov\u00fd\" gener\u00e1lny snem v Piotrkowe od 9. do 31. okt\u00f3bra 1468), Prof. D\u00e1niel Bagi z Univerzity v P\u00e9csi (Anjelsk\u00e9 obdobie a po\u010diatky parlamentarizmu v Uhorskom kr\u00e1\u013eovstve), Prof. Dariusz Maki\u0142\u0142a, Ph. UKSW (Vznik celo\u0161t\u00e1tnych zhroma\u017eden\u00ed a \u0161t\u00e1tnych reprezent\u00e1ci\u00ed v Eur\u00f3pe v 13.-15. storo\u010d\u00ed).<\/p>\n<p><em>Foto: Krzysztof Bia\u0142osk\u00f3rski\/ Sejm<\/em><\/p>\n<p><a href=\"https:\/\/marekkuchcinski.pl\/wp-content\/uploads\/2018\/04\/KKB_0378.jpg\"><img fetchpriority=\"high\" decoding=\"async\" class=\"alignnone size-full wp-image-9362\" src=\"https:\/\/marekkuchcinski.pl\/wp-content\/uploads\/2018\/04\/KKB_0378.jpg\" alt=\"KKB_0378\" width=\"2880\" height=\"1920\" srcset=\"https:\/\/marekkuchcinski.pl\/wp-content\/uploads\/2018\/04\/KKB_0378.jpg 2048w, https:\/\/marekkuchcinski.pl\/wp-content\/uploads\/2018\/04\/KKB_0378-300x200.jpg 300w, https:\/\/marekkuchcinski.pl\/wp-content\/uploads\/2018\/04\/KKB_0378-768x512.jpg 768w, https:\/\/marekkuchcinski.pl\/wp-content\/uploads\/2018\/04\/KKB_0378-1024x683.jpg 1024w\" sizes=\"(max-width: 2880px) 100vw, 2880px\" \/><\/a><a href=\"https:\/\/marekkuchcinski.pl\/wp-content\/uploads\/2018\/04\/KKB_0237.jpg\"><img decoding=\"async\" class=\"alignnone size-full wp-image-9359\" src=\"https:\/\/marekkuchcinski.pl\/wp-content\/uploads\/2018\/04\/KKB_0237.jpg\" alt=\"KKB_0237\" width=\"2880\" height=\"1920\" srcset=\"https:\/\/marekkuchcinski.pl\/wp-content\/uploads\/2018\/04\/KKB_0237.jpg 2048w, https:\/\/marekkuchcinski.pl\/wp-content\/uploads\/2018\/04\/KKB_0237-300x200.jpg 300w, https:\/\/marekkuchcinski.pl\/wp-content\/uploads\/2018\/04\/KKB_0237-768x512.jpg 768w, https:\/\/marekkuchcinski.pl\/wp-content\/uploads\/2018\/04\/KKB_0237-1024x683.jpg 1024w\" sizes=\"(max-width: 2880px) 100vw, 2880px\" \/><\/a> <a href=\"https:\/\/marekkuchcinski.pl\/wp-content\/uploads\/2018\/04\/KKB_0295.jpg\"><img decoding=\"async\" class=\"alignnone size-full wp-image-9360\" src=\"https:\/\/marekkuchcinski.pl\/wp-content\/uploads\/2018\/04\/KKB_0295.jpg\" alt=\"KKB_0295\" width=\"2880\" height=\"1920\" srcset=\"https:\/\/marekkuchcinski.pl\/wp-content\/uploads\/2018\/04\/KKB_0295.jpg 2048w, https:\/\/marekkuchcinski.pl\/wp-content\/uploads\/2018\/04\/KKB_0295-300x200.jpg 300w, https:\/\/marekkuchcinski.pl\/wp-content\/uploads\/2018\/04\/KKB_0295-768x512.jpg 768w, https:\/\/marekkuchcinski.pl\/wp-content\/uploads\/2018\/04\/KKB_0295-1024x683.jpg 1024w\" sizes=\"(max-width: 2880px) 100vw, 2880px\" \/><\/a> <a href=\"https:\/\/marekkuchcinski.pl\/wp-content\/uploads\/2018\/04\/KKB_0447.jpg\"><img loading=\"lazy\" decoding=\"async\" class=\"alignnone size-full wp-image-9363\" src=\"https:\/\/marekkuchcinski.pl\/wp-content\/uploads\/2018\/04\/KKB_0447.jpg\" alt=\"KKB_0447\" width=\"2880\" height=\"1920\" srcset=\"https:\/\/marekkuchcinski.pl\/wp-content\/uploads\/2018\/04\/KKB_0447.jpg 2048w, https:\/\/marekkuchcinski.pl\/wp-content\/uploads\/2018\/04\/KKB_0447-300x200.jpg 300w, https:\/\/marekkuchcinski.pl\/wp-content\/uploads\/2018\/04\/KKB_0447-768x512.jpg 768w, https:\/\/marekkuchcinski.pl\/wp-content\/uploads\/2018\/04\/KKB_0447-1024x683.jpg 1024w\" sizes=\"(max-width: 2880px) 100vw, 2880px\" \/><\/a> <a href=\"https:\/\/marekkuchcinski.pl\/wp-content\/uploads\/2018\/04\/KKB_0531.jpg\"><img loading=\"lazy\" decoding=\"async\" class=\"alignnone size-full wp-image-9364\" src=\"https:\/\/marekkuchcinski.pl\/wp-content\/uploads\/2018\/04\/KKB_0531.jpg\" alt=\"KKB_0531\" width=\"2880\" height=\"1920\" srcset=\"https:\/\/marekkuchcinski.pl\/wp-content\/uploads\/2018\/04\/KKB_0531.jpg 2048w, https:\/\/marekkuchcinski.pl\/wp-content\/uploads\/2018\/04\/KKB_0531-300x200.jpg 300w, https:\/\/marekkuchcinski.pl\/wp-content\/uploads\/2018\/04\/KKB_0531-768x512.jpg 768w, https:\/\/marekkuchcinski.pl\/wp-content\/uploads\/2018\/04\/KKB_0531-1024x683.jpg 1024w\" sizes=\"(max-width: 2880px) 100vw, 2880px\" \/><\/a> <a href=\"https:\/\/marekkuchcinski.pl\/wp-content\/uploads\/2018\/04\/KKB_0639.jpg\"><img loading=\"lazy\" decoding=\"async\" class=\"alignnone size-full wp-image-9365\" src=\"https:\/\/marekkuchcinski.pl\/wp-content\/uploads\/2018\/04\/KKB_0639.jpg\" alt=\"KKB_0639\" width=\"2880\" height=\"1920\" srcset=\"https:\/\/marekkuchcinski.pl\/wp-content\/uploads\/2018\/04\/KKB_0639.jpg 2048w, https:\/\/marekkuchcinski.pl\/wp-content\/uploads\/2018\/04\/KKB_0639-300x200.jpg 300w, https:\/\/marekkuchcinski.pl\/wp-content\/uploads\/2018\/04\/KKB_0639-768x512.jpg 768w, https:\/\/marekkuchcinski.pl\/wp-content\/uploads\/2018\/04\/KKB_0639-1024x683.jpg 1024w\" sizes=\"(max-width: 2880px) 100vw, 2880px\" \/><\/a> <a href=\"https:\/\/marekkuchcinski.pl\/wp-content\/uploads\/2018\/04\/KKB_0821.jpg\"><img loading=\"lazy\" decoding=\"async\" class=\"alignnone size-full wp-image-9366\" src=\"https:\/\/marekkuchcinski.pl\/wp-content\/uploads\/2018\/04\/KKB_0821.jpg\" alt=\"KKB_0821\" width=\"2880\" height=\"1920\" srcset=\"https:\/\/marekkuchcinski.pl\/wp-content\/uploads\/2018\/04\/KKB_0821.jpg 2048w, https:\/\/marekkuchcinski.pl\/wp-content\/uploads\/2018\/04\/KKB_0821-300x200.jpg 300w, https:\/\/marekkuchcinski.pl\/wp-content\/uploads\/2018\/04\/KKB_0821-768x512.jpg 768w, https:\/\/marekkuchcinski.pl\/wp-content\/uploads\/2018\/04\/KKB_0821-1024x683.jpg 1024w\" sizes=\"(max-width: 2880px) 100vw, 2880px\" \/><\/a> <a href=\"https:\/\/marekkuchcinski.pl\/wp-content\/uploads\/2018\/04\/KKB_1374.jpg\"><img loading=\"lazy\" decoding=\"async\" class=\"alignnone size-full wp-image-9367\" src=\"https:\/\/marekkuchcinski.pl\/wp-content\/uploads\/2018\/04\/KKB_1374.jpg\" alt=\"KKB_1374\" width=\"2880\" height=\"1920\" srcset=\"https:\/\/marekkuchcinski.pl\/wp-content\/uploads\/2018\/04\/KKB_1374.jpg 2048w, https:\/\/marekkuchcinski.pl\/wp-content\/uploads\/2018\/04\/KKB_1374-300x200.jpg 300w, https:\/\/marekkuchcinski.pl\/wp-content\/uploads\/2018\/04\/KKB_1374-768x512.jpg 768w, https:\/\/marekkuchcinski.pl\/wp-content\/uploads\/2018\/04\/KKB_1374-1024x683.jpg 1024w\" sizes=\"(max-width: 2880px) 100vw, 2880px\" \/><\/a> <a href=\"https:\/\/marekkuchcinski.pl\/wp-content\/uploads\/2018\/04\/KKB_1421.jpg\"><img loading=\"lazy\" decoding=\"async\" class=\"alignnone size-full wp-image-9368\" src=\"https:\/\/marekkuchcinski.pl\/wp-content\/uploads\/2018\/04\/KKB_1421.jpg\" alt=\"KKB_1421\" width=\"2880\" height=\"1920\" srcset=\"https:\/\/marekkuchcinski.pl\/wp-content\/uploads\/2018\/04\/KKB_1421.jpg 2048w, https:\/\/marekkuchcinski.pl\/wp-content\/uploads\/2018\/04\/KKB_1421-300x200.jpg 300w, https:\/\/marekkuchcinski.pl\/wp-content\/uploads\/2018\/04\/KKB_1421-768x512.jpg 768w, https:\/\/marekkuchcinski.pl\/wp-content\/uploads\/2018\/04\/KKB_1421-1024x683.jpg 1024w\" sizes=\"(max-width: 2880px) 100vw, 2880px\" \/><\/a> <a href=\"https:\/\/marekkuchcinski.pl\/wp-content\/uploads\/2018\/04\/KKB_1458.jpg\"><img loading=\"lazy\" decoding=\"async\" class=\"alignnone size-full wp-image-9369\" src=\"https:\/\/marekkuchcinski.pl\/wp-content\/uploads\/2018\/04\/KKB_1458.jpg\" alt=\"KKB_1458\" width=\"2880\" height=\"1920\" srcset=\"https:\/\/marekkuchcinski.pl\/wp-content\/uploads\/2018\/04\/KKB_1458.jpg 2048w, https:\/\/marekkuchcinski.pl\/wp-content\/uploads\/2018\/04\/KKB_1458-300x200.jpg 300w, https:\/\/marekkuchcinski.pl\/wp-content\/uploads\/2018\/04\/KKB_1458-768x512.jpg 768w, https:\/\/marekkuchcinski.pl\/wp-content\/uploads\/2018\/04\/KKB_1458-1024x683.jpg 1024w\" sizes=\"(max-width: 2880px) 100vw, 2880px\" \/><\/a><\/p>","protected":false},"excerpt":{"rendered":"<p>Z okazji zbli\u017caj\u0105cego si\u0119 jubileuszu 550-lecia parlamentaryzmu na Zamku Kr\u00f3lewskim w Warszawie odby\u0142a si\u0119 pierwsza mi\u0119dzynarodowa konferencja z udzia\u0142em marsza\u0142ka Sejmu. &#8212; Wszyscy mamy \u015bwiadomo\u015b\u0107, \u017ce polski Sejm i polski parlamentaryzm nale\u017cy do najstarszych na \u015bwiecie. Ostatnie badania wskazuj\u0105, \u017ce za dat\u0119 najw\u0142a\u015bciwsz\u0105 nale\u017cy uzna\u0107 rok 1468, co stanowi podstaw\u0119 dla dzisiejszej konferencji. \u00a0A by\u0107 [&hellip;]<\/p>\n","protected":false},"author":6,"featured_media":9362,"comment_status":"open","ping_status":"open","sticky":false,"template":"","format":"standard","meta":{"ngg_post_thumbnail":0,"footnotes":""},"categories":[81,50,3],"tags":[],"class_list":["post-9358","post","type-post","status-publish","format-standard","has-post-thumbnail","hentry","category-wiesci-z-sejmu","category-wspolpraca-miedzynarodowa","category-wydarzenia"],"_links":{"self":[{"href":"https:\/\/marekkuchcinski.pl\/sk\/wp-json\/wp\/v2\/posts\/9358","targetHints":{"allow":["GET"]}}],"collection":[{"href":"https:\/\/marekkuchcinski.pl\/sk\/wp-json\/wp\/v2\/posts"}],"about":[{"href":"https:\/\/marekkuchcinski.pl\/sk\/wp-json\/wp\/v2\/types\/post"}],"author":[{"embeddable":true,"href":"https:\/\/marekkuchcinski.pl\/sk\/wp-json\/wp\/v2\/users\/6"}],"replies":[{"embeddable":true,"href":"https:\/\/marekkuchcinski.pl\/sk\/wp-json\/wp\/v2\/comments?post=9358"}],"version-history":[{"count":5,"href":"https:\/\/marekkuchcinski.pl\/sk\/wp-json\/wp\/v2\/posts\/9358\/revisions"}],"predecessor-version":[{"id":9374,"href":"https:\/\/marekkuchcinski.pl\/sk\/wp-json\/wp\/v2\/posts\/9358\/revisions\/9374"}],"wp:featuredmedia":[{"embeddable":true,"href":"https:\/\/marekkuchcinski.pl\/sk\/wp-json\/wp\/v2\/media\/9362"}],"wp:attachment":[{"href":"https:\/\/marekkuchcinski.pl\/sk\/wp-json\/wp\/v2\/media?parent=9358"}],"wp:term":[{"taxonomy":"category","embeddable":true,"href":"https:\/\/marekkuchcinski.pl\/sk\/wp-json\/wp\/v2\/categories?post=9358"},{"taxonomy":"post_tag","embeddable":true,"href":"https:\/\/marekkuchcinski.pl\/sk\/wp-json\/wp\/v2\/tags?post=9358"}],"curies":[{"name":"wp","href":"https:\/\/api.w.org\/{rel}","templated":true}]}}