{"id":93,"date":"2011-09-19T14:10:48","date_gmt":"2011-09-19T12:10:48","guid":{"rendered":"https:\/\/marekkuchcinski.pl\/?p=93"},"modified":"2016-08-25T17:06:17","modified_gmt":"2016-08-25T15:06:17","slug":"komu-sluza-nowe-okregi-do-senatu-polecamy-artykul-na-ten-temat","status":"publish","type":"post","link":"https:\/\/marekkuchcinski.pl\/sk\/wydarzenia\/komu-sluza-nowe-okregi-do-senatu-polecamy-artykul-na-ten-temat\/","title":{"rendered":"Komu sl\u00fa\u017eia nov\u00e9 obvody Sen\u00e1tu? Odpor\u00fa\u010dame \u010dl\u00e1nok na t\u00fato t\u00e9mu"},"content":{"rendered":"<p style=\"text-align: center;\"><strong>\"Gerrymandering na Podkarpatsku\" <\/strong><\/p>\n<p style=\"text-align: justify;\">&nbsp;<\/p>\n<p style=\"text-align: justify;\"><span style=\"color: rgb(0, 0, 128);\"><strong>V nadch\u00e1dzaj\u00facich vo\u013eb\u00e1ch do Sen\u00e1tu budeme voli\u0165 v obvodoch, v ktor\u00fdch sa bude bojova\u0165 o jedno sen\u00e1torsk\u00e9 kreslo. Okrsok Przemy\u015bl-Krosno, v ktorom sme v predch\u00e1dzaj\u00facich vo\u013eb\u00e1ch mohli voli\u0165 dvoch kandid\u00e1tov, bol rozdelen\u00fd na dva men\u0161ie okrsky - 58 (Przemy\u015bl) a 57 (Krosno). S\u00fa tieto zmeny pre n\u00e1s ako voli\u010dov prospe\u0161n\u00e9? Pod\u013ea nov\u00fdch pravidiel bola krajina rozdelen\u00e1 na 100 nov\u00fdch volebn\u00fdch obvodov.<\/strong><\/span><\/p>\n<p style=\"text-align: justify;\">&nbsp;<\/p>\n<p style=\"text-align: justify;\">V\u00ed\u0165azn\u00e9 sen\u00e1torsk\u00e9 kreslo z\u00edska kandid\u00e1t, ktor\u00fd z\u00edska jednoduch\u00fa v\u00e4\u010d\u0161inu hlasov. Tento volebn\u00fd syst\u00e9m presadila koal\u00edcia PO-PSL pod heslom zlep\u0161enia demokracie a zv\u00fd\u0161enia \u00falohy ob\u010danov v parlamentn\u00fdch vo\u013eb\u00e1ch.<\/p>\n<p style=\"text-align: justify;\">Nov\u00e9 jednomand\u00e1tov\u00e9 volebn\u00e9 obvody pre Sen\u00e1t:<\/p>\n<p style=\"text-align: justify;\">&nbsp;<\/p>\n<p style=\"text-align: justify;\"><img fetchpriority=\"high\" decoding=\"async\" class=\"alignleft size-full wp-image-92\" alt=\"\" src=\"https:\/\/marekkuchcinski.pl\/wp-content\/uploads\/2011\/09\/mapa%20okregow.jpg\" style=\"height: 146px; width: 150px; float: left;\" width=\"557\" height=\"543\" \/><\/p>\n<p style=\"text-align: justify;\">&nbsp;<\/p>\n<p style=\"text-align: justify;\">&nbsp;<\/p>\n<p style=\"text-align: justify;\">&nbsp;<\/p>\n<p style=\"text-align: justify;\">&nbsp;<\/p>\n<p style=\"text-align: justify;\">&nbsp;<\/p>\n<p style=\"text-align: justify;\">&nbsp;<\/p>\n<p style=\"text-align: justify;\">&nbsp;<\/p>\n<p style=\"text-align: justify;\">&nbsp;<\/p>\n<p style=\"text-align: justify;\">&nbsp;<\/p>\n<p style=\"text-align: justify;\"><span style=\"color: rgb(0, 0, 128);\"><strong>Okres 57<\/strong><\/span> <span style=\"color: rgb(255, 0, 0);\"><strong>Okres 58 <\/strong><\/span><\/p>\n<p style=\"text-align: justify;\">&nbsp;<\/p>\n<p style=\"text-align: justify;\">My\u0161lienka bola vlo\u017een\u00e1 do atrakt\u00edvneho obalu, ale stoj\u00ed za to upozorni\u0165 na to, \u010do sa nehovor\u00ed nahlas. Ide o sp\u00f4sob rozdelenia existuj\u00faceho volebn\u00e9ho obvodu Przemy\u015bl-Krosno.<\/p>\n<p style=\"text-align: justify;\">&nbsp;<\/p>\n<p style=\"text-align: justify;\"><span style=\"color: rgb(0, 0, 128);\"><strong>Pojem gerrymandering ozna\u010duje manipul\u00e1ciu s ve\u013ekos\u0165ou a tvarom volebn\u00fdch obvodov s cie\u013eom dosiahnu\u0165 pre seba priazniv\u00fd volebn\u00fd v\u00fdsledok. <\/strong><\/span>Ako pr\u00edklad \"gerrymanderingu\" m\u00f4\u017eu sl\u00fa\u017ei\u0165 zmeny volebn\u00e9ho z\u00e1kona pod z\u00e1stavou jednomand\u00e1tov\u00fdch volebn\u00fdch obvodov do Sen\u00e1tu. Samotn\u00fd n\u00e1zov \"gerrymandering\" poch\u00e1dza zo Spojen\u00fdch \u0161t\u00e1tov americk\u00fdch. Pojem vznikol spojen\u00edm dvoch slov: mena americk\u00e9ho politika Elbridgea Gerryho a salamandra. Elbridge Gerry bol guvern\u00e9r \u0161t\u00e1tu Massachusetts v 19. storo\u010d\u00ed, ktor\u00fd na volebnej mape vy\u010dlenil obvod tak, aby dosiahol maxim\u00e1lny volebn\u00fd zisk (s\u00fastreden\u00edm svojich priaznivcov v novom obvode). Nov\u00fd obvod pripom\u00ednal svoj\u00edm tvarom salamandra, preto sa tento typ praxe za\u010dal naz\u00fdva\u0165 \"gerrymandering\".<\/p>\n<p> <!--more--> <\/p>\n<p style=\"text-align: justify;\"><span style=\"color: rgb(0, 0, 128);\"><strong>V predch\u00e1dzaj\u00facich vo\u013eb\u00e1ch z\u00edskali mand\u00e1ty za PiS Andrzej Mazurkiewicz a Stanis\u0142aw Piotrowicz, ktor\u00ed s preh\u013eadom porazili kandid\u00e1tov z in\u00fdch volebn\u00fdch v\u00fdborov. Ako by vyzerali tieto vo\u013eby, keby sa konali v dne\u0161n\u00fdch nov\u00fdch volebn\u00fdch obvodoch? <\/strong><\/span>Vo volebnom obvode \u010d. 57 (okres Krosno, mesto Krosno, okresy Jasielsk a Brzozowski) s\u00fa s\u00fastreden\u00e9 tie okresy, v ktor\u00fdch dominuje PiS, tak\u017ee mo\u017eno poveda\u0165, \u017ee v\u00ed\u0165azstvo kandid\u00e1ta kandiduj\u00faceho v mene tejto strany je ist\u00e9. Ned\u00e1vno vytvoren\u00fd volebn\u00fd obvod \u010d. 58 zasa pripom\u00edna korunovan\u00e9ho princa. Ak by existoval v roku 2007, sen\u00e1tor Stanis\u0142aw Piotrowicz (PiS), ktor\u00fd zv\u00ed\u0165azil nad Maciejom Lewick\u00fdm, by v novom volebnom obvode \u010d. 58 prehral rozdielom viac ako 6 000 hlasov. Umo\u017enilo to doplnenie volebn\u00e9ho obvodu o okresy Sanok, Lesko a Bieszczady, v ktor\u00fdch PO dosahuje dobr\u00e9 v\u00fdsledky.<\/p>\n<p style=\"text-align: justify;\">&nbsp;<\/p>\n<p style=\"text-align: justify;\">M\u00e1 sa Maciej Lewicki, ktor\u00fd kandiduje v mene Ob\u010dianskej platformy a ktor\u00e9mu sen\u00e1tor Piotrowicz nedal v predch\u00e1dzaj\u00facich vo\u013eb\u00e1ch \u0161ancu, sta\u0165 \"knie\u017ea\u0165om\" v novom volebnom obvode? V predve\u010der nadch\u00e1dzaj\u00facich parlamentn\u00fdch volieb by sme si mali polo\u017ei\u0165 \u010fal\u0161ie dve ot\u00e1zky: Zav\u00e1dzaj\u00fa tak\u00e9to zmeny t\u00ed, ktor\u00ed s\u00fa pri moci, s cie\u013eom zv\u00fd\u0161i\u0165 kvalitu demokracie v Po\u013esku? Nemal by sa v z\u00e1ujme demokracie v Po\u013esku zavies\u0165 z\u00e1kon zakazuj\u00faci neust\u00e1le zmeny volebn\u00e9ho z\u00e1kona, ktor\u00e9 sa zav\u00e1dzaj\u00fa len kv\u00f4li kr\u00e1tkodob\u00fdm politick\u00fdm ziskom?<\/p>\n<p style=\"text-align: justify;\">&nbsp;<\/p>\n<p style=\"text-align: justify;\">Alicia M J<\/p>","protected":false},"excerpt":{"rendered":"<p>\u201eGerrymandering po podkarpacku\u201d &nbsp; W zbli\u017caj\u0105cych si\u0119 wyborach do Senatu b\u0119dziemy g\u0142osowa\u0107 w okr\u0119gach, w kt\u00f3rych do zdobycia b\u0119dzie jeden mandat senatorski. Okr\u0119g przemysko-kro\u015bnie\u0144ski, w kt\u00f3rym w poprzednich wyborach mogli\u015bmy g\u0142osowa\u0107 na dw\u00f3ch kandydat\u00f3w, zosta\u0142 podzielony na dwa mniejsze &#8211; okr\u0119g nr 58 (Przemy\u015bl) i 57 (Krosno). Czy zmiany s\u0105 korzystne dla nas, jako g\u0142osuj\u0105cych? [&hellip;]<\/p>","protected":false},"author":6,"featured_media":92,"comment_status":"open","ping_status":"open","sticky":false,"template":"","format":"standard","meta":{"ngg_post_thumbnail":0,"footnotes":""},"categories":[3],"tags":[],"class_list":["post-93","post","type-post","status-publish","format-standard","has-post-thumbnail","hentry","category-wydarzenia"],"yoast_head":"<!-- This site is optimized with the Yoast SEO plugin v24.7 - https:\/\/yoast.com\/wordpress\/plugins\/seo\/ -->\n<title>Komu s\u0142u\u017c\u0105 nowe okr\u0119gi do Senatu? Polecamy artyku\u0142 na ten temat &#8211; Marek Kuchci\u0144ski<\/title>\n<meta name=\"robots\" content=\"index, follow, max-snippet:-1, max-image-preview:large, max-video-preview:-1\" \/>\n<link rel=\"canonical\" href=\"https:\/\/marekkuchcinski.pl\/sk\/wydarzenia\/komu-sluza-nowe-okregi-do-senatu-polecamy-artykul-na-ten-temat\/\" \/>\n<meta property=\"og:locale\" content=\"sk_SK\" \/>\n<meta property=\"og:type\" content=\"article\" \/>\n<meta property=\"og:title\" content=\"Komu s\u0142u\u017c\u0105 nowe okr\u0119gi do Senatu? Polecamy artyku\u0142 na ten temat &#8211; Marek Kuchci\u0144ski\" \/>\n<meta property=\"og:description\" content=\"\u201eGerrymandering po podkarpacku\u201d &nbsp; W zbli\u017caj\u0105cych si\u0119 wyborach do Senatu b\u0119dziemy g\u0142osowa\u0107 w okr\u0119gach, w kt\u00f3rych do zdobycia b\u0119dzie jeden mandat senatorski. Okr\u0119g przemysko-kro\u015bnie\u0144ski, w kt\u00f3rym w poprzednich wyborach mogli\u015bmy g\u0142osowa\u0107 na dw\u00f3ch kandydat\u00f3w, zosta\u0142 podzielony na dwa mniejsze &#8211; okr\u0119g nr 58 (Przemy\u015bl) i 57 (Krosno). Czy zmiany s\u0105 korzystne dla nas, jako g\u0142osuj\u0105cych? [&hellip;]\" \/>\n<meta property=\"og:url\" content=\"https:\/\/marekkuchcinski.pl\/sk\/wydarzenia\/komu-sluza-nowe-okregi-do-senatu-polecamy-artykul-na-ten-temat\/\" \/>\n<meta property=\"og:site_name\" content=\"Marek Kuchci\u0144ski\" \/>\n<meta property=\"article:published_time\" content=\"2011-09-19T12:10:48+00:00\" \/>\n<meta property=\"article:modified_time\" content=\"2016-08-25T15:06:17+00:00\" \/>\n<meta property=\"og:image\" content=\"https:\/\/marekkuchcinski.pl\/wp-content\/uploads\/2011\/09\/mapa%20okregow.jpg\" \/>\n\t<meta property=\"og:image:width\" content=\"557\" \/>\n\t<meta property=\"og:image:height\" content=\"543\" \/>\n\t<meta property=\"og:image:type\" content=\"image\/jpeg\" \/>\n<meta name=\"author\" content=\"admin\" \/>\n<meta name=\"twitter:card\" content=\"summary_large_image\" \/>\n<meta name=\"twitter:label1\" content=\"Autor\" \/>\n\t<meta name=\"twitter:data1\" content=\"admin\" \/>\n\t<meta name=\"twitter:label2\" content=\"Predpokladan\u00fd \u010das \u010d\u00edtania\" \/>\n\t<meta name=\"twitter:data2\" content=\"3 min\u00faty\" \/>\n<script type=\"application\/ld+json\" class=\"yoast-schema-graph\">{\"@context\":\"https:\/\/schema.org\",\"@graph\":[{\"@type\":\"Article\",\"@id\":\"https:\/\/marekkuchcinski.pl\/wydarzenia\/komu-sluza-nowe-okregi-do-senatu-polecamy-artykul-na-ten-temat\/#article\",\"isPartOf\":{\"@id\":\"https:\/\/marekkuchcinski.pl\/wydarzenia\/komu-sluza-nowe-okregi-do-senatu-polecamy-artykul-na-ten-temat\/\"},\"author\":{\"name\":\"admin\",\"@id\":\"https:\/\/marekkuchcinski.pl\/#\/schema\/person\/6f62700996b4d950b6ea2d1183b6c6be\"},\"headline\":\"Komu s\u0142u\u017c\u0105 nowe okr\u0119gi do Senatu? Polecamy artyku\u0142 na ten temat\",\"datePublished\":\"2011-09-19T12:10:48+00:00\",\"dateModified\":\"2016-08-25T15:06:17+00:00\",\"mainEntityOfPage\":{\"@id\":\"https:\/\/marekkuchcinski.pl\/wydarzenia\/komu-sluza-nowe-okregi-do-senatu-polecamy-artykul-na-ten-temat\/\"},\"wordCount\":576,\"commentCount\":0,\"publisher\":{\"@id\":\"https:\/\/marekkuchcinski.pl\/#organization\"},\"image\":{\"@id\":\"https:\/\/marekkuchcinski.pl\/wydarzenia\/komu-sluza-nowe-okregi-do-senatu-polecamy-artykul-na-ten-temat\/#primaryimage\"},\"thumbnailUrl\":\"https:\/\/marekkuchcinski.pl\/wp-content\/uploads\/2011\/09\/mapa okregow.jpg\",\"articleSection\":[\"Wydarzenia\"],\"inLanguage\":\"sk-SK\",\"potentialAction\":[{\"@type\":\"CommentAction\",\"name\":\"Comment\",\"target\":[\"https:\/\/marekkuchcinski.pl\/wydarzenia\/komu-sluza-nowe-okregi-do-senatu-polecamy-artykul-na-ten-temat\/#respond\"]}]},{\"@type\":\"WebPage\",\"@id\":\"https:\/\/marekkuchcinski.pl\/wydarzenia\/komu-sluza-nowe-okregi-do-senatu-polecamy-artykul-na-ten-temat\/\",\"url\":\"https:\/\/marekkuchcinski.pl\/wydarzenia\/komu-sluza-nowe-okregi-do-senatu-polecamy-artykul-na-ten-temat\/\",\"name\":\"Komu s\u0142u\u017c\u0105 nowe okr\u0119gi do Senatu? Polecamy artyku\u0142 na ten temat &#8211; Marek Kuchci\u0144ski\",\"isPartOf\":{\"@id\":\"https:\/\/marekkuchcinski.pl\/#website\"},\"primaryImageOfPage\":{\"@id\":\"https:\/\/marekkuchcinski.pl\/wydarzenia\/komu-sluza-nowe-okregi-do-senatu-polecamy-artykul-na-ten-temat\/#primaryimage\"},\"image\":{\"@id\":\"https:\/\/marekkuchcinski.pl\/wydarzenia\/komu-sluza-nowe-okregi-do-senatu-polecamy-artykul-na-ten-temat\/#primaryimage\"},\"thumbnailUrl\":\"https:\/\/marekkuchcinski.pl\/wp-content\/uploads\/2011\/09\/mapa okregow.jpg\",\"datePublished\":\"2011-09-19T12:10:48+00:00\",\"dateModified\":\"2016-08-25T15:06:17+00:00\",\"breadcrumb\":{\"@id\":\"https:\/\/marekkuchcinski.pl\/wydarzenia\/komu-sluza-nowe-okregi-do-senatu-polecamy-artykul-na-ten-temat\/#breadcrumb\"},\"inLanguage\":\"sk-SK\",\"potentialAction\":[{\"@type\":\"ReadAction\",\"target\":[\"https:\/\/marekkuchcinski.pl\/wydarzenia\/komu-sluza-nowe-okregi-do-senatu-polecamy-artykul-na-ten-temat\/\"]}]},{\"@type\":\"ImageObject\",\"inLanguage\":\"sk-SK\",\"@id\":\"https:\/\/marekkuchcinski.pl\/wydarzenia\/komu-sluza-nowe-okregi-do-senatu-polecamy-artykul-na-ten-temat\/#primaryimage\",\"url\":\"https:\/\/marekkuchcinski.pl\/wp-content\/uploads\/2011\/09\/mapa okregow.jpg\",\"contentUrl\":\"https:\/\/marekkuchcinski.pl\/wp-content\/uploads\/2011\/09\/mapa okregow.jpg\",\"width\":557,\"height\":543},{\"@type\":\"BreadcrumbList\",\"@id\":\"https:\/\/marekkuchcinski.pl\/wydarzenia\/komu-sluza-nowe-okregi-do-senatu-polecamy-artykul-na-ten-temat\/#breadcrumb\",\"itemListElement\":[{\"@type\":\"ListItem\",\"position\":1,\"name\":\"Strona g\u0142\u00f3wna\",\"item\":\"https:\/\/marekkuchcinski.pl\/\"},{\"@type\":\"ListItem\",\"position\":2,\"name\":\"Komu s\u0142u\u017c\u0105 nowe okr\u0119gi do Senatu? Polecamy artyku\u0142 na ten temat\"}]},{\"@type\":\"WebSite\",\"@id\":\"https:\/\/marekkuchcinski.pl\/#website\",\"url\":\"https:\/\/marekkuchcinski.pl\/\",\"name\":\"Marek Kuchci\u0144ski\",\"description\":\"Pose\u0142 na sejm RP &ndash; okr\u0119g nr 22\",\"publisher\":{\"@id\":\"https:\/\/marekkuchcinski.pl\/#organization\"},\"potentialAction\":[{\"@type\":\"SearchAction\",\"target\":{\"@type\":\"EntryPoint\",\"urlTemplate\":\"https:\/\/marekkuchcinski.pl\/?s={search_term_string}\"},\"query-input\":{\"@type\":\"PropertyValueSpecification\",\"valueRequired\":true,\"valueName\":\"search_term_string\"}}],\"inLanguage\":\"sk-SK\"},{\"@type\":\"Organization\",\"@id\":\"https:\/\/marekkuchcinski.pl\/#organization\",\"name\":\"Marek Kuchci\u0144ski\",\"url\":\"https:\/\/marekkuchcinski.pl\/\",\"logo\":{\"@type\":\"ImageObject\",\"inLanguage\":\"sk-SK\",\"@id\":\"https:\/\/marekkuchcinski.pl\/#\/schema\/logo\/image\/\",\"url\":\"https:\/\/marekkuchcinski.pl\/wp-content\/uploads\/2022\/09\/Marek.jpg\",\"contentUrl\":\"https:\/\/marekkuchcinski.pl\/wp-content\/uploads\/2022\/09\/Marek.jpg\",\"width\":1600,\"height\":971,\"caption\":\"Marek Kuchci\u0144ski\"},\"image\":{\"@id\":\"https:\/\/marekkuchcinski.pl\/#\/schema\/logo\/image\/\"}},{\"@type\":\"Person\",\"@id\":\"https:\/\/marekkuchcinski.pl\/#\/schema\/person\/6f62700996b4d950b6ea2d1183b6c6be\",\"name\":\"admin\",\"image\":{\"@type\":\"ImageObject\",\"inLanguage\":\"sk-SK\",\"@id\":\"https:\/\/marekkuchcinski.pl\/#\/schema\/person\/image\/\",\"url\":\"https:\/\/secure.gravatar.com\/avatar\/4bab693b9d55c3d6b52c0296a8765085?s=96&d=mm&r=g\",\"contentUrl\":\"https:\/\/secure.gravatar.com\/avatar\/4bab693b9d55c3d6b52c0296a8765085?s=96&d=mm&r=g\",\"caption\":\"admin\"},\"url\":\"https:\/\/marekkuchcinski.pl\/sk\/author\/marta-olejnik\/\"}]}<\/script>\n<!-- \/ Yoast SEO plugin. -->","yoast_head_json":{"title":"Komu s\u0142u\u017c\u0105 nowe okr\u0119gi do Senatu? Polecamy artyku\u0142 na ten temat &#8211; Marek Kuchci\u0144ski","robots":{"index":"index","follow":"follow","max-snippet":"max-snippet:-1","max-image-preview":"max-image-preview:large","max-video-preview":"max-video-preview:-1"},"canonical":"https:\/\/marekkuchcinski.pl\/sk\/wydarzenia\/komu-sluza-nowe-okregi-do-senatu-polecamy-artykul-na-ten-temat\/","og_locale":"sk_SK","og_type":"article","og_title":"Komu s\u0142u\u017c\u0105 nowe okr\u0119gi do Senatu? Polecamy artyku\u0142 na ten temat &#8211; Marek Kuchci\u0144ski","og_description":"\u201eGerrymandering po podkarpacku\u201d &nbsp; W zbli\u017caj\u0105cych si\u0119 wyborach do Senatu b\u0119dziemy g\u0142osowa\u0107 w okr\u0119gach, w kt\u00f3rych do zdobycia b\u0119dzie jeden mandat senatorski. Okr\u0119g przemysko-kro\u015bnie\u0144ski, w kt\u00f3rym w poprzednich wyborach mogli\u015bmy g\u0142osowa\u0107 na dw\u00f3ch kandydat\u00f3w, zosta\u0142 podzielony na dwa mniejsze &#8211; okr\u0119g nr 58 (Przemy\u015bl) i 57 (Krosno). Czy zmiany s\u0105 korzystne dla nas, jako g\u0142osuj\u0105cych? [&hellip;]","og_url":"https:\/\/marekkuchcinski.pl\/sk\/wydarzenia\/komu-sluza-nowe-okregi-do-senatu-polecamy-artykul-na-ten-temat\/","og_site_name":"Marek Kuchci\u0144ski","article_published_time":"2011-09-19T12:10:48+00:00","article_modified_time":"2016-08-25T15:06:17+00:00","og_image":[{"width":557,"height":543,"url":"https:\/\/marekkuchcinski.pl\/wp-content\/uploads\/2011\/09\/mapa okregow.jpg","type":"image\/jpeg"}],"author":"admin","twitter_card":"summary_large_image","twitter_misc":{"Autor":"admin","Predpokladan\u00fd \u010das \u010d\u00edtania":"3 min\u00faty"},"schema":{"@context":"https:\/\/schema.org","@graph":[{"@type":"Article","@id":"https:\/\/marekkuchcinski.pl\/wydarzenia\/komu-sluza-nowe-okregi-do-senatu-polecamy-artykul-na-ten-temat\/#article","isPartOf":{"@id":"https:\/\/marekkuchcinski.pl\/wydarzenia\/komu-sluza-nowe-okregi-do-senatu-polecamy-artykul-na-ten-temat\/"},"author":{"name":"admin","@id":"https:\/\/marekkuchcinski.pl\/#\/schema\/person\/6f62700996b4d950b6ea2d1183b6c6be"},"headline":"Komu s\u0142u\u017c\u0105 nowe okr\u0119gi do Senatu? Polecamy artyku\u0142 na ten temat","datePublished":"2011-09-19T12:10:48+00:00","dateModified":"2016-08-25T15:06:17+00:00","mainEntityOfPage":{"@id":"https:\/\/marekkuchcinski.pl\/wydarzenia\/komu-sluza-nowe-okregi-do-senatu-polecamy-artykul-na-ten-temat\/"},"wordCount":576,"commentCount":0,"publisher":{"@id":"https:\/\/marekkuchcinski.pl\/#organization"},"image":{"@id":"https:\/\/marekkuchcinski.pl\/wydarzenia\/komu-sluza-nowe-okregi-do-senatu-polecamy-artykul-na-ten-temat\/#primaryimage"},"thumbnailUrl":"https:\/\/marekkuchcinski.pl\/wp-content\/uploads\/2011\/09\/mapa okregow.jpg","articleSection":["Wydarzenia"],"inLanguage":"sk-SK","potentialAction":[{"@type":"CommentAction","name":"Comment","target":["https:\/\/marekkuchcinski.pl\/wydarzenia\/komu-sluza-nowe-okregi-do-senatu-polecamy-artykul-na-ten-temat\/#respond"]}]},{"@type":"WebPage","@id":"https:\/\/marekkuchcinski.pl\/wydarzenia\/komu-sluza-nowe-okregi-do-senatu-polecamy-artykul-na-ten-temat\/","url":"https:\/\/marekkuchcinski.pl\/wydarzenia\/komu-sluza-nowe-okregi-do-senatu-polecamy-artykul-na-ten-temat\/","name":"Komu s\u0142u\u017c\u0105 nowe okr\u0119gi do Senatu? Polecamy artyku\u0142 na ten temat &#8211; Marek Kuchci\u0144ski","isPartOf":{"@id":"https:\/\/marekkuchcinski.pl\/#website"},"primaryImageOfPage":{"@id":"https:\/\/marekkuchcinski.pl\/wydarzenia\/komu-sluza-nowe-okregi-do-senatu-polecamy-artykul-na-ten-temat\/#primaryimage"},"image":{"@id":"https:\/\/marekkuchcinski.pl\/wydarzenia\/komu-sluza-nowe-okregi-do-senatu-polecamy-artykul-na-ten-temat\/#primaryimage"},"thumbnailUrl":"https:\/\/marekkuchcinski.pl\/wp-content\/uploads\/2011\/09\/mapa okregow.jpg","datePublished":"2011-09-19T12:10:48+00:00","dateModified":"2016-08-25T15:06:17+00:00","breadcrumb":{"@id":"https:\/\/marekkuchcinski.pl\/wydarzenia\/komu-sluza-nowe-okregi-do-senatu-polecamy-artykul-na-ten-temat\/#breadcrumb"},"inLanguage":"sk-SK","potentialAction":[{"@type":"ReadAction","target":["https:\/\/marekkuchcinski.pl\/wydarzenia\/komu-sluza-nowe-okregi-do-senatu-polecamy-artykul-na-ten-temat\/"]}]},{"@type":"ImageObject","inLanguage":"sk-SK","@id":"https:\/\/marekkuchcinski.pl\/wydarzenia\/komu-sluza-nowe-okregi-do-senatu-polecamy-artykul-na-ten-temat\/#primaryimage","url":"https:\/\/marekkuchcinski.pl\/wp-content\/uploads\/2011\/09\/mapa okregow.jpg","contentUrl":"https:\/\/marekkuchcinski.pl\/wp-content\/uploads\/2011\/09\/mapa okregow.jpg","width":557,"height":543},{"@type":"BreadcrumbList","@id":"https:\/\/marekkuchcinski.pl\/wydarzenia\/komu-sluza-nowe-okregi-do-senatu-polecamy-artykul-na-ten-temat\/#breadcrumb","itemListElement":[{"@type":"ListItem","position":1,"name":"Strona g\u0142\u00f3wna","item":"https:\/\/marekkuchcinski.pl\/"},{"@type":"ListItem","position":2,"name":"Komu s\u0142u\u017c\u0105 nowe okr\u0119gi do Senatu? Polecamy artyku\u0142 na ten temat"}]},{"@type":"WebSite","@id":"https:\/\/marekkuchcinski.pl\/#website","url":"https:\/\/marekkuchcinski.pl\/","name":"Marek Kuchci\u0144ski","description":"Pose\u0142 na sejm RP &ndash; okr\u0119g nr 22","publisher":{"@id":"https:\/\/marekkuchcinski.pl\/#organization"},"potentialAction":[{"@type":"SearchAction","target":{"@type":"EntryPoint","urlTemplate":"https:\/\/marekkuchcinski.pl\/?s={search_term_string}"},"query-input":{"@type":"PropertyValueSpecification","valueRequired":true,"valueName":"search_term_string"}}],"inLanguage":"sk-SK"},{"@type":"Organization","@id":"https:\/\/marekkuchcinski.pl\/#organization","name":"Marek Kuchci\u0144ski","url":"https:\/\/marekkuchcinski.pl\/","logo":{"@type":"ImageObject","inLanguage":"sk-SK","@id":"https:\/\/marekkuchcinski.pl\/#\/schema\/logo\/image\/","url":"https:\/\/marekkuchcinski.pl\/wp-content\/uploads\/2022\/09\/Marek.jpg","contentUrl":"https:\/\/marekkuchcinski.pl\/wp-content\/uploads\/2022\/09\/Marek.jpg","width":1600,"height":971,"caption":"Marek Kuchci\u0144ski"},"image":{"@id":"https:\/\/marekkuchcinski.pl\/#\/schema\/logo\/image\/"}},{"@type":"Person","@id":"https:\/\/marekkuchcinski.pl\/#\/schema\/person\/6f62700996b4d950b6ea2d1183b6c6be","name":"admin","image":{"@type":"ImageObject","inLanguage":"sk-SK","@id":"https:\/\/marekkuchcinski.pl\/#\/schema\/person\/image\/","url":"https:\/\/secure.gravatar.com\/avatar\/4bab693b9d55c3d6b52c0296a8765085?s=96&d=mm&r=g","contentUrl":"https:\/\/secure.gravatar.com\/avatar\/4bab693b9d55c3d6b52c0296a8765085?s=96&d=mm&r=g","caption":"admin"},"url":"https:\/\/marekkuchcinski.pl\/sk\/author\/marta-olejnik\/"}]}},"_links":{"self":[{"href":"https:\/\/marekkuchcinski.pl\/sk\/wp-json\/wp\/v2\/posts\/93","targetHints":{"allow":["GET"]}}],"collection":[{"href":"https:\/\/marekkuchcinski.pl\/sk\/wp-json\/wp\/v2\/posts"}],"about":[{"href":"https:\/\/marekkuchcinski.pl\/sk\/wp-json\/wp\/v2\/types\/post"}],"author":[{"embeddable":true,"href":"https:\/\/marekkuchcinski.pl\/sk\/wp-json\/wp\/v2\/users\/6"}],"replies":[{"embeddable":true,"href":"https:\/\/marekkuchcinski.pl\/sk\/wp-json\/wp\/v2\/comments?post=93"}],"version-history":[{"count":1,"href":"https:\/\/marekkuchcinski.pl\/sk\/wp-json\/wp\/v2\/posts\/93\/revisions"}],"predecessor-version":[{"id":1424,"href":"https:\/\/marekkuchcinski.pl\/sk\/wp-json\/wp\/v2\/posts\/93\/revisions\/1424"}],"wp:featuredmedia":[{"embeddable":true,"href":"https:\/\/marekkuchcinski.pl\/sk\/wp-json\/wp\/v2\/media\/92"}],"wp:attachment":[{"href":"https:\/\/marekkuchcinski.pl\/sk\/wp-json\/wp\/v2\/media?parent=93"}],"wp:term":[{"taxonomy":"category","embeddable":true,"href":"https:\/\/marekkuchcinski.pl\/sk\/wp-json\/wp\/v2\/categories?post=93"},{"taxonomy":"post_tag","embeddable":true,"href":"https:\/\/marekkuchcinski.pl\/sk\/wp-json\/wp\/v2\/tags?post=93"}],"curies":[{"name":"wp","href":"https:\/\/api.w.org\/{rel}","templated":true}]}}