{"id":9283,"date":"2018-04-22T16:01:11","date_gmt":"2018-04-22T14:01:11","guid":{"rendered":"https:\/\/marekkuchcinski.pl\/?p=9283"},"modified":"2021-07-01T14:53:56","modified_gmt":"2021-07-01T12:53:56","slug":"marszalek-sejmu-zywcu-powstaje-ustawa-wspierajaca-m-in-pasterstwo","status":"publish","type":"post","link":"https:\/\/marekkuchcinski.pl\/sk\/wydarzenia\/marszalek-sejmu-zywcu-powstaje-ustawa-wspierajaca-m-in-pasterstwo\/","title":{"rendered":"Predseda Sejmu v \u017bywci: Pripravuje sa z\u00e1kon, ktor\u00fd m\u00e1 okrem in\u00e9ho podpori\u0165 pastierstvo"},"content":{"rendered":"<p class=\"p1\"><strong>- Stret\u00e1vame sa s probl\u00e9mami, ktor\u00fdm \u010delia horali. Karpatsk\u00e1 parlamentn\u00e1 skupina pripravuje n\u00e1vrh z\u00e1kona o hor\u00e1ch, n\u00e1vrh podpory trvalo udr\u017eate\u013en\u00e9ho rozvoja, pastierstva, po\u013enohospod\u00e1rskej kult\u00fary, mal\u00fdch viacgenera\u010dn\u00fdch fariem - povedal Marek Kuchci\u0144ski, predseda Sejmu, ktor\u00fd otvoril konferenciu venovan\u00fa probl\u00e9mom Karp\u00e1t.<\/strong><\/p>\n<p class=\"p1\">- Sme si vedom\u00ed, \u017ee podpora E\u00da nesta\u010d\u00ed. Mus\u00edme zo strany \u0161t\u00e1tnych org\u00e1nov, vl\u00e1dy, za \u00fa\u010dasti krajsk\u00fdch samospr\u00e1v, vo v\u00e4\u010d\u0161ej miere spusti\u0165 projekty na podporu horsk\u00fdch oblast\u00ed, najm\u00e4 pastierstva - zd\u00f4raznil. - V porovnan\u00ed so z\u00e1padoeur\u00f3pskymi krajinami je tu, \u017eia\u013e, ve\u013emi ve\u013ek\u00fd rozdiel a na\u0161\u00edm cie\u013eom je tento rozdiel minimalizova\u0165. Chceme u\u013eah\u010di\u0165<span class=\"Apple-converted-space\">\u00a0 <\/span>rozvoj Karp\u00e1t v oblasti po\u013enohospod\u00e1rstva a z\u00e1rove\u0148 dba\u0165 na zachovanie klimatick\u00fdch, kult\u00farnych a pr\u00edrodn\u00fdch hodn\u00f4t, ktor\u00e9 s\u00fa n\u00e1m bl\u00edzke u\u017e po st\u00e1ro\u010dia - povedal Kuchci\u0144ski.<\/p>\n<p class=\"p1\">\u00da\u010dastn\u00edci kl\u00e1dli najv\u00e4\u010d\u0161\u00ed d\u00f4raz na potrebu zmien v predpisoch podporuj\u00facich pastierstvo. - Ak neobnov\u00edme a nepodpor\u00edme chov oviec, \u0165a\u017eko zastav\u00edme zarastanie horsk\u00fdch oblast\u00ed, \u010do oslab\u00ed aj estetiku krajiny, tvrd\u00ed mar\u0161al.<\/p>\n<p>Ba\u010da Piotr Kohut z Koniakowa, pastier, tvrd\u00ed, \u017ee v\u00e4\u010d\u0161ina kraj\u00edn m\u00e1 tak\u00e9to z\u00e1kony a okrem finan\u010dnej podpory potrebuj\u00fa pastieri aj zmenu legislat\u00edvy. - Tam m\u00e1 pastierstvo kult\u00farny charakter, napr\u00edklad v Piemonte alebo v Nemecku, kde sa n\u00e1dherne rozv\u00edja. V Po\u013esku mus\u00ed by\u0165 zaru\u010den\u00e9 pr\u00e1vo na pastvu. Teraz sa na\u0161a \u010dinnos\u0165 \u010dasto pova\u017euje za nez\u00e1konn\u00fa, - povedal. - My, pastieri, nie sme ani chovatelia, ani po\u013enohospod\u00e1ri. Pastier je farm\u00e1r a farm\u00e1ri \u017eij\u00fa v n\u00ed\u017ein\u00e1ch. My pastieri, aby sme zachovali trad\u00edciu kv\u00f4li ovciam a produktom, sa mus\u00edme pohybova\u0165 po hor\u00e1ch a pastvin\u00e1ch. Ovce by sa mali p\u00e1s\u0165 vo\u013ene. Tu v\u0161ak vznikaj\u00fa nedorozumenia a konflikty,\" povedal.<\/p>\n<p class=\"p1\">Marek Kuchci\u0144ski zd\u00f4raznil, \u017ee hmatate\u013en\u00e9 \u00fa\u010dinky sa dosiahnu opatreniami na medzin\u00e1rodnej \u00farovni. U\u017e 10 rokov zap\u00e1jame susedn\u00e9 parlamenty do r\u00f4znych foriem podpory. - Za\u010dali sme medzin\u00e1rodn\u00fa spolupr\u00e1cu s cie\u013eom zachova\u0165 biodiverzitu Karp\u00e1t, tejto jedine\u010dnej oblasti na celom kontinente. Na\u0161e \u00fasilie d\u00e1va n\u00e1dej, \u017ee v bud\u00facom rozpo\u010dte E\u00da budeme m\u00f4c\u0165 dokon\u010di\u0165 karpatsk\u00fa strat\u00e9giu pod\u013ea vzoru alpskej alebo pobaltskej strat\u00e9gie. Ide o n\u00e1stroj v r<span id=\"interia_nsitsp_4\">evelopment<\/span>T\u00fdm sa u\u013eah\u010d\u00ed spolupr\u00e1ca a umo\u017en\u00ed sa vyu\u017e\u00edvanie pe\u0148az\u00ed z r\u00f4znych zdrojov financovania - \u0161t\u00e1tnych, E\u00da, medzin\u00e1rodn\u00fdch.  - Karpaty maj\u00fa vplyv na \u017eivot v celej krajine - povedal. Ako jeden z pr\u00edkladov uviedol pitn\u00fa vodu, ktor\u00e1 m\u00e1 pod\u013ea neho \u0161ancu sta\u0165 sa strategickou surovinou ako plyn alebo ropa,<span class=\"Apple-converted-space\">\u00a0 <\/span>Je to prame\u0148 v Karpatoch. Pozornos\u0165 venujeme aj ot\u00e1zkam povodn\u00ed a potrebn\u00fdm bezpe\u010dnostn\u00fdm opatreniam,\" povedal.<\/p>\n<p class=\"p1\">Na z\u00e1ver Marek Kuchci\u0144ski pripomenul n\u00e1vrhy premi\u00e9ra Morawieck\u00e9ho, t. j. podporu \u0161iroko definovanej kult\u00farnej politiky vo vidieckych oblastiach, <span class=\"s1\">okrem in\u00e9ho<\/span>. podpora denn\u00fdch centier v mal\u00fdch mest\u00e1ch, podpora umeleck\u00fdch skup\u00edn ...<\/p>\n<p>text \/ foto M. Olejnik<\/p>\n<p><img fetchpriority=\"high\" decoding=\"async\" class=\"alignnone size-full wp-image-9284\" src=\"https:\/\/marekkuchcinski.pl\/wp-content\/uploads\/2018\/04\/DSCF9389.jpg\" alt=\"DSCF9389\" width=\"4896\" height=\"2760\" srcset=\"https:\/\/marekkuchcinski.pl\/wp-content\/uploads\/2018\/04\/DSCF9389.jpg 2048w, https:\/\/marekkuchcinski.pl\/wp-content\/uploads\/2018\/04\/DSCF9389-300x169.jpg 300w, https:\/\/marekkuchcinski.pl\/wp-content\/uploads\/2018\/04\/DSCF9389-768x433.jpg 768w, https:\/\/marekkuchcinski.pl\/wp-content\/uploads\/2018\/04\/DSCF9389-1024x577.jpg 1024w\" sizes=\"(max-width: 4896px) 100vw, 4896px\" \/> <img decoding=\"async\" class=\"alignnone size-full wp-image-9285\" src=\"https:\/\/marekkuchcinski.pl\/wp-content\/uploads\/2018\/04\/DSCF9402.jpg\" alt=\"DSCF9402\" width=\"4896\" height=\"2760\" srcset=\"https:\/\/marekkuchcinski.pl\/wp-content\/uploads\/2018\/04\/DSCF9402.jpg 2048w, https:\/\/marekkuchcinski.pl\/wp-content\/uploads\/2018\/04\/DSCF9402-300x169.jpg 300w, https:\/\/marekkuchcinski.pl\/wp-content\/uploads\/2018\/04\/DSCF9402-768x433.jpg 768w, https:\/\/marekkuchcinski.pl\/wp-content\/uploads\/2018\/04\/DSCF9402-1024x577.jpg 1024w\" sizes=\"(max-width: 4896px) 100vw, 4896px\" \/> <img decoding=\"async\" class=\"alignnone size-full wp-image-9286\" src=\"https:\/\/marekkuchcinski.pl\/wp-content\/uploads\/2018\/04\/DSCF9423-1.jpg\" alt=\"DSCF9423 (1)\" width=\"3329\" height=\"2012\" srcset=\"https:\/\/marekkuchcinski.pl\/wp-content\/uploads\/2018\/04\/DSCF9423-1.jpg 2048w, https:\/\/marekkuchcinski.pl\/wp-content\/uploads\/2018\/04\/DSCF9423-1-300x181.jpg 300w, https:\/\/marekkuchcinski.pl\/wp-content\/uploads\/2018\/04\/DSCF9423-1-768x464.jpg 768w, https:\/\/marekkuchcinski.pl\/wp-content\/uploads\/2018\/04\/DSCF9423-1-1024x619.jpg 1024w\" sizes=\"(max-width: 3329px) 100vw, 3329px\" \/> <img loading=\"lazy\" decoding=\"async\" class=\"alignnone size-full wp-image-9288\" src=\"https:\/\/marekkuchcinski.pl\/wp-content\/uploads\/2018\/04\/DSCF9459-1.jpg\" alt=\"DSCF9459 (1)\" width=\"4273\" height=\"2657\" srcset=\"https:\/\/marekkuchcinski.pl\/wp-content\/uploads\/2018\/04\/DSCF9459-1.jpg 2048w, https:\/\/marekkuchcinski.pl\/wp-content\/uploads\/2018\/04\/DSCF9459-1-300x187.jpg 300w, https:\/\/marekkuchcinski.pl\/wp-content\/uploads\/2018\/04\/DSCF9459-1-768x478.jpg 768w, https:\/\/marekkuchcinski.pl\/wp-content\/uploads\/2018\/04\/DSCF9459-1-1024x637.jpg 1024w\" sizes=\"(max-width: 4273px) 100vw, 4273px\" \/> <img loading=\"lazy\" decoding=\"async\" class=\"alignnone size-full wp-image-9289\" src=\"https:\/\/marekkuchcinski.pl\/wp-content\/uploads\/2018\/04\/DSCF9513-1.jpg\" alt=\"DSCF9513 (1)\" width=\"4896\" height=\"2760\" srcset=\"https:\/\/marekkuchcinski.pl\/wp-content\/uploads\/2018\/04\/DSCF9513-1.jpg 2048w, https:\/\/marekkuchcinski.pl\/wp-content\/uploads\/2018\/04\/DSCF9513-1-300x169.jpg 300w, https:\/\/marekkuchcinski.pl\/wp-content\/uploads\/2018\/04\/DSCF9513-1-768x433.jpg 768w, https:\/\/marekkuchcinski.pl\/wp-content\/uploads\/2018\/04\/DSCF9513-1-1024x577.jpg 1024w\" sizes=\"(max-width: 4896px) 100vw, 4896px\" \/><\/p>","protected":false},"excerpt":{"rendered":"<p>&#8212; Wychodzimy naprzeciw problemom, z jakimi borykaj\u0105 si\u0119 g\u00f3rale. Karpacki zesp\u00f3\u0142 parlamentarny przygotowuje projekt ustawy g\u00f3rskiej, projekt wsparcia dla zr\u00f3wnowa\u017conego rozwoju, pasterstwa, kultury rolnej, ma\u0142ych wielopokoleniowych gospodarstw &#8212; powiedzia\u0142 marsza\u0142ek Sejmu Marek Kuchci\u0144ski, otwieraj\u0105c konferencj\u0119 po\u015bwi\u0119con\u0105 problematyce Karpat. &#8212; Mamy \u015bwiadomo\u015b\u0107, \u017ce wsparcie z UE to za ma\u0142o. Musimy ze strony w\u0142adz pa\u0144stwowych, rz\u0105du, anga\u017cuj\u0105c [&hellip;]<\/p>\n","protected":false},"author":6,"featured_media":9290,"comment_status":"open","ping_status":"open","sticky":false,"template":"","format":"standard","meta":{"ngg_post_thumbnail":0,"footnotes":""},"categories":[49,82,3],"tags":[],"class_list":["post-9283","post","type-post","status-publish","format-standard","has-post-thumbnail","hentry","category-podkarpacie","category-prawo-i-sprawiedliwosc","category-wydarzenia"],"_links":{"self":[{"href":"https:\/\/marekkuchcinski.pl\/sk\/wp-json\/wp\/v2\/posts\/9283","targetHints":{"allow":["GET"]}}],"collection":[{"href":"https:\/\/marekkuchcinski.pl\/sk\/wp-json\/wp\/v2\/posts"}],"about":[{"href":"https:\/\/marekkuchcinski.pl\/sk\/wp-json\/wp\/v2\/types\/post"}],"author":[{"embeddable":true,"href":"https:\/\/marekkuchcinski.pl\/sk\/wp-json\/wp\/v2\/users\/6"}],"replies":[{"embeddable":true,"href":"https:\/\/marekkuchcinski.pl\/sk\/wp-json\/wp\/v2\/comments?post=9283"}],"version-history":[{"count":10,"href":"https:\/\/marekkuchcinski.pl\/sk\/wp-json\/wp\/v2\/posts\/9283\/revisions"}],"predecessor-version":[{"id":22885,"href":"https:\/\/marekkuchcinski.pl\/sk\/wp-json\/wp\/v2\/posts\/9283\/revisions\/22885"}],"wp:featuredmedia":[{"embeddable":true,"href":"https:\/\/marekkuchcinski.pl\/sk\/wp-json\/wp\/v2\/media\/9290"}],"wp:attachment":[{"href":"https:\/\/marekkuchcinski.pl\/sk\/wp-json\/wp\/v2\/media?parent=9283"}],"wp:term":[{"taxonomy":"category","embeddable":true,"href":"https:\/\/marekkuchcinski.pl\/sk\/wp-json\/wp\/v2\/categories?post=9283"},{"taxonomy":"post_tag","embeddable":true,"href":"https:\/\/marekkuchcinski.pl\/sk\/wp-json\/wp\/v2\/tags?post=9283"}],"curies":[{"name":"wp","href":"https:\/\/api.w.org\/{rel}","templated":true}]}}