{"id":9267,"date":"2018-04-17T10:42:49","date_gmt":"2018-04-17T08:42:49","guid":{"rendered":"https:\/\/marekkuchcinski.pl\/?p=9267"},"modified":"2018-04-17T10:42:49","modified_gmt":"2018-04-17T08:42:49","slug":"marszalek-sejmu-wdrazanie-programow-pis-powinno-byc-konsultowane-ze-srodowiskami-ktore-beda-je-realizowaly-wpolityce","status":"publish","type":"post","link":"https:\/\/marekkuchcinski.pl\/sk\/wydarzenia\/marszalek-sejmu-wdrazanie-programow-pis-powinno-byc-konsultowane-ze-srodowiskami-ktore-beda-je-realizowaly-wpolityce\/","title":{"rendered":"Predseda Sejmu: Realiz\u00e1cia programov PiS by sa mala konzultova\u0165 s komunitami, ktor\u00e9 ich bud\u00fa realizova\u0165 (wPolitics)"},"content":{"rendered":"<p><strong>Realiz\u00e1cia nov\u00fdch programov PiS by mala by\u0165 konzultovan\u00e1 s kruhmi a in\u0161tit\u00faciami, ktor\u00e9 ich bud\u00fa realizova\u0165, povedal v nede\u013eu na stretnut\u00ed v Jan\u00f3we Lubelskom predseda Sejmu Marek Kuchci\u0144ski. Po\u017eiadal o pripomienky a n\u00e1vrhy k nim.<\/strong><\/p>\n<p>N\u00e1v\u0161teva predsedu Sejmu v Jan\u00f3we Lubelskom bola jedn\u00fdm z mnoh\u00fdch stretnut\u00ed popredn\u00fdch politikov PiS s voli\u010dmi, ktor\u00e9 sa za\u010dali po celej krajine po sobot\u0148aj\u0161om zjazde PiS a Zjednotenej pravice (UK) pod heslom \"Po\u013esko je jedno\".<\/p>\n<p>Kuchci\u0144ski uviedol, \u017ee v nasleduj\u00facich mesiacoch vl\u00e1dnuci predstavitelia pripravia a predlo\u017eia Sejmu z\u00e1kony s\u00favisiace s programami, ktor\u00e9 boli predstaven\u00e9 v sobotu.<\/p>\n<blockquote><p>Bolo by dobr\u00e9, aby boli po\u010das projektov\u00fdch pr\u00e1c vo vl\u00e1de konzultovan\u00e9 priamo s odborn\u00edkmi z praxe, t. j. s osobami, soci\u00e1lnymi a profesijn\u00fdmi skupinami, ktor\u00fdch sa bud\u00fa dot\u00fdka\u0165, ako aj so z\u00e1stupcami samospr\u00e1v a mimovl\u00e1dnych organiz\u00e1ci\u00ed.<\/p><\/blockquote>\n<p>- Kuchci\u0144ski povedal.<\/p>\n<p>Predseda parlamentu pripomenul niektor\u00e9 n\u00e1vrhy, ktor\u00e9 odzneli na zjazde vo Var\u0161ave. Ke\u010f hovor\u00edme o zn\u00ed\u017een\u00ed dan\u00ed\u00a0<span class=\"caps\">CIT<\/span>\u00a0pre mal\u00e9 a stredn\u00e9 podniky zhodnotil, \u017ee predch\u00e1dzaj\u00face zn\u00ed\u017eenie odvodu z 19 na 15 % v roku 2015 u\u017e prinieslo dobr\u00e9 v\u00fdsledky, ke\u010f\u017ee podnikatelia roz\u0161\u00edrili svoje podnikanie.<\/p>\n<blockquote><p>V roku 2017 sa pr\u00edjem do \u0161t\u00e1tneho rozpo\u010dtu zv\u00fd\u0161il o 13 mili\u00e1rd zlot\u00fdch, preto sa vl\u00e1da rozhodla, \u017ee by mala zariskova\u0165 a \u00eds\u0165 touto cestou \u010falej, e\u0161te ni\u017e\u0161ie, a to zn\u00ed\u017een\u00edm dane z pr\u00edjmov pr\u00e1vnick\u00fdch os\u00f4b na 9 %. Pokia\u013e viem, v Eur\u00f3pskej \u00fanii tak\u00e9to zn\u00ed\u017eenie zaviedlo, mysl\u00edm, len Ma\u010farsko, v\u0161ade inde je t\u00e1to da\u0148 vy\u0161\u0161ia. V istom zmysle sme v tejto oblasti na \u010dele.<\/p><\/blockquote>\n<p>- zd\u00f4raznil.<\/p>\n<p>Program \"Dostupnos\u0165 plus\", na ktor\u00fd je napl\u00e1novan\u00fdch takmer 24 mili\u00e1rd PLN - povedal Kuchci\u0144ski - m\u00e1 analyzova\u0165 a zavies\u0165 r\u00f4zne zmeny v infra\u0161trukt\u00fare, aby sa d\u00f4chodcom, star\u0161\u00edm \u013eu\u010fom, zdravotne postihnut\u00fdm u\u013eah\u010dil ka\u017edodenn\u00fd \u017eivot, pohyb, vyu\u017e\u00edvanie r\u00f4znych slu\u017eieb. Ide napr\u00edklad o \u013eud\u00ed, ktor\u00ed \u017eij\u00fa na vy\u0161\u0161\u00edch poschodiach v domoch bez v\u00fd\u0165ahov.<\/p>\n<blockquote><p>To ist\u00e9 plat\u00ed aj pre pr\u00edstup do r\u00f4znych in\u0161tit\u00faci\u00ed, obchodov. Vo v\u00e4\u010d\u0161ine pr\u00edpadov sa kancel\u00e1rie poslancov a sen\u00e1torov nenach\u00e1dzaj\u00fa na pr\u00edzem\u00ed, ale na prvom a vy\u0161\u0161\u00edch poschodiach.<\/p><\/blockquote>\n<p>- Kuchci\u0144ski poznamenal.<\/p>\n<p>Pod\u013ea jeho n\u00e1zoru si tak\u00e9to zmeny vy\u017eaduj\u00fa zna\u010dn\u00e9 v\u00fddavky, ktor\u00e9 presahuj\u00fa mo\u017enosti samospr\u00e1v, a to aj v najv\u00e4\u010d\u0161\u00edch mest\u00e1ch, a je potrebn\u00e1 podpora vl\u00e1dy. Vyzval na predlo\u017eenie n\u00e1vrhov konkr\u00e9tnych rie\u0161en\u00ed t\u00fdchto probl\u00e9mov.<\/p>\n<blockquote><p>Navrhnite, pros\u00edm, r\u00f4zne n\u00e1vrhy, aby sme rie\u0161enie t\u00fdchto probl\u00e9mov nenech\u00e1vali len na \u00faradn\u00edkov na ministerstv\u00e1ch<\/p><\/blockquote>\n<p>- povedal.<\/p>\n<p>Vyhl\u00e1senie fondu na v\u00fdstavbu a opravy miestnych komunik\u00e1ci\u00ed, na ktor\u00fd sa u\u017e tento rok vy\u010dlen\u00ed 5 mili\u00e1rd zlot\u00fdch, je adresovan\u00e9 samospr\u00e1vam, povedal Kuchci\u0144ski.<\/p>\n<blockquote><p>Tento fond bude z roka na rok r\u00e1s\u0165. Je to sign\u00e1l pre miestne org\u00e1ny, aby sa zapojili. Najm\u00e4 tie obce a okresy, ktor\u00e9 doteraz nemali peniaze na v\u00fdstavbu ciest a chodn\u00edkov<\/p><\/blockquote>\n<p>- dodal.<\/p>\n<p>Kuchci\u0144ski po\u017eiadal publikum, aby predlo\u017eilo svoje n\u00e1pady. Jeden z \u00fa\u010dastn\u00edkov stretnutia navrhol, aby bol do bal\u00edka ozn\u00e1men\u00ed pridan\u00fd \u010fal\u0161\u00ed program \"farm\u00e1r plus\", ktor\u00fd by zlep\u0161il fungovanie ARMA a\u00a0<span class=\"caps\">KRUS<\/span>\u00a0a zlep\u0161enie situ\u00e1cie po\u013enohospod\u00e1rov. Povedal, \u017ee v\u00fdhody\u00a0<span class=\"caps\">KRUS<\/span>\u00a0s\u00fa n\u00edzke. Uviedol pr\u00edklad po\u013enohospod\u00e1ra, ktor\u00fd dost\u00e1val denne 10 zlot\u00fdch \"nemocensk\u00e9ho\". \"Tento farm\u00e1r nepracuje, cel\u00fd rok nevyr\u00e1ba tovar pre svoju rodinu a dost\u00e1va 10 zlot\u00fdch denne,\" zd\u00f4raznil.<\/p>\n<p>\u017diadal tie\u017e, aby sa obnovila p\u00f4vodn\u00e1 vekov\u00e1 hranica odchodu do d\u00f4chodku pre po\u013enohospod\u00e1rov - 55 rokov pre \u017eeny a 60 rokov pre mu\u017eov. \u017diadal zv\u00fd\u0161enie dot\u00e1ci\u00ed a spustenie \u0161t\u00e1tnych dot\u00e1ci\u00ed na n\u00e1kup po\u013enohospod\u00e1rskej techniky.<\/p>\n<p>Kuchci\u0144ski mu za tieto n\u00e1vrhy po\u010fakoval.<\/p>\n<blockquote><p>S\u00fahlas\u00edm s t\u00fdm, \u017ee ak sa vypl\u00e1ca 10 libier denne, mus\u00ed existova\u0165 podpora<\/p><\/blockquote>\n<p>- vyhl\u00e1sil re\u010dn\u00edk.<\/p>\n<p>Dodal, \u017ee \u010doskoro bude ozn\u00e1men\u00fd \"cel\u00fd bal\u00edk\", ktor\u00fd spln\u00ed o\u010dak\u00e1vania po\u013enohospod\u00e1rov, a to aj pokia\u013e ide o zlep\u0161enie pr\u00e1ce\u00a0<span class=\"caps\">KRUS<\/span>\u00a0a ARMA.<\/p>\n<blockquote><p>V Sejme sa \u010dasto diskutuje o n\u00e1vrate k p\u00f4vodn\u00e9mu veku odchodu do d\u00f4chodku pre po\u013enohospod\u00e1rov, teda 55 a 60 rokov. Osobne s\u00fahlas\u00edm s t\u00fdm, \u017ee je pravda, \u017ee po\u013enohospod\u00e1rske povolanie by malo by\u0165 zaraden\u00e9 medzi \u0165a\u017ek\u00e9 a n\u00e1ro\u010dn\u00e9 pr\u00e1ce, podobne ako pr\u00e1ca ban\u00edka. T\u00fato pr\u00e1cu treba oceni\u0165.<\/p><\/blockquote>\n<p>- Kuchci\u0144ski povedal.<\/p>\n<p><em>zdroj: https:\/\/wpolityce.pl\/polityka\/390371-wazny-postulat-marszalka-kuchcinskiego-wdrazanie-programow-pis-powinno-byc-konsultowane-ze-srodowiskami-ktore-beda-je-realizowaly<\/em><\/p>","protected":false},"excerpt":{"rendered":"<p>Wdra\u017canie nowych program\u00f3w PiS powinno by\u0107 konsultowane ze \u015brodowiskami i\u00a0instytucjami, kt\u00f3re b\u0119d\u0105 je\u00a0realizowa\u0142y &#8211; powiedzia\u0142 w\u00a0niedziel\u0119 marsza\u0142ek Sejmu Marek Kuchci\u0144ski na\u00a0spotkaniu w\u00a0Janowie Lubelskim. Prosi\u0142 o\u00a0zg\u0142aszanie do\u00a0nich uwag\u00a0i\u00a0propozycji. Wizyta marsza\u0142ka Sejmu w\u00a0Janowie Lubelskim by\u0142a jednym z\u00a0wielu spotka\u0144 czo\u0142owych polityk\u00f3w PiS z wyborcami, kt\u00f3re rozpocz\u0119\u0142y si\u0119 w\u00a0ca\u0142ym kraju po\u00a0sobotniej konwencji Prawa i\u00a0Sprawiedliwo\u015bci oraz Zjednoczonej Prawicy pod has\u0142em [&hellip;]<\/p>\n","protected":false},"author":6,"featured_media":9268,"comment_status":"open","ping_status":"open","sticky":false,"template":"","format":"standard","meta":{"ngg_post_thumbnail":0,"footnotes":""},"categories":[82,3],"tags":[],"class_list":["post-9267","post","type-post","status-publish","format-standard","has-post-thumbnail","hentry","category-prawo-i-sprawiedliwosc","category-wydarzenia"],"_links":{"self":[{"href":"https:\/\/marekkuchcinski.pl\/sk\/wp-json\/wp\/v2\/posts\/9267","targetHints":{"allow":["GET"]}}],"collection":[{"href":"https:\/\/marekkuchcinski.pl\/sk\/wp-json\/wp\/v2\/posts"}],"about":[{"href":"https:\/\/marekkuchcinski.pl\/sk\/wp-json\/wp\/v2\/types\/post"}],"author":[{"embeddable":true,"href":"https:\/\/marekkuchcinski.pl\/sk\/wp-json\/wp\/v2\/users\/6"}],"replies":[{"embeddable":true,"href":"https:\/\/marekkuchcinski.pl\/sk\/wp-json\/wp\/v2\/comments?post=9267"}],"version-history":[{"count":1,"href":"https:\/\/marekkuchcinski.pl\/sk\/wp-json\/wp\/v2\/posts\/9267\/revisions"}],"predecessor-version":[{"id":9269,"href":"https:\/\/marekkuchcinski.pl\/sk\/wp-json\/wp\/v2\/posts\/9267\/revisions\/9269"}],"wp:featuredmedia":[{"embeddable":true,"href":"https:\/\/marekkuchcinski.pl\/sk\/wp-json\/wp\/v2\/media\/9268"}],"wp:attachment":[{"href":"https:\/\/marekkuchcinski.pl\/sk\/wp-json\/wp\/v2\/media?parent=9267"}],"wp:term":[{"taxonomy":"category","embeddable":true,"href":"https:\/\/marekkuchcinski.pl\/sk\/wp-json\/wp\/v2\/categories?post=9267"},{"taxonomy":"post_tag","embeddable":true,"href":"https:\/\/marekkuchcinski.pl\/sk\/wp-json\/wp\/v2\/tags?post=9267"}],"curies":[{"name":"wp","href":"https:\/\/api.w.org\/{rel}","templated":true}]}}