{"id":9242,"date":"2018-04-14T20:12:04","date_gmt":"2018-04-14T18:12:04","guid":{"rendered":"https:\/\/marekkuchcinski.pl\/?p=9242"},"modified":"2018-04-14T20:12:04","modified_gmt":"2018-04-14T18:12:04","slug":"konwencja-prawa-sprawiedliwosci","status":"publish","type":"post","link":"https:\/\/marekkuchcinski.pl\/sk\/wydarzenia\/konwencja-prawa-sprawiedliwosci\/","title":{"rendered":"Dohovor o pr\u00e1ve a spravodlivosti"},"content":{"rendered":"<p>Program Dobr\u00fd \u0161tart, t. j. 300 PLN ako \u0161tartovac\u00ed bal\u00ed\u010dek do \u0161koly ka\u017ed\u00fd rok pre \u0161tudentov do 18 rokov, zn\u00ed\u017eenie dane z pr\u00edjmu pr\u00e1vnick\u00fdch os\u00f4b z 15 na 9 percent, program podpory pre seniorov, ni\u017e\u0161ie soci\u00e1lne zabezpe\u010denie pre mal\u00e9 podniky, zriadenie fondu miestnych ciest - to s\u00fa najd\u00f4le\u017eitej\u0161ie n\u00e1vrhy, ktor\u00e9 premi\u00e9r Mateusz Morawiecki predstavil po\u010das zjazdu strany Pr\u00e1vo a spravodlivos\u0165 vo Var\u0161ave.<\/p>\n<p>Okrem toho premi\u00e9r na\u010drtol pl\u00e1n, ktor\u00fdm sa bude PiS riadi\u0165:<\/p>\n<ul>\n<li>P\u00f4jdeme do krajiny, aby sme vedeli, \u010do od n\u00e1s o\u010dak\u00e1vaj\u00fa, a m\u00f4\u017eeme to urobi\u0165 len spolo\u010dne - spolo\u010dnou pr\u00e1cou ako jednotn\u00e1 pravica.<\/li>\n<li>Po\u013esko mus\u00ed by\u0165 spravodlivej\u0161ie, to je s\u00fa\u010das\u0165ou n\u00e1\u0161ho programu<\/li>\n<li>Za\u010d\u00edname nov\u00e9 programy a pokra\u010dujeme v programoch Via Carpathia, Via Baltica, \u010cist\u00fd vzduch, Mieszkanie + (v r\u00e1mci tohto programu sa m\u00e1 postavi\u0165 100 tis\u00edc bytov).<\/li>\n<li>Po\u013esko sa dnes vyv\u00edja ove\u013ea lep\u0161ie, v\u010faka \u010domu si m\u00f4\u017eeme dovoli\u0165 nov\u00e9 projekty<\/li>\n<li>Ministerstvo zdravotn\u00edctva predlo\u017e\u00ed podrobn\u00fd program<\/li>\n<li>Po\u013enohospod\u00e1ri s\u00fa pre n\u00e1s k\u013e\u00fa\u010dov\u00ed, s\u00fa hlavnou prioritou - budeme zhroma\u017e\u010fova\u0165 ich po\u017eiadavky. Chceme roz\u0161\u00edri\u0165 rozsah p\u00f4sobnosti z\u00e1kona o maloobchodnom predaji po\u013enohospod\u00e1rov<\/li>\n<li>Diverzifik\u00e1cia zdrojov ropy a plynu<\/li>\n<li>Z\u00e1le\u017e\u00ed n\u00e1m na obrannej bezpe\u010dnosti: podp\u00edsali sme dohodu o k\u00fape syst\u00e9mu PATRIOT<\/li>\n<li>Budujeme Po\u013esko rovnosti pre v\u0161etk\u00fdch, rovnak\u00fdch pr\u00edle\u017eitost\u00ed, chceme, aby z\u00e1kony boli rovnak\u00e9 pre v\u0161etk\u00fdch, Po\u013esko m\u00e1 by\u0165 krajinou rovnak\u00fdch pr\u00edle\u017eitost\u00ed pre v\u0161etk\u00fdch.<\/li>\n<li>M\u00e1me ve\u013emi dobr\u00fd program, ale na zmenu Po\u013eska potrebujeme e\u0161te ve\u013ea rokov<\/li>\n<li>Po\u013esko zohr\u00e1va v Eur\u00f3pe a E\u00da \u010doraz d\u00f4le\u017eitej\u0161iu \u00falohu a Po\u013esko sa \u010doraz viac berie do \u00favahy. N\u00e1\u0161 ve\u013ek\u00fd \u00faspech: v E\u00da nebud\u00fa dva rozpo\u010dty, ani dvojr\u00fdchlostn\u00e1 E\u00da<\/li>\n<li>Bud\u00fa sa zda\u0148ova\u0165 ve\u013ek\u00e9 CH a ve\u013ek\u00e9 kancel\u00e1rske budovy, to je n\u00e1\u0161 ve\u013ek\u00fd triumf<\/li>\n<li>Po\u013esko je suver\u00e9nny \u0161t\u00e1t a zmeny, ktor\u00e9 sa od n\u00e1s o\u010dak\u00e1vaj\u00fa, sa uskuto\u010dnia za na\u0161ich podmienok<\/li>\n<li>Z\u00edskali sme sp\u00e4\u0165 \"zakopan\u00e9\" miliardy, z ktor\u00fdch financujeme na\u0161e programy. Peniaze na to s\u00fa v da\u0148ovom syst\u00e9me. M\u00e1me n\u00e1\u0161 ekonomick\u00fd model<\/li>\n<li>M\u00e1me pred sebou nieko\u013eko d\u00f4le\u017eit\u00fdch mesiacov. Mus\u00edme \u00eds\u0165 do Po\u013eska, preto\u017ee pracujeme pre Po\u013esko a Poliakov<\/li>\n<li>Pl\u00e1n zodpovedn\u00e9ho rozvoja je program na mnoho rokov, zmeny budeme zav\u00e1dza\u0165 postupne, aby \u013eudia vedeli, \u017ee sme tu pre nich.<\/li>\n<\/ul>\n<p>Podpredsedn\u00ed\u010dka vl\u00e1dy Beata Szyd\u0142o uviedla, \u017ee d\u00f4stojn\u00fd \u017eivot pre po\u013esk\u00e9 rodiny je nie\u010do, \u010do biely a \u010derven\u00fd t\u00edm dosiahli spolo\u010dne. Preto s\u00fa deti a rodina z\u00e1kladom Po\u013eska a na\u0161ej bud\u00facnosti:<\/p>\n<ul>\n<li>chceme zavies\u0165 zariadenia pre mlad\u00e9 matky<\/li>\n<li>\u00a0program bezplatn\u00fdch liekov pre tehotn\u00e9 \u017eeny<\/li>\n<li>\u00a0d\u00f4chodok pre \u017eeny, ktor\u00e9 nepracovali a vychovali aspo\u0148 4 deti<\/li>\n<\/ul>\n<p>Na zjazde vo Var\u0161ave boli okrem in\u00fdch pr\u00edtomn\u00ed predseda Sejmu Marek Kuchci\u0144ski, predseda Sen\u00e1tu Stanis\u0142aw Karczewski, ministri, poslanci.<\/p>\n<p><a href=\"https:\/\/marekkuchcinski.pl\/wp-content\/uploads\/2018\/04\/DSCF9361-1.jpg\"><img fetchpriority=\"high\" decoding=\"async\" class=\"alignnone size-full wp-image-9261\" src=\"https:\/\/marekkuchcinski.pl\/wp-content\/uploads\/2018\/04\/DSCF9361-1.jpg\" alt=\"DSCF9361 (1)\" width=\"3682\" height=\"2444\" srcset=\"https:\/\/marekkuchcinski.pl\/wp-content\/uploads\/2018\/04\/DSCF9361-1.jpg 2048w, https:\/\/marekkuchcinski.pl\/wp-content\/uploads\/2018\/04\/DSCF9361-1-300x199.jpg 300w, https:\/\/marekkuchcinski.pl\/wp-content\/uploads\/2018\/04\/DSCF9361-1-768x510.jpg 768w, https:\/\/marekkuchcinski.pl\/wp-content\/uploads\/2018\/04\/DSCF9361-1-1024x680.jpg 1024w\" sizes=\"(max-width: 3682px) 100vw, 3682px\" \/><\/a>\u0160\u00e9f strany Pr\u00e1vo a spravodlivos\u0165 (PiS) ozn\u00e1mil, akou cestou sa chce PiS na\u010falej ubera\u0165 pri rozhovoroch s Poliakmi. - Mus\u00edte neust\u00e1le pracova\u0165, preto\u017ee \"dobr\u00e1 zmena\" si vy\u017eaduje neust\u00e1lu \u010dinnos\u0165 - povedal Jaros\u0142aw Kaczy\u0144ski.<a href=\"https:\/\/marekkuchcinski.pl\/wp-content\/uploads\/2018\/04\/DSCF9294-1.jpg\"><img decoding=\"async\" class=\"alignnone size-full wp-image-9245\" src=\"https:\/\/marekkuchcinski.pl\/wp-content\/uploads\/2018\/04\/DSCF9294-1.jpg\" alt=\"DSCF9294 (1)\" width=\"3574\" height=\"2317\" srcset=\"https:\/\/marekkuchcinski.pl\/wp-content\/uploads\/2018\/04\/DSCF9294-1.jpg 2048w, https:\/\/marekkuchcinski.pl\/wp-content\/uploads\/2018\/04\/DSCF9294-1-300x194.jpg 300w, https:\/\/marekkuchcinski.pl\/wp-content\/uploads\/2018\/04\/DSCF9294-1-768x498.jpg 768w, https:\/\/marekkuchcinski.pl\/wp-content\/uploads\/2018\/04\/DSCF9294-1-1024x664.jpg 1024w\" sizes=\"(max-width: 3574px) 100vw, 3574px\" \/><\/a><a href=\"https:\/\/marekkuchcinski.pl\/wp-content\/uploads\/2018\/04\/DSCF9305-2-1.jpg\"><img decoding=\"async\" class=\"alignnone size-full wp-image-9264\" src=\"https:\/\/marekkuchcinski.pl\/wp-content\/uploads\/2018\/04\/DSCF9305-2-1.jpg\" alt=\"DSCF9305 (2)\" width=\"4896\" height=\"2760\" srcset=\"https:\/\/marekkuchcinski.pl\/wp-content\/uploads\/2018\/04\/DSCF9305-2-1.jpg 2048w, https:\/\/marekkuchcinski.pl\/wp-content\/uploads\/2018\/04\/DSCF9305-2-1-300x169.jpg 300w, https:\/\/marekkuchcinski.pl\/wp-content\/uploads\/2018\/04\/DSCF9305-2-1-768x433.jpg 768w, https:\/\/marekkuchcinski.pl\/wp-content\/uploads\/2018\/04\/DSCF9305-2-1-1024x577.jpg 1024w\" sizes=\"(max-width: 4896px) 100vw, 4896px\" \/><\/a><a href=\"https:\/\/marekkuchcinski.pl\/wp-content\/uploads\/2018\/04\/DSCF9371-1.jpg\"><img loading=\"lazy\" decoding=\"async\" class=\"alignnone size-full wp-image-9244\" src=\"https:\/\/marekkuchcinski.pl\/wp-content\/uploads\/2018\/04\/DSCF9371-1.jpg\" alt=\"DSCF9371 (1)\" width=\"3761\" height=\"2498\" srcset=\"https:\/\/marekkuchcinski.pl\/wp-content\/uploads\/2018\/04\/DSCF9371-1.jpg 2048w, https:\/\/marekkuchcinski.pl\/wp-content\/uploads\/2018\/04\/DSCF9371-1-300x199.jpg 300w, https:\/\/marekkuchcinski.pl\/wp-content\/uploads\/2018\/04\/DSCF9371-1-768x510.jpg 768w, https:\/\/marekkuchcinski.pl\/wp-content\/uploads\/2018\/04\/DSCF9371-1-1024x680.jpg 1024w\" sizes=\"(max-width: 3761px) 100vw, 3761px\" \/><\/a><\/p>","protected":false},"excerpt":{"rendered":"<p>Program Dobry start, czyli 300 z\u0142 jako wyprawka co roku dla uczni\u00f3w do 18. roku \u017cycia, obni\u017cka CIT z 15 do 9 proc., program wsparcia dla senior\u00f3w, ni\u017cszy ZUS dla ma\u0142ych firm, powo\u0142anie funduszu dr\u00f3g lokalnych &#8211; to najwa\u017cniejsze propozycje, jakie podczas konwencji Prawa i Sprawiedliwo\u015bci w Warszawie przedstawi\u0142 premier Mateusz Morawiecki. Ponadto premier naszkicowa\u0142 [&hellip;]<\/p>\n","protected":false},"author":6,"featured_media":9244,"comment_status":"open","ping_status":"open","sticky":false,"template":"","format":"standard","meta":{"ngg_post_thumbnail":0,"footnotes":""},"categories":[82,3],"tags":[],"class_list":["post-9242","post","type-post","status-publish","format-standard","has-post-thumbnail","hentry","category-prawo-i-sprawiedliwosc","category-wydarzenia"],"_links":{"self":[{"href":"https:\/\/marekkuchcinski.pl\/sk\/wp-json\/wp\/v2\/posts\/9242","targetHints":{"allow":["GET"]}}],"collection":[{"href":"https:\/\/marekkuchcinski.pl\/sk\/wp-json\/wp\/v2\/posts"}],"about":[{"href":"https:\/\/marekkuchcinski.pl\/sk\/wp-json\/wp\/v2\/types\/post"}],"author":[{"embeddable":true,"href":"https:\/\/marekkuchcinski.pl\/sk\/wp-json\/wp\/v2\/users\/6"}],"replies":[{"embeddable":true,"href":"https:\/\/marekkuchcinski.pl\/sk\/wp-json\/wp\/v2\/comments?post=9242"}],"version-history":[{"count":3,"href":"https:\/\/marekkuchcinski.pl\/sk\/wp-json\/wp\/v2\/posts\/9242\/revisions"}],"predecessor-version":[{"id":9265,"href":"https:\/\/marekkuchcinski.pl\/sk\/wp-json\/wp\/v2\/posts\/9242\/revisions\/9265"}],"wp:featuredmedia":[{"embeddable":true,"href":"https:\/\/marekkuchcinski.pl\/sk\/wp-json\/wp\/v2\/media\/9244"}],"wp:attachment":[{"href":"https:\/\/marekkuchcinski.pl\/sk\/wp-json\/wp\/v2\/media?parent=9242"}],"wp:term":[{"taxonomy":"category","embeddable":true,"href":"https:\/\/marekkuchcinski.pl\/sk\/wp-json\/wp\/v2\/categories?post=9242"},{"taxonomy":"post_tag","embeddable":true,"href":"https:\/\/marekkuchcinski.pl\/sk\/wp-json\/wp\/v2\/tags?post=9242"}],"curies":[{"name":"wp","href":"https:\/\/api.w.org\/{rel}","templated":true}]}}