{"id":9206,"date":"2018-04-12T16:11:44","date_gmt":"2018-04-12T14:11:44","guid":{"rendered":"https:\/\/marekkuchcinski.pl\/?p=9206"},"modified":"2018-04-12T16:11:44","modified_gmt":"2018-04-12T14:11:44","slug":"marszalek-sejmu-okazji-80-lecia-obserwatorium-gorze-pop-iwan-ufam-ze-stanie-sie-miejscem-cennej-polsko-ukrainskiej-wspolpracy-naukowej","status":"publish","type":"post","link":"https:\/\/marekkuchcinski.pl\/sk\/wydarzenia\/marszalek-sejmu-okazji-80-lecia-obserwatorium-gorze-pop-iwan-ufam-ze-stanie-sie-miejscem-cennej-polsko-ukrainskiej-wspolpracy-naukowej\/","title":{"rendered":"Predseda Sejmu pri pr\u00edle\u017eitosti 80. v\u00fdro\u010dia observat\u00f3ria na hore Pop Ivan: Ver\u00edm, \u017ee sa stane miestom hodnotnej po\u013esko-ukrajinskej vedeckej spolupr\u00e1ce"},"content":{"rendered":"<p>Pred 80 rokmi bolo na vrchu Pop Ivan v \u010ciernej Hore zriaden\u00e9 observat\u00f3rium. Biely slon sl\u00fa\u017eil ako astronomick\u00e9 a meteorologick\u00e9 observat\u00f3rium (najm\u00e4 na leteck\u00e9 \u00fa\u010dely). Dnes je to pekn\u00fd pr\u00edklad po\u013esko-ukrajinskej medziuniverzitnej spolupr\u00e1ce v oblasti vedeck\u00e9ho v\u00fdskumu, ekol\u00f3gie, turistiky, horskej z\u00e1chrany a region\u00e1lneho rozvoja.<\/p>\n<p>- S uspokojen\u00edm a uznan\u00edm som prijal inform\u00e1ciu o takomto d\u00f4stojnom pripomenut\u00ed objektu, ktor\u00fd je nielen v\u00fdznamnou stopou minulosti, ale aj mimoriadne d\u00f4le\u017eitou s\u00fa\u010das\u0165ou na\u0161ej kult\u00farnej identifik\u00e1cie a identity,\" nap\u00edsal predseda Sejmu v liste adresovanom \u00fa\u010dastn\u00edkom osl\u00e1v v\u00fdro\u010dia hvezd\u00e1rne. - Z\u00e1rove\u0148 som presved\u010den\u00fd, \u017ee observat\u00f3rium sa \u010doskoro stane miestom hodnotnej po\u013esko-ukrajinskej vedeckej spolupr\u00e1ce v\u010faka spolo\u010dnej iniciat\u00edve Centra v\u00fdchodoeur\u00f3pskych \u0161t\u00fadi\u00ed Var\u0161avskej univerzity a Karpatskej n\u00e1rodnej univerzity Vasy\u013ea Stefanyka v Ivano-Frankovsku.<\/p>\n<p>Mar\u0161al Kuchci\u0144ski zd\u00f4raznil, \u017ee s ve\u013ek\u00fdm z\u00e1ujmom sleduje priebeh renova\u010dn\u00fdch pr\u00e1c.  Predov\u0161etk\u00fdm z \u00facty k hist\u00f3rii a materi\u00e1lnemu dedi\u010dstvu minul\u00fdch gener\u00e1ci\u00ed, ale aj z osobnej\u0161\u00edch d\u00f4vodov. Hvezd\u00e1re\u0148 je pravdepodobne architektonick\u00fdm vzorom z\u00e1mku v mojom rodnom meste Przemy\u015bl. Na druhej strane sa nach\u00e1dza v Karpatoch, ktor\u00e9 pova\u017eujem za mimoriadne d\u00f4le\u017eit\u00e9 na mape n\u00e1\u0161ho kontinentu, a v\u00edtam ka\u017ed\u00fa iniciat\u00edvu na zachovanie a zve\u013ea\u010fovanie n\u00e1dhern\u00e9ho kult\u00farneho dedi\u010dstva tohto regi\u00f3nu.<\/p>\n<p>&nbsp;<\/p>\n<p><em>\u00a0 \u00a0 \u00a0 \u00a0 \u00a0 \u00a0 \u00a0 \u00a0 \u00a0 \u00a0 \u00a0 \u00a0 \u00a0 \u00a0 \u00a0 \u00a0 \u00a0 \u00a0 \u00a0 \u00a0 \u00a0 \u00a0 \u00a0 \u00a0 \u00a0 \u00a0 \u00a0 \u00a0 \u00a0 \u00a0 \u00a0 \u00a0 \u00a0 \u00a0 \u00a0\u00a0<\/em><a href=\"https:\/\/marekkuchcinski.pl\/wp-content\/uploads\/2018\/04\/piwan.jpg\"><img fetchpriority=\"high\" decoding=\"async\" class=\"alignnone size-full wp-image-9210\" src=\"https:\/\/marekkuchcinski.pl\/wp-content\/uploads\/2018\/04\/piwan.jpg\" alt=\"piwan\" width=\"1200\" height=\"790\" srcset=\"https:\/\/marekkuchcinski.pl\/wp-content\/uploads\/2018\/04\/piwan.jpg 1200w, https:\/\/marekkuchcinski.pl\/wp-content\/uploads\/2018\/04\/piwan-300x198.jpg 300w, https:\/\/marekkuchcinski.pl\/wp-content\/uploads\/2018\/04\/piwan-768x506.jpg 768w, https:\/\/marekkuchcinski.pl\/wp-content\/uploads\/2018\/04\/piwan-1024x674.jpg 1024w\" sizes=\"(max-width: 1200px) 100vw, 1200px\" \/><\/a><a href=\"https:\/\/marekkuchcinski.pl\/wp-content\/uploads\/2018\/04\/Pop-Iwan.jpg\"><img decoding=\"async\" class=\"alignnone size-full wp-image-9211\" src=\"https:\/\/marekkuchcinski.pl\/wp-content\/uploads\/2018\/04\/Pop-Iwan.jpg\" alt=\"Pop Iwan\" width=\"4000\" height=\"3000\" srcset=\"https:\/\/marekkuchcinski.pl\/wp-content\/uploads\/2018\/04\/Pop-Iwan.jpg 2048w, https:\/\/marekkuchcinski.pl\/wp-content\/uploads\/2018\/04\/Pop-Iwan-300x225.jpg 300w, https:\/\/marekkuchcinski.pl\/wp-content\/uploads\/2018\/04\/Pop-Iwan-768x576.jpg 768w, https:\/\/marekkuchcinski.pl\/wp-content\/uploads\/2018\/04\/Pop-Iwan-1024x768.jpg 1024w\" sizes=\"(max-width: 4000px) 100vw, 4000px\" \/><\/a><\/p>\n<p><em>foto: Centrum v\u00fdchodoeur\u00f3pskych \u0161t\u00fadi\u00ed, Var\u0161avsk\u00e1 univerzita<\/em><\/p>","protected":false},"excerpt":{"rendered":"<p>80 lat temu powo\u0142ano do \u017cycia\u00a0 obserwatorium na g\u00f3rze Pop Iwan w Czarnohorze. Bia\u0142y S\u0142o\u0144 pe\u0142ni\u0142 funkcj\u0119 zar\u00f3wno obserwatorium astronomicznego, jak i meteorologicznego (g\u0142\u00f3wnie dla potrzeb lotnictwa). Dzi\u015b jest on pi\u0119knym przyk\u0142adem polsko-ukrai\u0144skiej wsp\u00f3\u0142pracy mi\u0119dzyuniwersyteckiej na rzecz bada\u0144 naukowych, ekologii, turystyki, ratownictwa g\u00f3rskiego, rozwoju regionu. \u2013\u00a0Z\u00a0satysfakcj\u0105 i uznaniem przyj\u0105\u0142em informacj\u0119 o tak godnym uczczeniu obiektu, [&hellip;]<\/p>\n","protected":false},"author":6,"featured_media":9211,"comment_status":"open","ping_status":"open","sticky":false,"template":"","format":"standard","meta":{"ngg_post_thumbnail":0,"footnotes":""},"categories":[49,77,3],"tags":[],"class_list":["post-9206","post","type-post","status-publish","format-standard","has-post-thumbnail","hentry","category-podkarpacie","category-wazne-daty","category-wydarzenia"],"_links":{"self":[{"href":"https:\/\/marekkuchcinski.pl\/sk\/wp-json\/wp\/v2\/posts\/9206","targetHints":{"allow":["GET"]}}],"collection":[{"href":"https:\/\/marekkuchcinski.pl\/sk\/wp-json\/wp\/v2\/posts"}],"about":[{"href":"https:\/\/marekkuchcinski.pl\/sk\/wp-json\/wp\/v2\/types\/post"}],"author":[{"embeddable":true,"href":"https:\/\/marekkuchcinski.pl\/sk\/wp-json\/wp\/v2\/users\/6"}],"replies":[{"embeddable":true,"href":"https:\/\/marekkuchcinski.pl\/sk\/wp-json\/wp\/v2\/comments?post=9206"}],"version-history":[{"count":8,"href":"https:\/\/marekkuchcinski.pl\/sk\/wp-json\/wp\/v2\/posts\/9206\/revisions"}],"predecessor-version":[{"id":9219,"href":"https:\/\/marekkuchcinski.pl\/sk\/wp-json\/wp\/v2\/posts\/9206\/revisions\/9219"}],"wp:featuredmedia":[{"embeddable":true,"href":"https:\/\/marekkuchcinski.pl\/sk\/wp-json\/wp\/v2\/media\/9211"}],"wp:attachment":[{"href":"https:\/\/marekkuchcinski.pl\/sk\/wp-json\/wp\/v2\/media?parent=9206"}],"wp:term":[{"taxonomy":"category","embeddable":true,"href":"https:\/\/marekkuchcinski.pl\/sk\/wp-json\/wp\/v2\/categories?post=9206"},{"taxonomy":"post_tag","embeddable":true,"href":"https:\/\/marekkuchcinski.pl\/sk\/wp-json\/wp\/v2\/tags?post=9206"}],"curies":[{"name":"wp","href":"https:\/\/api.w.org\/{rel}","templated":true}]}}