{"id":9199,"date":"2018-04-12T18:26:57","date_gmt":"2018-04-12T16:26:57","guid":{"rendered":"https:\/\/marekkuchcinski.pl\/?p=9199"},"modified":"2018-04-13T16:25:57","modified_gmt":"2018-04-13T14:25:57","slug":"marszalek-sejmu-marek-kuchcinski-honorowym-obywatelem-miasta-przemysla","status":"publish","type":"post","link":"https:\/\/marekkuchcinski.pl\/sk\/wydarzenia\/marszalek-sejmu-marek-kuchcinski-honorowym-obywatelem-miasta-przemysla\/","title":{"rendered":"Predseda Sejmu Marek Kuchci\u0144ski \u010cestn\u00fd ob\u010dan mesta Przemy\u015bl"},"content":{"rendered":"<p><strong>Mestsk\u00e1 rada mesta Przemy\u015bl udelila predsedovi Sejmu Marekovi Kuchci\u0144sk\u00e9mu titul \u010destn\u00e9ho ob\u010dana mesta. Za uznesenie hlasovalo 12 \u010dlenov rady, 4 boli proti a jeden sa zdr\u017eal hlasovania.\u00a0<\/strong><\/p>\n<p>Predseda mestskej rady v Przemy\u015bli dostal list od \u010dlenov b\u00fdval\u00e9ho V\u00fdboru ob\u010dianskej solidarity s n\u00e1vrhom na predlo\u017eenie legislat\u00edvnej iniciat\u00edvy. \"Uzn\u00e1vaj\u00fac obrovsk\u00e9 nasadenie a obetavos\u0165 v prospech na\u0161ej malej i ve\u013ekej vlasti, ako aj dlhoro\u010dn\u00fa svedomit\u00fa pr\u00e1cu v prospech regi\u00f3nu, a tie\u017e vyjadruj\u00fac \u00factu k funkcii predsedu Sejmu Po\u013eskej republiky, Mestsk\u00e9 zastupite\u013estvo v Przemy\u015bli ude\u013euje p\u00e1novi Marekovi Tadeuszovi Kuchci\u0144sk\u00e9mu titul \u010cestn\u00fd ob\u010dan mesta Przemy\u015bl, vyjadruj\u00fac mu v\u010faku za jeho postoj a osobn\u00fd pr\u00ednos k propag\u00e1cii svojho mesta na n\u00e1rodnom a medzin\u00e1rodnom f\u00f3re,\" nap\u00edsal v n\u00e1vrhu uznesenia prim\u00e1tor mesta Przemy\u015bl Robert Choma.<\/p>\n<p>Po\u010das zasadnutia mestsk\u00e9ho zastupite\u013estva predseda Choma tie\u017e argumentoval, \u017ee udelenie tohto titulu predsedovi Sejmu, druh\u00e9mu \u010dloveku v krajine, rod\u00e1kovi z Przemy\u015bla pri pr\u00edle\u017eitosti 550. v\u00fdro\u010dia parlamentarizmu, je plne opr\u00e1vnen\u00e9.<\/p>\n<p>Lucyna Podhaliczov\u00e1, z\u00e1stupky\u0148a vojvodu Podkarpatskej Rusi, si tie\u017e mysl\u00ed, \u017ee mar\u0161\u00e1l Marek Kuchci\u0144ski si t\u00fato poctu zasl\u00fa\u017ei. - Je inici\u00e1torom zalo\u017eenia \u0160t\u00e1tnej v\u00fdchodoeur\u00f3pskej univerzity v Przemy\u015bli, inici\u00e1torom prijatia Programu pre v\u00fdchodn\u00e9 Po\u013esko, ktor\u00fd financoval v\u00fdstavbu obchvatu Przemy\u015bla. V\u010faka \u00fasiliu Mareka Kuchci\u0144sk\u00e9ho sa v Przemy\u015bli nach\u00e1dza Podkarpatsk\u00fd coln\u00fd a da\u0148ov\u00fd \u00farad (Podkarpacki Urz\u0105d Celno-Skarbowy) a pobo\u010dka N\u00e1rodnej da\u0148ovej \u0161koly. Mar\u0161al Sejmu je tie\u017e inici\u00e1torom medzin\u00e1rodn\u00e9ho programu pre Karpaty vr\u00e1tane vytvorenia medzin\u00e1rodnej cesty Via Carpatia. Je zatia\u013e jedin\u00fdm ob\u010danom Przemy\u015blna, ktor\u00fd sedel v predsedn\u00edctve s\u00fa\u010dasn\u00e9ho Sejmu, najprv ako vicemar\u0161\u00e1l, potom ako mar\u0161al,\" tvrd\u00ed.<\/p>\n<p>V 80. rokoch minul\u00e9ho storo\u010dia Marek Kuchci\u0144ski organizoval nez\u00e1visl\u00e9 kult\u00farne prostredie v Przemy\u015bli, vyd\u00e1val a spoluredigoval \u0161tvr\u0165ro\u010dn\u00edk Strych Kulturalny (Kult\u00farna podkrovie) mimo cenz\u00fary. Bol akt\u00edvny v nez\u00e1vislom ro\u013en\u00edckom hnut\u00ed - okrem in\u00e9ho bol \u010dlenom Celopo\u013esk\u00e9ho ro\u013en\u00edckeho v\u00fdboru odporu. V rokoch 1983-1989, tie\u017e bez cenz\u00fary, spoluorganizoval Dni kres\u0165anskej kult\u00fary v Przemy\u015bli a medzin\u00e1rodn\u00e9 umeleck\u00e9 v\u00fdstavy \"\u010clovek - Boh - Svet\". V roku 1985 bol zatknut\u00fd za opozi\u010dn\u00fa \u010dinnos\u0165. V roku 1989 bol spoluzakladate\u013eom Ob\u010dianskeho v\u00fdboru \"Solidarita\" v Przemy\u0161lskom vojvodstve. V rokoch 1990-1992 bol \u010dlenom N\u00e1rodn\u00e9ho ob\u010dianskeho v\u00fdboru \"Solidarita\" pod veden\u00edm Lecha Wa\u0142\u0119su. V rokoch 1990-1999 bol \u010dlenom Centra dohody a predsedom Przemysk\u00e9ho kult\u00farneho zdru\u017eenia, vydavate\u013eom \u0161tvr\u0165ro\u010dn\u00edka \"Spojrzenia Przemyskie\", podpredsedom Rzeszowskej pobo\u010dky Spolku po\u013esk\u00fdch novin\u00e1rov a predsedom programovej rady Po\u013esk\u00e9ho rozhlasu Rzesz\u00f3w. V rokoch 1994-1999 bol radn\u00fdm v meste Przemy\u015bl. V rokoch 1990-1999 bol \u010dlenom Centra dohody, ktor\u00e9 viedol v Przemy\u0161lskom vojvodstve.<\/p>\n<p>V rokoch 1999 a\u017e 2001 zast\u00e1val funkciu viceguvern\u00e9ra Podkarpatsk\u00e9ho vojvodstva. Od roku 2001 bol postupne poslancom Sejmu za stranu Pr\u00e1vo a spravodlivos\u0165. D\u0148a 4. augusta 2010 som sa stal podpredsedom Sejmu \u0161iesteho volebn\u00e9ho obdobia a 8. novembra 2011 - Podpredseda Sejmu v 7. funk\u010dnom obdob\u00ed. Od 12. novembra 2015 je predsedom Sejmu 8. volebn\u00e9ho obdobia.<\/p>\n<p>&nbsp;<\/p>\n<h3><strong><span style=\"color: #2f91c2;\"><a style=\"color: #2f91c2;\" href=\"https:\/\/marekkuchcinski.pl\/wp-content\/uploads\/2018\/04\/Uchwa\u0142a-HOMP.pdf\">Rozl\u00ed\u0161enie\u00a0<\/a><\/span><\/strong><\/h3>\n<p>&nbsp;<\/p>\n<p><a href=\"https:\/\/marekkuchcinski.pl\/wp-content\/uploads\/2018\/04\/husar.jpg\"><img fetchpriority=\"high\" decoding=\"async\" class=\"alignnone size-full wp-image-9200\" src=\"https:\/\/marekkuchcinski.pl\/wp-content\/uploads\/2018\/04\/husar.jpg\" alt=\"husar\" width=\"1549\" height=\"1015\" srcset=\"https:\/\/marekkuchcinski.pl\/wp-content\/uploads\/2018\/04\/husar.jpg 1549w, https:\/\/marekkuchcinski.pl\/wp-content\/uploads\/2018\/04\/husar-300x197.jpg 300w, https:\/\/marekkuchcinski.pl\/wp-content\/uploads\/2018\/04\/husar-768x503.jpg 768w, https:\/\/marekkuchcinski.pl\/wp-content\/uploads\/2018\/04\/husar-1024x671.jpg 1024w\" sizes=\"(max-width: 1549px) 100vw, 1549px\" \/><\/a>Predseda Sejmu po\u010das odhalenia pomn\u00edka jazdca a hus\u00e1ra na N\u00e1mest\u00ed Dominika\u0144sk\u00e9ho v Przemy\u015bli.<em> Foto: Pawe\u0142 Kula \/ Sejm<\/em><\/p>","protected":false},"excerpt":{"rendered":"<p>Rada Miasta Przemy\u015bla przyzna\u0142a marsza\u0142kowi Sejmu Markowi Kuchci\u0144skiemu tytu\u0142 Honorowego Obywatela Miasta. Za przyj\u0119ciem uchwa\u0142y by\u0142o 12 radnych, przeciwko 4, jeden wstrzyma\u0142 si\u0119 od g\u0142osu.\u00a0 Do przewodnicz\u0105cego Rady Miejskiej w Przemy\u015blu wp\u0142yn\u0119\u0142o pismo cz\u0142onk\u00f3w by\u0142ego Obywatelskiego Komitetu \u201eSolidarno\u015b\u0107\u201d z propozycj\u0105 wyst\u0105pienia z inicjatyw\u0105 ustawodawcz\u0105. \u201eUznaj\u0105c ogromne zaanga\u017cowanie i po\u015bwi\u0119cenie dla dobra ma\u0142ej i du\u017cej Ojczyzny [&hellip;]<\/p>\n","protected":false},"author":6,"featured_media":9200,"comment_status":"open","ping_status":"open","sticky":false,"template":"","format":"standard","meta":{"ngg_post_thumbnail":0,"footnotes":""},"categories":[49,3],"tags":[],"class_list":["post-9199","post","type-post","status-publish","format-standard","has-post-thumbnail","hentry","category-podkarpacie","category-wydarzenia"],"_links":{"self":[{"href":"https:\/\/marekkuchcinski.pl\/sk\/wp-json\/wp\/v2\/posts\/9199","targetHints":{"allow":["GET"]}}],"collection":[{"href":"https:\/\/marekkuchcinski.pl\/sk\/wp-json\/wp\/v2\/posts"}],"about":[{"href":"https:\/\/marekkuchcinski.pl\/sk\/wp-json\/wp\/v2\/types\/post"}],"author":[{"embeddable":true,"href":"https:\/\/marekkuchcinski.pl\/sk\/wp-json\/wp\/v2\/users\/6"}],"replies":[{"embeddable":true,"href":"https:\/\/marekkuchcinski.pl\/sk\/wp-json\/wp\/v2\/comments?post=9199"}],"version-history":[{"count":14,"href":"https:\/\/marekkuchcinski.pl\/sk\/wp-json\/wp\/v2\/posts\/9199\/revisions"}],"predecessor-version":[{"id":9238,"href":"https:\/\/marekkuchcinski.pl\/sk\/wp-json\/wp\/v2\/posts\/9199\/revisions\/9238"}],"wp:featuredmedia":[{"embeddable":true,"href":"https:\/\/marekkuchcinski.pl\/sk\/wp-json\/wp\/v2\/media\/9200"}],"wp:attachment":[{"href":"https:\/\/marekkuchcinski.pl\/sk\/wp-json\/wp\/v2\/media?parent=9199"}],"wp:term":[{"taxonomy":"category","embeddable":true,"href":"https:\/\/marekkuchcinski.pl\/sk\/wp-json\/wp\/v2\/categories?post=9199"},{"taxonomy":"post_tag","embeddable":true,"href":"https:\/\/marekkuchcinski.pl\/sk\/wp-json\/wp\/v2\/tags?post=9199"}],"curies":[{"name":"wp","href":"https:\/\/api.w.org\/{rel}","templated":true}]}}