{"id":8772,"date":"2018-02-26T10:11:07","date_gmt":"2018-02-26T09:11:07","guid":{"rendered":"https:\/\/marekkuchcinski.pl\/?p=8772"},"modified":"2018-02-26T15:50:09","modified_gmt":"2018-02-26T14:50:09","slug":"marszalek-sejmu-otworzyl-xiii-swiatowe-zimowe-igrzyska-polonijne","status":"publish","type":"post","link":"https:\/\/marekkuchcinski.pl\/sk\/wydarzenia\/marszalek-sejmu-otworzyl-xiii-swiatowe-zimowe-igrzyska-polonijne\/","title":{"rendered":"Predseda Sejmu otvoril 13. svetov\u00fa zimn\u00fa po\u013esk\u00fa olympi\u00e1du"},"content":{"rendered":"<p>Dnes sme sa tu zi\u0161li, aby sme zd\u00f4raznili na\u0161e spolo\u010denstvo a vyjadrili \u00factu v\u0161etk\u00fdm na\u0161im krajanom na celom svete, ktor\u00fdch je viac ako 60 mili\u00f3nov. Okrem in\u00e9ho vynik\u00e1me aj t\u00fdm, \u017ee ako jedin\u00ed pou\u017e\u00edvame tento kr\u00e1sny v\u00fdraz: Polonia, ke\u010f hovor\u00edme o na\u0161om n\u00e1rode,\" povedal predseda Sejmu Marek Kuchci\u0144ski pri otvoren\u00ed zimn\u00fdch hier v Krynici.<\/p>\n<p>Predseda Sen\u00e1tu argumentoval, \u017ee podujatia ako Svetov\u00e9 po\u013esk\u00e9 zimn\u00e9 hry buduj\u00fa mosty.  - S\u00fa mostom medzi nami a medzi Poliakmi \u017eij\u00facimi na celom svete, s\u00fa spolo\u010denstvom 20 mili\u00f3nov \u013eud\u00ed, ktor\u00ed c\u00edtia puto s Po\u013eskom. Sejm a Sen\u00e1t pracuj\u00fa na tom, aby sa toto puto st\u00e1le upev\u0148ovalo,\" povedal Stanis\u0142aw Karczewski.<\/p>\n<p>\u0160portovci z viac ako 20 kraj\u00edn pri\u0161li do Krynice s\u00fa\u0165a\u017ei\u0165 v \u00f4smich \u0161portoch: beh na ly\u017eiach, alpsk\u00e9 ly\u017eovanie, \u013eadov\u00fd hokej, nordic walking, kor\u010du\u013eovanie na viacer\u00fdch kor\u010duliach, short track, snowboarding a rodinn\u00fd turnaj. S\u00fa\u0165a\u017e potrv\u00e1 do 2. marca 2018.<\/p>\n<p>Svetov\u00e9 po\u013esk\u00e9 zimn\u00e9 hry financuje Sen\u00e1t z prostriedkov ur\u010den\u00fdch na starostlivos\u0165 o po\u013esk\u00fa komunitu a Poliakov v zahrani\u010d\u00ed. Podujatie organizuje zdru\u017eenie \"Po\u013esk\u00e1 komunita\". Olympijsk\u00e9 hry sa konaj\u00fa pod \u010destnou z\u00e1\u0161titou prezidenta Andrzeja Dudu.<\/p>\n<h5><em>Foto: Kancel\u00e1ria Sen\u00e1tu<\/em><\/h5>\n<p><a href=\"https:\/\/marekkuchcinski.pl\/wp-content\/uploads\/2018\/02\/Igrzyska.jpg\"><img fetchpriority=\"high\" decoding=\"async\" class=\"alignnone size-full wp-image-8784\" src=\"https:\/\/marekkuchcinski.pl\/wp-content\/uploads\/2018\/02\/Igrzyska.jpg\" alt=\"Igrzyska\" width=\"3846\" height=\"2577\" srcset=\"https:\/\/marekkuchcinski.pl\/wp-content\/uploads\/2018\/02\/Igrzyska.jpg 2048w, https:\/\/marekkuchcinski.pl\/wp-content\/uploads\/2018\/02\/Igrzyska-300x201.jpg 300w, https:\/\/marekkuchcinski.pl\/wp-content\/uploads\/2018\/02\/Igrzyska-768x515.jpg 768w, https:\/\/marekkuchcinski.pl\/wp-content\/uploads\/2018\/02\/Igrzyska-1024x686.jpg 1024w\" sizes=\"(max-width: 3846px) 100vw, 3846px\" \/><\/a><a href=\"https:\/\/marekkuchcinski.pl\/wp-content\/uploads\/2018\/02\/IO3.jpg\"><img decoding=\"async\" class=\"alignnone size-full wp-image-8786\" src=\"https:\/\/marekkuchcinski.pl\/wp-content\/uploads\/2018\/02\/IO3.jpg\" alt=\"IO3\" width=\"6355\" height=\"4319\" srcset=\"https:\/\/marekkuchcinski.pl\/wp-content\/uploads\/2018\/02\/IO3.jpg 2048w, https:\/\/marekkuchcinski.pl\/wp-content\/uploads\/2018\/02\/IO3-300x204.jpg 300w, https:\/\/marekkuchcinski.pl\/wp-content\/uploads\/2018\/02\/IO3-768x522.jpg 768w, https:\/\/marekkuchcinski.pl\/wp-content\/uploads\/2018\/02\/IO3-1024x696.jpg 1024w\" sizes=\"(max-width: 6355px) 100vw, 6355px\" \/><\/a> <a href=\"https:\/\/marekkuchcinski.pl\/wp-content\/uploads\/2018\/02\/IO-4.jpg\"><img decoding=\"async\" class=\"alignnone size-full wp-image-8787\" src=\"https:\/\/marekkuchcinski.pl\/wp-content\/uploads\/2018\/02\/IO-4.jpg\" alt=\"IO 4\" width=\"5621\" height=\"3912\" srcset=\"https:\/\/marekkuchcinski.pl\/wp-content\/uploads\/2018\/02\/IO-4.jpg 2048w, https:\/\/marekkuchcinski.pl\/wp-content\/uploads\/2018\/02\/IO-4-300x209.jpg 300w, https:\/\/marekkuchcinski.pl\/wp-content\/uploads\/2018\/02\/IO-4-768x534.jpg 768w, https:\/\/marekkuchcinski.pl\/wp-content\/uploads\/2018\/02\/IO-4-1024x713.jpg 1024w\" sizes=\"(max-width: 5621px) 100vw, 5621px\" \/><\/a> <a href=\"https:\/\/marekkuchcinski.pl\/wp-content\/uploads\/2018\/02\/IO-2.jpg\"><img loading=\"lazy\" decoding=\"async\" class=\"alignnone size-full wp-image-8788\" src=\"https:\/\/marekkuchcinski.pl\/wp-content\/uploads\/2018\/02\/IO-2.jpg\" alt=\"IO 2\" width=\"6183\" height=\"4221\" srcset=\"https:\/\/marekkuchcinski.pl\/wp-content\/uploads\/2018\/02\/IO-2.jpg 2048w, https:\/\/marekkuchcinski.pl\/wp-content\/uploads\/2018\/02\/IO-2-300x205.jpg 300w, https:\/\/marekkuchcinski.pl\/wp-content\/uploads\/2018\/02\/IO-2-768x524.jpg 768w, https:\/\/marekkuchcinski.pl\/wp-content\/uploads\/2018\/02\/IO-2-1024x699.jpg 1024w\" sizes=\"(max-width: 6183px) 100vw, 6183px\" \/><\/a><\/p>\n<p>&nbsp;<\/p>","protected":false},"excerpt":{"rendered":"<p>Jeste\u015bmy tu dzi\u015b razem dla podkre\u015blenia naszej wsp\u00f3lnoty oraz dla wyra\u017cenia szacunku dla wszystkich naszych rodak\u00f3w na ca\u0142ym \u015bwiecie, a jest nas ponad 60 mln. Wyr\u00f3\u017cniamy si\u0119 m.in. tym, \u017ce tylko my u\u017cywamy tego pi\u0119knego okre\u015blenia: Polonia, gdy m\u00f3wimy o naszym narodzie\u00a0\u2013 powiedzia\u0142 marsza\u0142ek Sejmu Marek Kuchci\u0144ski, otwieraj\u0105c zimowe igrzyska w Krynicy. Marsza\u0142ek Senatu przekonywa\u0142, [&hellip;]<\/p>\n","protected":false},"author":6,"featured_media":8784,"comment_status":"open","ping_status":"open","sticky":false,"template":"","format":"standard","meta":{"ngg_post_thumbnail":0,"footnotes":""},"categories":[50,3],"tags":[],"class_list":["post-8772","post","type-post","status-publish","format-standard","has-post-thumbnail","hentry","category-wspolpraca-miedzynarodowa","category-wydarzenia"],"_links":{"self":[{"href":"https:\/\/marekkuchcinski.pl\/sk\/wp-json\/wp\/v2\/posts\/8772","targetHints":{"allow":["GET"]}}],"collection":[{"href":"https:\/\/marekkuchcinski.pl\/sk\/wp-json\/wp\/v2\/posts"}],"about":[{"href":"https:\/\/marekkuchcinski.pl\/sk\/wp-json\/wp\/v2\/types\/post"}],"author":[{"embeddable":true,"href":"https:\/\/marekkuchcinski.pl\/sk\/wp-json\/wp\/v2\/users\/6"}],"replies":[{"embeddable":true,"href":"https:\/\/marekkuchcinski.pl\/sk\/wp-json\/wp\/v2\/comments?post=8772"}],"version-history":[{"count":8,"href":"https:\/\/marekkuchcinski.pl\/sk\/wp-json\/wp\/v2\/posts\/8772\/revisions"}],"predecessor-version":[{"id":8792,"href":"https:\/\/marekkuchcinski.pl\/sk\/wp-json\/wp\/v2\/posts\/8772\/revisions\/8792"}],"wp:featuredmedia":[{"embeddable":true,"href":"https:\/\/marekkuchcinski.pl\/sk\/wp-json\/wp\/v2\/media\/8784"}],"wp:attachment":[{"href":"https:\/\/marekkuchcinski.pl\/sk\/wp-json\/wp\/v2\/media?parent=8772"}],"wp:term":[{"taxonomy":"category","embeddable":true,"href":"https:\/\/marekkuchcinski.pl\/sk\/wp-json\/wp\/v2\/categories?post=8772"},{"taxonomy":"post_tag","embeddable":true,"href":"https:\/\/marekkuchcinski.pl\/sk\/wp-json\/wp\/v2\/tags?post=8772"}],"curies":[{"name":"wp","href":"https:\/\/api.w.org\/{rel}","templated":true}]}}