{"id":8610,"date":"2018-02-16T20:45:08","date_gmt":"2018-02-16T19:45:08","guid":{"rendered":"https:\/\/marekkuchcinski.pl\/?p=8610"},"modified":"2018-02-16T20:59:17","modified_gmt":"2018-02-16T19:59:17","slug":"xx-edycja-konferencji-europa-karpat-program","status":"publish","type":"post","link":"https:\/\/marekkuchcinski.pl\/sk\/wydarzenia\/xx-edycja-konferencji-europa-karpat-program\/","title":{"rendered":"20. ro\u010dn\u00edk konferencie \"Karpatsk\u00e1 Eur\u00f3pa\" - program"},"content":{"rendered":"<p dir=\"ltr\"><strong>U\u017e po dvadsiaty raz sa stretn\u00fa politici, vedci a predstavitelia miestnych samospr\u00e1v, aby h\u013eadali sp\u00f4soby, ako posilni\u0165 karpatsk\u00fd regi\u00f3n a zabezpe\u010di\u0165 jeho infra\u0161trukt\u00farny a hospod\u00e1rsky rozvoj, zv\u00fd\u0161i\u0165 \u017eivotn\u00fa \u00farove\u0148 a rozumne hospod\u00e1ri\u0165 s pr\u00edrodn\u00fdmi zdrojmi, napr\u00edklad s vodou.<\/strong><\/p>\n<p dir=\"ltr\">Medzi panelistami s\u00fa Ryszard Terlecki, podpredseda Sejmu Po\u013eskej republiky (N\u00e1rodn\u00e9 sk\u00fasenosti a ciele), Jacek Czaputowicz, minister zahrani\u010dn\u00fdch vec\u00ed (N\u00e1rodn\u00e9 sk\u00fasenosti a ciele), Jerzy Kwieci\u0144ski, minister invest\u00edci\u00ed a rozvoja (Program pre Bieszczady), Andrzej Adamczyk, minister infra\u0161trukt\u00fary (Via Carpatia).<\/p>\n<p dir=\"ltr\"><strong>PROGRAM:<\/strong><\/p>\n<p dir=\"ltr\">9:30 Otvorenie v\u00fdstavy prezentuj\u00facej v\u00fdsledky 20. ro\u010dn\u00edka konferencie Karpatsk\u00e1 Eur\u00f3pa<\/p>\n<p dir=\"ltr\">(N\u00e1rodn\u00e9 m\u00fazeum Przemysl, n\u00e1mestie Pl. Berka Joselewicza 1, Przemysl)<\/p>\n<p dir=\"ltr\">Odovzdanie jubilejnej medaily<\/p>\n<p dir=\"ltr\">9:45 Otvorenie konferencie predsedom Sejmu Po\u013eskej republiky Marekom Kuchci\u0144sk\u00fdm (N\u00e1rodn\u00e9 m\u00fazeum Przemysla, n\u00e1mestie Pl. Bereka Joselewicza 1, Przemysl)<\/p>\n<p dir=\"ltr\">10:00 - 11:00 Panel I \"Parlamentn\u00e9 trad\u00edcie v strednej a v\u00fdchodnej Eur\u00f3pe\"<\/p>\n<p dir=\"ltr\">\u00a0\u00a0\u00a0 Moder\u00e1tor: Waldemar Paruch, koordin\u00e1tor poradcov predsedu po\u013esk\u00e9ho Sejmu.<\/p>\n<p dir=\"ltr\">\u00a0\u00a0\u00a0 \u00a0\u00a0\u00a0 \u00da\u010dastn\u00edci diskusie:<\/p>\n<ol>\n<li dir=\"ltr\">\n<p dir=\"ltr\">Yavor Notev, podpredseda N\u00e1rodn\u00e9ho zhroma\u017edenia Bulharskej republiky,<\/p>\n<\/li>\n<li dir=\"ltr\">\n<p dir=\"ltr\">W\u0142odzimierz Bernacki, poslanec, predseda po\u013eskej parlamentnej deleg\u00e1cie v Parlamentnom zhroma\u017eden\u00ed Rady Eur\u00f3py,<\/p>\n<\/li>\n<li dir=\"ltr\">\n<p dir=\"ltr\">Mykola K\u0148a\u017eickij, predseda V\u00fdboru pre kult\u00faru a duchovnos\u0165 Najvy\u0161\u0161ej rady Ukrajiny,<\/p>\n<\/li>\n<li dir=\"ltr\">\n<p dir=\"ltr\">J\u00e1n Hudack\u00fd, predseda RAIC Pre\u0161ov, b\u00fdval\u00fd poslanec N\u00e1rodnej rady SR,<\/p>\n<\/li>\n<li dir=\"ltr\">\n<p dir=\"ltr\">Pavol Ma\u010dala, Vedeck\u00e1 asoci\u00e1cia presonizmu, Slovensko<\/p>\n<\/li>\n<\/ol>\n<p dir=\"ltr\">11:00 - 12:00 Panel II \"Bud\u00facnos\u0165 Eur\u00f3pskej \u00fanie - n\u00e1rodn\u00e9 sk\u00fasenosti a ciele\"<\/p>\n<p dir=\"ltr\">\u00a0\u00a0\u00a0 Moder\u00e1tor: Zdzis\u0142aw Krasnod\u0119bski, poslanec Eur\u00f3pskeho parlamentu,<\/p>\n<p dir=\"ltr\">Osobitn\u00fd hos\u0165: Jacek Czaputowicz, minister zahrani\u010dn\u00fdch vec\u00ed,<\/p>\n<p dir=\"ltr\">\u00da\u010dastn\u00edci diskusie:<\/p>\n<ol>\n<li dir=\"ltr\">\n<p dir=\"ltr\">Ryszard Terlecki, podpredseda po\u013esk\u00e9ho parlamentu,<\/p>\n<\/li>\n<li dir=\"ltr\">\n<p dir=\"ltr\">Rich\u00e1rd H\u00f6rcsik, predseda V\u00fdboru pre z\u00e1le\u017eitosti E\u00da ma\u010farsk\u00e9ho N\u00e1rodn\u00e9ho zhroma\u017edenia,<\/p>\n<\/li>\n<li dir=\"ltr\">\n<p dir=\"ltr\">Martin Fronc, B. poslanec N\u00e1rodnej rady Slovenskej republiky,<\/p>\n<\/li>\n<li dir=\"ltr\">\n<p dir=\"ltr\">Anatolij Matvijenko, poslanec Najvy\u0161\u0161ej rady Ukrajiny,<\/p>\n<\/li>\n<li dir=\"ltr\">\n<p dir=\"ltr\">David Engels, predn\u00e1\u0161aj\u00faci na Slobodnej univerzite v Bruseli,<\/p>\n<\/li>\n<li dir=\"ltr\">\n<p dir=\"ltr\">Markiyan Malsky, ved\u00faci Katedry medzin\u00e1rodn\u00fdch vz\u0165ahov a diplomatickej slu\u017eby, \u013dvovsk\u00e1 univerzita<\/p>\n<\/li>\n<\/ol>\n<p dir=\"ltr\">12:00 - 12:30 prest\u00e1vka na k\u00e1vu<\/p>\n<p dir=\"ltr\">12:30 - 13:30 Panel III \"Spolupr\u00e1ca miestnych samospr\u00e1v\"<\/p>\n<p dir=\"ltr\">Moder\u00e1tor: Robert Choma, prim\u00e1tor mesta Przemy\u015bl<\/p>\n<p dir=\"ltr\">\u00da\u010dastn\u00edci diskusie:<\/p>\n<ol>\n<li dir=\"ltr\">\n<p dir=\"ltr\">Attila Sikora, z\u00e1stupca prim\u00e1tora mesta S\u00e1rospatoku,<\/p>\n<\/li>\n<li dir=\"ltr\">\n<p dir=\"ltr\">Michal Sla\u0161\u0165an, z\u00e1stupca prim\u00e1tora mesta Ru\u017eomberok,<\/p>\n<\/li>\n<li dir=\"ltr\">\n<p dir=\"ltr\">Andrij Kul\u010dynski, starosta obce Truskavec,<\/p>\n<\/li>\n<li dir=\"ltr\">\n<p dir=\"ltr\">Botond R\u00e1zsi, z\u00e1stupca prim\u00e1tora mesta Eger,<\/p>\n<\/li>\n<li dir=\"ltr\">\n<p dir=\"ltr\">Ivan Piiyak, prim\u00e1tor mesta Schodnica,<\/p>\n<\/li>\n<\/ol>\n<p dir=\"ltr\">13:30 - 14:30 obed<\/p>\n<p dir=\"ltr\">14:30-14:40 Podpis projektu Svet karpatsk\u00fdch ru\u017e\u00ed - kroky k zachovaniu kult\u00farnej jedine\u010dnosti Karp\u00e1t - Adam Hamryszczak, podsekret\u00e1r \u0160t\u00e1tneho ministerstva invest\u00edci\u00ed a rozvoja, W\u0142adys\u0142aw Ortyl, mar\u0161al Podkarpatsk\u00e9ho vojvodstva, Agnieszka Pieni\u0105\u017cek, predsedn\u00ed\u010dka Spr\u00e1vnej rady Zdru\u017eenia pre rozvoj a propag\u00e1ciu Podkarpatsk\u00e9ho regi\u00f3nu \"Pro Carpatia\", Dorota Zieli\u0144ska, podpredsedn\u00ed\u010dka Spr\u00e1vnej rady Zdru\u017eenia pre rozvoj a propag\u00e1ciu Podkarpatsk\u00e9ho regi\u00f3nu \"Pro Carpatia\"<\/p>\n<p dir=\"ltr\">14:40 - 15:40 Panel IV \"Prezent\u00e1cia karpatsk\u00fdch iniciat\u00edv - 100 iniciat\u00edv k storo\u010dnici znovuzrodenia Po\u013eska\"<\/p>\n<p dir=\"ltr\">\u00a0\u00a0\u00a0 Moder\u00e1tor: Zygmunt Berdychowski, predseda programovej rady Hospod\u00e1rskeho f\u00f3ra<\/p>\n<p dir=\"ltr\">\u00a0\u00a0\u00a0 \u00a0\u00a0\u00a0 Prezent\u00e1cie:<\/p>\n<ol>\n<li dir=\"ltr\">\n<p dir=\"ltr\">Program pre Bieszczady, Jerzy Kwieci\u0144ski, minister invest\u00edci\u00ed a rozvoja, Adam Hamryszczak, n\u00e1mestn\u00edk ministra invest\u00edci\u00ed a rozvoja<\/p>\n<\/li>\n<li dir=\"ltr\">\n<p dir=\"ltr\">Via Carpatia, Andrzej Adamczyk, minister infra\u0161trukt\u00fary<\/p>\n<\/li>\n<li dir=\"ltr\">\n<p dir=\"ltr\">Karpatsk\u00e9 suroviny, Mariusz Orion J\u0119drysek, n\u00e1mestn\u00edk ministra \u017eivotn\u00e9ho prostredia, hlavn\u00fd \u0161t\u00e1tny geol\u00f3g<\/p>\n<\/li>\n<li dir=\"ltr\">\n<p dir=\"ltr\">Karpatsk\u00e9 projekty, W\u0142adys\u0142aw Ortyl, mar\u0161al Podkarpatsk\u00e9ho vojvodstva, vr\u00e1tane: Karpatsk\u00fd symfonick\u00fd orchester, Marta Wierzbieniec, riadite\u013eka Podkarpatskej filharm\u00f3nie, Jerzy Petrdlik, dirigent p\u00f4sobiaci na Karlovej univerzite v Prahe<\/p>\n<\/li>\n<li dir=\"ltr\">\n<p dir=\"ltr\">Centr\u00e1lne \u0161portov\u00e9 centrum, Tomasz Kozi\u0144ski, riadite\u013e Centr\u00e1lneho \u0161portov\u00e9ho centra<\/p>\n<\/li>\n<li dir=\"ltr\">\n<p dir=\"ltr\">5 Dolin Wierchomla-Krynica, Jan Golba, starosta obce Muszyna<\/p>\n<\/li>\n<\/ol>\n<p>&nbsp;<\/p>\n<div dir=\"ltr\">\n<table>\n<colgroup>\n<col width=\"621\" \/><\/colgroup>\n<tbody>\n<tr>\n<td>\n<p dir=\"ltr\">15:00 \u0160tart behu na 5 km ulicami Przemy\u015bla \"Zimn\u00e1 karpatsk\u00e1 p\u00e4\u0165ka\" organizovan\u00e9ho mestom Przemy\u015bl<\/p>\n<p dir=\"ltr\">\u00a0\u00a0\u00a0\u00a0\u00a0\u00a0\u00a0\u00a0\u00a0\u00a0\u00a0\u00a0\u00a0\u00a0\u00a0\u00a0\u00a0\u00a0\u00a0\u00a0\u00a0\u00a0\u00a0\u00a0\u00a0\u00a0\u00a0\u00a0<wbr \/>Trasa: N\u00e1mestie Niepodleg\u0142o\u015bci - Park - Vyv\u00fd\u0161enina - Park - Z\u00e1mok - N\u00e1mestie Niepodleg\u0142o\u015bci<\/p>\n<\/td>\n<\/tr>\n<\/tbody>\n<\/table>\n<\/div>\n<p>&nbsp;<\/p>\n<p dir=\"ltr\">15:40 - 15:50 Podpis dohody o zalo\u017een\u00ed Energetick\u00e9ho klastra Soli\u0144skie: Arkadiusz Sek\u015bci\u0144ski - podpredseda predstavenstva PGE Energia Odnawialna S.A., Krzysztof Majcher - riadite\u013e PGE Energia Odnawialna pobo\u010dka ZEW Solina-Myczkowce v Soline, , Marek Ma\u0142ecki - predseda Rady okresu Leski, Adam Pi\u0105tkowski - predseda obce Solina, Andrzej S\u0142otwi\u0144ski - predseda predstavenstva ELBEST sp. z o.o., Krzysztof Leszczyk - podpredseda predstavenstva ELBEST sp. z o.o.<\/p>\n<p>&nbsp;<\/p>\n<p dir=\"ltr\">15:50 - 16:40 Panel V \"Spolupr\u00e1ca vysok\u00fdch \u0161k\u00f4l karpatsk\u00fdch kraj\u00edn\"<\/p>\n<p dir=\"ltr\">Moder\u00e1tor: Jan Malicki, riadite\u013e V\u00fdchodoeur\u00f3pskych \u0161t\u00fadi\u00ed, Var\u0161avsk\u00e1 univerzita<\/p>\n<ol>\n<li dir=\"ltr\">\n<p dir=\"ltr\">Igor Cependa, rektor Zakarpatskej n\u00e1rodnej univerzity v Ivano-Frankivsku<\/p>\n<\/li>\n<li dir=\"ltr\">\n<p dir=\"ltr\">S\u00e1ndor \u0150ze, dekan Historickej fakulty Katol\u00edckej univerzity v Budape\u0161ti<\/p>\n<\/li>\n<li dir=\"ltr\">\n<p dir=\"ltr\">Pawe\u0142 Trefler, rektor \u0160t\u00e1tnej v\u00fdchodoeur\u00f3pskej univerzity v Przemy\u015bli<\/p>\n<\/li>\n<li dir=\"ltr\">\n<p dir=\"ltr\">\u0160tefan Purici, prorektor Univerzity \u0160tefana III Velikiana, Suceava<\/p>\n<\/li>\n<li dir=\"ltr\">\n<p dir=\"ltr\">Marian Suplata, Univerzita Mateja Bela v Banskej Bystrici,<\/p>\n<\/li>\n<\/ol>\n<p>&nbsp;<\/p>\n<p dir=\"ltr\">16:45 Ukon\u010denie konferencie<\/p>\n<p>&nbsp;<\/p>\n<p dir=\"ltr\">17:00-17:30 Sl\u00e1vnostn\u00e9 odovzd\u00e1vanie medail\u00ed v behu na 5 km Przemysl Street Run predsedom po\u013esk\u00e9ho parlamentu<\/p>\n<p dir=\"ltr\">(N\u00e1rodn\u00e9 m\u00fazeum v Przemy\u015bli, N\u00e1mestie Berka Joselewicza 1, Przemysl)<\/p>","protected":false},"excerpt":{"rendered":"<p>Ju\u017c po raz 20. politycy, uczeni, samorz\u0105dowcy spotkaj\u0105 si\u0119, by poszukiwa\u0107 sposobu na wzmocnienie regionu Karpat i zapewnienie mu rozwoju infrastrukturalnego, gospodarczego, podniesienia poziomu \u017cycia czy m\u0105drej gospodarki zasobami przyrodniczymi, takimi jak woda. W\u015br\u00f3d panelist\u00f3w\u00a0m.in. Ryszard Terlecki, Wicemarsza\u0142ek Sejmu RP (Do\u015bwiadczenia i cele narodowe), Jacek Czaputowicz, Minister Spraw Zagranicznych (Do\u015bwiadczenia i cele narodowe), Jerzy Kwieci\u0144ski, [&hellip;]<\/p>\n","protected":false},"author":6,"featured_media":8611,"comment_status":"open","ping_status":"open","sticky":false,"template":"","format":"standard","meta":{"ngg_post_thumbnail":0,"footnotes":""},"categories":[78,49,82,50,3],"tags":[],"class_list":["post-8610","post","type-post","status-publish","format-standard","has-post-thumbnail","hentry","category-europa-karpat","category-podkarpacie","category-prawo-i-sprawiedliwosc","category-wspolpraca-miedzynarodowa","category-wydarzenia"],"_links":{"self":[{"href":"https:\/\/marekkuchcinski.pl\/sk\/wp-json\/wp\/v2\/posts\/8610","targetHints":{"allow":["GET"]}}],"collection":[{"href":"https:\/\/marekkuchcinski.pl\/sk\/wp-json\/wp\/v2\/posts"}],"about":[{"href":"https:\/\/marekkuchcinski.pl\/sk\/wp-json\/wp\/v2\/types\/post"}],"author":[{"embeddable":true,"href":"https:\/\/marekkuchcinski.pl\/sk\/wp-json\/wp\/v2\/users\/6"}],"replies":[{"embeddable":true,"href":"https:\/\/marekkuchcinski.pl\/sk\/wp-json\/wp\/v2\/comments?post=8610"}],"version-history":[{"count":3,"href":"https:\/\/marekkuchcinski.pl\/sk\/wp-json\/wp\/v2\/posts\/8610\/revisions"}],"predecessor-version":[{"id":8614,"href":"https:\/\/marekkuchcinski.pl\/sk\/wp-json\/wp\/v2\/posts\/8610\/revisions\/8614"}],"wp:featuredmedia":[{"embeddable":true,"href":"https:\/\/marekkuchcinski.pl\/sk\/wp-json\/wp\/v2\/media\/8611"}],"wp:attachment":[{"href":"https:\/\/marekkuchcinski.pl\/sk\/wp-json\/wp\/v2\/media?parent=8610"}],"wp:term":[{"taxonomy":"category","embeddable":true,"href":"https:\/\/marekkuchcinski.pl\/sk\/wp-json\/wp\/v2\/categories?post=8610"},{"taxonomy":"post_tag","embeddable":true,"href":"https:\/\/marekkuchcinski.pl\/sk\/wp-json\/wp\/v2\/tags?post=8610"}],"curies":[{"name":"wp","href":"https:\/\/api.w.org\/{rel}","templated":true}]}}