{"id":8497,"date":"2018-02-09T15:11:55","date_gmt":"2018-02-09T14:11:55","guid":{"rendered":"https:\/\/marekkuchcinski.pl\/?p=8497"},"modified":"2018-02-09T15:25:51","modified_gmt":"2018-02-09T14:25:51","slug":"spotkanie-marszalka-sejmu-przewodniczacym-senatu-hiszpanii","status":"publish","type":"post","link":"https:\/\/marekkuchcinski.pl\/sk\/wydarzenia\/spotkanie-marszalka-sejmu-przewodniczacym-senatu-hiszpanii\/","title":{"rendered":"Stretnutie predsedu Sejmu a predsedu \u0161panielskeho Sen\u00e1tu"},"content":{"rendered":"<p>Eur\u00f3pska \u00fania sa mus\u00ed posilni\u0165 a toto posilnenie by malo vych\u00e1dza\u0165 z kraj\u00edn, ktor\u00e9 ju tvoria, zhodli sa predseda Sejmu Marek Kuchci\u0144ski a predseda \u0161panielskeho Sen\u00e1tu P\u00edo Garc\u00eda-Escudero M\u00e1rquez.<\/p>\n<p>Stretnutie bolo z\u00e1mienkou na diskusiu o spolo\u010dn\u00fdch politick\u00fdch a hospod\u00e1rskych iniciat\u00edvach. M\u00e1rquez zd\u00f4raznil, \u017ee pre \u0161panielskych podnikate\u013eov je Po\u013esko centrom, v ktorom m\u00f4\u017eu investova\u0165 a rozv\u00edja\u0165 svoje podniky.<\/p>\n<p>Diskutuj\u00faci sa zaoberali aj ot\u00e1zkou s\u00fa\u010dasnej a bud\u00facej podoby Eur\u00f3pskej \u00fanie a zhodli sa na tom, \u017ee sa nesmieme odkloni\u0165 od hodn\u00f4t, na ktor\u00fdch bola E\u00da vybudovan\u00e1. - Nesmieme zabudn\u00fa\u0165 na hodnoty, ktor\u00e9 vytvorili E\u00da, hodnoty, ktor\u00e9 zabezpe\u010dia, \u017ee sa nezopakuj\u00fa vojny, ktor\u00e9 zni\u010dili Eur\u00f3pu. Hospod\u00e1rstvo, prosperita s\u00fa nesmierne d\u00f4le\u017eit\u00e9, ale najd\u00f4le\u017eitej\u0161ie je br\u00e1ni\u0165 princ\u00edpy,\" povedal M\u00e1rquez.<\/p>\n<p>Rok 2018 je pre Po\u013esko aj \u0160panielsko v\u00fdnimo\u010dn\u00fd. Po\u013esko oslavuje 100 rokov nez\u00e1vislosti, \u0160panielsko oslavuje 40 rokov obnovenia demokracie, \u010do sa prejavilo prijat\u00edm \u00fastavy a obnoven\u00edm dvojkomorov\u00e9ho parlamentu. Predseda Sejmu informoval, \u017ee Sejm a Sen\u00e1t osl\u00e1via dve v\u00fdznamn\u00e9 v\u00fdro\u010dia: 100. v\u00fdro\u010die znovuzrodenia po\u013esk\u00e9ho \u0161t\u00e1tu a v j\u00fali 550. v\u00fdro\u010die zriadenia dvojkomorov\u00e9ho parlamentu.<\/p>\n<p><em>Foto: Pawe\u0142 Kula<\/em><\/p>\n<p><a href=\"https:\/\/marekkuchcinski.pl\/wp-content\/uploads\/2018\/02\/h1.jpg\"><img fetchpriority=\"high\" decoding=\"async\" class=\"alignnone size-full wp-image-8498\" src=\"https:\/\/marekkuchcinski.pl\/wp-content\/uploads\/2018\/02\/h1.jpg\" alt=\"h1\" width=\"1800\" height=\"1200\" srcset=\"https:\/\/marekkuchcinski.pl\/wp-content\/uploads\/2018\/02\/h1.jpg 1800w, https:\/\/marekkuchcinski.pl\/wp-content\/uploads\/2018\/02\/h1-300x200.jpg 300w, https:\/\/marekkuchcinski.pl\/wp-content\/uploads\/2018\/02\/h1-768x512.jpg 768w, https:\/\/marekkuchcinski.pl\/wp-content\/uploads\/2018\/02\/h1-1024x683.jpg 1024w\" sizes=\"(max-width: 1800px) 100vw, 1800px\" \/><\/a> <a href=\"https:\/\/marekkuchcinski.pl\/wp-content\/uploads\/2018\/02\/h3.jpg\"><img decoding=\"async\" class=\"alignnone size-full wp-image-8499\" src=\"https:\/\/marekkuchcinski.pl\/wp-content\/uploads\/2018\/02\/h3.jpg\" alt=\"h3\" width=\"1800\" height=\"1200\" srcset=\"https:\/\/marekkuchcinski.pl\/wp-content\/uploads\/2018\/02\/h3.jpg 1800w, https:\/\/marekkuchcinski.pl\/wp-content\/uploads\/2018\/02\/h3-300x200.jpg 300w, https:\/\/marekkuchcinski.pl\/wp-content\/uploads\/2018\/02\/h3-768x512.jpg 768w, https:\/\/marekkuchcinski.pl\/wp-content\/uploads\/2018\/02\/h3-1024x683.jpg 1024w\" sizes=\"(max-width: 1800px) 100vw, 1800px\" \/><\/a> <a href=\"https:\/\/marekkuchcinski.pl\/wp-content\/uploads\/2018\/02\/h4.jpg\"><img decoding=\"async\" class=\"alignnone size-full wp-image-8500\" src=\"https:\/\/marekkuchcinski.pl\/wp-content\/uploads\/2018\/02\/h4.jpg\" alt=\"h4\" width=\"1800\" height=\"1200\" srcset=\"https:\/\/marekkuchcinski.pl\/wp-content\/uploads\/2018\/02\/h4.jpg 1800w, https:\/\/marekkuchcinski.pl\/wp-content\/uploads\/2018\/02\/h4-300x200.jpg 300w, https:\/\/marekkuchcinski.pl\/wp-content\/uploads\/2018\/02\/h4-768x512.jpg 768w, https:\/\/marekkuchcinski.pl\/wp-content\/uploads\/2018\/02\/h4-1024x683.jpg 1024w\" sizes=\"(max-width: 1800px) 100vw, 1800px\" \/><\/a><\/p>","protected":false},"excerpt":{"rendered":"<p>Nale\u017cy wzmocni\u0107 Uni\u0119 Europejsk\u0105, a wzmocnienie to powinno wyj\u015b\u0107 od kraj\u00f3w, kt\u00f3re j\u0105 tworz\u0105\u00a0\u2013 zgodzili si\u0119 marsza\u0142ek Sejmu Marek Kuchci\u0144ski i przewodnicz\u0105cy Senatu Hiszpanii\u00a0P\u00edo Garc\u00eda-Escudero M\u00e1rquez. Spotkanie by\u0142o pretekstem do\u00a0om\u00f3wienia wsp\u00f3lnych inicjatyw politycznych i gospodarczych. M\u00e1rquez zaznaczy\u0142, \u017ce dla hiszpa\u0144skich przedsi\u0119biorc\u00f3w Polska stanowi centrum, w kt\u00f3rym warto inwestowa\u0107 i rozwija\u0107 dzia\u0142alno\u015b\u0107. Rozm\u00f3wcy podnie\u015bli tak\u017ce kwesti\u0119 [&hellip;]<\/p>\n","protected":false},"author":6,"featured_media":8499,"comment_status":"open","ping_status":"open","sticky":false,"template":"","format":"standard","meta":{"ngg_post_thumbnail":0,"footnotes":""},"categories":[81,50,3],"tags":[],"class_list":["post-8497","post","type-post","status-publish","format-standard","has-post-thumbnail","hentry","category-wiesci-z-sejmu","category-wspolpraca-miedzynarodowa","category-wydarzenia"],"_links":{"self":[{"href":"https:\/\/marekkuchcinski.pl\/sk\/wp-json\/wp\/v2\/posts\/8497","targetHints":{"allow":["GET"]}}],"collection":[{"href":"https:\/\/marekkuchcinski.pl\/sk\/wp-json\/wp\/v2\/posts"}],"about":[{"href":"https:\/\/marekkuchcinski.pl\/sk\/wp-json\/wp\/v2\/types\/post"}],"author":[{"embeddable":true,"href":"https:\/\/marekkuchcinski.pl\/sk\/wp-json\/wp\/v2\/users\/6"}],"replies":[{"embeddable":true,"href":"https:\/\/marekkuchcinski.pl\/sk\/wp-json\/wp\/v2\/comments?post=8497"}],"version-history":[{"count":2,"href":"https:\/\/marekkuchcinski.pl\/sk\/wp-json\/wp\/v2\/posts\/8497\/revisions"}],"predecessor-version":[{"id":8502,"href":"https:\/\/marekkuchcinski.pl\/sk\/wp-json\/wp\/v2\/posts\/8497\/revisions\/8502"}],"wp:featuredmedia":[{"embeddable":true,"href":"https:\/\/marekkuchcinski.pl\/sk\/wp-json\/wp\/v2\/media\/8499"}],"wp:attachment":[{"href":"https:\/\/marekkuchcinski.pl\/sk\/wp-json\/wp\/v2\/media?parent=8497"}],"wp:term":[{"taxonomy":"category","embeddable":true,"href":"https:\/\/marekkuchcinski.pl\/sk\/wp-json\/wp\/v2\/categories?post=8497"},{"taxonomy":"post_tag","embeddable":true,"href":"https:\/\/marekkuchcinski.pl\/sk\/wp-json\/wp\/v2\/tags?post=8497"}],"curies":[{"name":"wp","href":"https:\/\/api.w.org\/{rel}","templated":true}]}}