{"id":8439,"date":"2018-02-04T13:26:28","date_gmt":"2018-02-04T12:26:28","guid":{"rendered":"https:\/\/marekkuchcinski.pl\/?p=8439"},"modified":"2018-02-06T11:30:50","modified_gmt":"2018-02-06T10:30:50","slug":"narciarstwo-wysokogorskie-marszalkiem-sejmu","status":"publish","type":"post","link":"https:\/\/marekkuchcinski.pl\/sk\/wydarzenia\/narciarstwo-wysokogorskie-marszalkiem-sejmu\/","title":{"rendered":"Alpsk\u00e9 ly\u017eovanie s predsedom Sejmu"},"content":{"rendered":"<p dir=\"ltr\">Po druh\u00fdkr\u00e1t sa vo Wetline a Ustrzykach G\u00f3rnych konal Memori\u00e1l Oleka Ostrowsk\u00e9ho v alpskom ly\u017eovan\u00ed.<\/p>\n<p dir=\"ltr\">\u010cestn\u00fdm hos\u0165om bol mar\u0161al Sejmu Marek Kuchci\u0144ski, ktor\u00fd sa u\u017e roky anga\u017euje v podpore \u0161portov\u00fdch s\u00fa\u0165a\u017e\u00ed a je patr\u00f3nom Podkarpatskej ly\u017eiarskej ligy <a href=\"http:\/\/www.pozn.eu\/alpejskie\/154-podkarpacka-liga-dzieci-i-mlodziezy-w-narciarstwie-alpejskim-2017-2018\">http:\/\/www.pozn.eu\/alpejskie\/154-podkarpacka-liga-dzieci-i-mlodziezy-w-narciarstwie-alpejskim-2017-2018<\/a>\u00a0alebo s\u00fa\u0165a\u017ee Karpatsk\u00e9ho poh\u00e1ra v alpskom ly\u017eovan\u00ed a behu na ly\u017eiach. Ly\u017ee si nasad\u00ed v\u017edy, ke\u010f m\u00e1 pr\u00edle\u017eitos\u0165.<\/p>\n<p dir=\"ltr\"><a href=\"https:\/\/marekkuchcinski.pl\/wp-content\/uploads\/2018\/02\/List-marsza\u0142ka-Sejmu-do-uczestniko\u0301w-Memoria\u0142u-Olka-Ostrowskiego.pdf\">List predsedu Sejmu \u00fa\u010dastn\u00edkom Memori\u00e1lu Oleka Ostrowsk\u00e9ho<\/a><\/p>\n<p dir=\"ltr\">Aleksander Ostrowski bol z\u00e1chran\u00e1rom GOPR-u Bieszczady, \u010dlenom Horolezeck\u00e9ho klubu v Krakove a ly\u017eiarskym in\u0161truktorom Po\u013esk\u00e9ho horolezeck\u00e9ho zv\u00e4zu. Kombinoval vysokohorsk\u00e9 lezenie so skialpinizmom, t. j. vysokohorsk\u00fdm ly\u017eovan\u00edm. V roku 2014 ako prv\u00fd Poliak vyst\u00fapil a zi\u0161iel na vrchol Czo Oju v Himal\u00e1jach (8201 m) na ly\u017eiach bez pou\u017eitia kysl\u00edka. Nezvestn\u00fd bol 25. j\u00fala 2015 na svahu Gasherbrumu II (8035 m), ke\u010f spolu s Piotrom \u015anig\u00f3rskim zanechali \u00fatok na vrchole a pok\u00fa\u0161ali sa na ly\u017eiach vr\u00e1ti\u0165 do z\u00e1kladn\u00e9ho t\u00e1bora. 11. janu\u00e1ra tohto roku. Olek Ostrowski by mal 30 rokov.<\/p>\n<p dir=\"ltr\"><a href=\"https:\/\/marekkuchcinski.pl\/wp-content\/uploads\/2018\/02\/mbieszcz.jpg\"><img fetchpriority=\"high\" decoding=\"async\" class=\"alignnone size-full wp-image-8448\" src=\"https:\/\/marekkuchcinski.pl\/wp-content\/uploads\/2018\/02\/mbieszcz.jpg\" alt=\"mbieszcz\" width=\"4032\" height=\"3024\" srcset=\"https:\/\/marekkuchcinski.pl\/wp-content\/uploads\/2018\/02\/mbieszcz.jpg 2048w, https:\/\/marekkuchcinski.pl\/wp-content\/uploads\/2018\/02\/mbieszcz-300x225.jpg 300w, https:\/\/marekkuchcinski.pl\/wp-content\/uploads\/2018\/02\/mbieszcz-768x576.jpg 768w, https:\/\/marekkuchcinski.pl\/wp-content\/uploads\/2018\/02\/mbieszcz-1024x768.jpg 1024w\" sizes=\"(max-width: 4032px) 100vw, 4032px\" \/><\/a><\/p>\n<p dir=\"ltr\"><em>Foto: Bieszczady: Pod Szerokim Wierchem<\/em><\/p>\n<p dir=\"ltr\"><a href=\"https:\/\/marekkuchcinski.pl\/wp-content\/uploads\/2018\/02\/b1.jpg\"><img decoding=\"async\" class=\"alignnone size-full wp-image-8458\" src=\"https:\/\/marekkuchcinski.pl\/wp-content\/uploads\/2018\/02\/b1.jpg\" alt=\"b1\" width=\"1280\" height=\"666\" srcset=\"https:\/\/marekkuchcinski.pl\/wp-content\/uploads\/2018\/02\/b1.jpg 1280w, https:\/\/marekkuchcinski.pl\/wp-content\/uploads\/2018\/02\/b1-300x156.jpg 300w, https:\/\/marekkuchcinski.pl\/wp-content\/uploads\/2018\/02\/b1-768x400.jpg 768w, https:\/\/marekkuchcinski.pl\/wp-content\/uploads\/2018\/02\/b1-1024x533.jpg 1024w\" sizes=\"(max-width: 1280px) 100vw, 1280px\" \/><\/a> <a href=\"https:\/\/marekkuchcinski.pl\/wp-content\/uploads\/2018\/02\/b4.jpg\"><img decoding=\"async\" class=\"alignnone size-full wp-image-8461\" src=\"https:\/\/marekkuchcinski.pl\/wp-content\/uploads\/2018\/02\/b4.jpg\" alt=\"b4\" width=\"1280\" height=\"718\" srcset=\"https:\/\/marekkuchcinski.pl\/wp-content\/uploads\/2018\/02\/b4.jpg 1280w, https:\/\/marekkuchcinski.pl\/wp-content\/uploads\/2018\/02\/b4-300x168.jpg 300w, https:\/\/marekkuchcinski.pl\/wp-content\/uploads\/2018\/02\/b4-768x431.jpg 768w, https:\/\/marekkuchcinski.pl\/wp-content\/uploads\/2018\/02\/b4-1024x574.jpg 1024w\" sizes=\"(max-width: 1280px) 100vw, 1280px\" \/><\/a> <a href=\"https:\/\/marekkuchcinski.pl\/wp-content\/uploads\/2018\/02\/b5.jpg\"><img loading=\"lazy\" decoding=\"async\" class=\"alignnone size-full wp-image-8462\" src=\"https:\/\/marekkuchcinski.pl\/wp-content\/uploads\/2018\/02\/b5.jpg\" alt=\"b5\" width=\"1280\" height=\"718\" srcset=\"https:\/\/marekkuchcinski.pl\/wp-content\/uploads\/2018\/02\/b5.jpg 1280w, https:\/\/marekkuchcinski.pl\/wp-content\/uploads\/2018\/02\/b5-300x168.jpg 300w, https:\/\/marekkuchcinski.pl\/wp-content\/uploads\/2018\/02\/b5-768x431.jpg 768w, https:\/\/marekkuchcinski.pl\/wp-content\/uploads\/2018\/02\/b5-1024x574.jpg 1024w\" sizes=\"(max-width: 1280px) 100vw, 1280px\" \/><\/a><\/p>\n<p dir=\"ltr\"><em>\u00a0Foto: arch\u00edv skupiny GOPR Bieszczady<\/em><\/p>","protected":false},"excerpt":{"rendered":"<p>Po raz drugi w Wetlinie i Ustrzykach G\u00f3rnych zorganizowano\u00a0Memoria\u0142 Olka Ostrowskiego w narciarstwie wysokog\u00f3rskim. Go\u015bciem honorowym by\u0142 marsza\u0142ek Sejmu Marek Kuchci\u0144ski, kt\u00f3ry od lat anga\u017cuje si\u0119 we wspieranie zawod\u00f3w sportowych, jest patronem podkarpackiej ligi narciarskiej http:\/\/www.pozn.eu\/alpejskie\/154-podkarpacka-liga-dzieci-i-mlodziezy-w-narciarstwie-alpejskim-2017-2018\u00a0czy zawod\u00f3w o Puchar Karpat w narciarstwie alpejskim i biegowym. Sam, kiedy tylko nadarzy si\u0119 okazja, wk\u0142ada narty. List marsza\u0142ka [&hellip;]<\/p>\n","protected":false},"author":6,"featured_media":8465,"comment_status":"open","ping_status":"open","sticky":false,"template":"","format":"standard","meta":{"ngg_post_thumbnail":0,"footnotes":""},"categories":[49,3],"tags":[],"class_list":["post-8439","post","type-post","status-publish","format-standard","has-post-thumbnail","hentry","category-podkarpacie","category-wydarzenia"],"_links":{"self":[{"href":"https:\/\/marekkuchcinski.pl\/sk\/wp-json\/wp\/v2\/posts\/8439","targetHints":{"allow":["GET"]}}],"collection":[{"href":"https:\/\/marekkuchcinski.pl\/sk\/wp-json\/wp\/v2\/posts"}],"about":[{"href":"https:\/\/marekkuchcinski.pl\/sk\/wp-json\/wp\/v2\/types\/post"}],"author":[{"embeddable":true,"href":"https:\/\/marekkuchcinski.pl\/sk\/wp-json\/wp\/v2\/users\/6"}],"replies":[{"embeddable":true,"href":"https:\/\/marekkuchcinski.pl\/sk\/wp-json\/wp\/v2\/comments?post=8439"}],"version-history":[{"count":9,"href":"https:\/\/marekkuchcinski.pl\/sk\/wp-json\/wp\/v2\/posts\/8439\/revisions"}],"predecessor-version":[{"id":8464,"href":"https:\/\/marekkuchcinski.pl\/sk\/wp-json\/wp\/v2\/posts\/8439\/revisions\/8464"}],"wp:featuredmedia":[{"embeddable":true,"href":"https:\/\/marekkuchcinski.pl\/sk\/wp-json\/wp\/v2\/media\/8465"}],"wp:attachment":[{"href":"https:\/\/marekkuchcinski.pl\/sk\/wp-json\/wp\/v2\/media?parent=8439"}],"wp:term":[{"taxonomy":"category","embeddable":true,"href":"https:\/\/marekkuchcinski.pl\/sk\/wp-json\/wp\/v2\/categories?post=8439"},{"taxonomy":"post_tag","embeddable":true,"href":"https:\/\/marekkuchcinski.pl\/sk\/wp-json\/wp\/v2\/tags?post=8439"}],"curies":[{"name":"wp","href":"https:\/\/api.w.org\/{rel}","templated":true}]}}