{"id":8424,"date":"2018-02-01T20:03:59","date_gmt":"2018-02-01T19:03:59","guid":{"rendered":"https:\/\/marekkuchcinski.pl\/?p=8424"},"modified":"2018-02-02T13:07:13","modified_gmt":"2018-02-02T12:07:13","slug":"wizyta-marszalka-sejmu-berlinie-spotkanie-przewodniczacym-bundestagu","status":"publish","type":"post","link":"https:\/\/marekkuchcinski.pl\/sk\/wydarzenia\/wizyta-marszalka-sejmu-berlinie-spotkanie-przewodniczacym-bundestagu\/","title":{"rendered":"N\u00e1v\u0161teva predsedu Sejmu v Berl\u00edne, stretnutie s predsedom Bundestagu"},"content":{"rendered":"<p>- Viacgenera\u010dn\u00fd pr\u00edstup pre n\u00e1s politikov znamen\u00e1 vyvodi\u0165 \u010do najvhodnej\u0161ie z\u00e1very z dobre presk\u00famanej minulosti, aby sme na nich mohli postavi\u0165 dobr\u00fa bud\u00facnos\u0165,\" povedal predseda Sejmu Marek Kuchci\u0144ski v Berl\u00edne po\u010das stretnutia s predsedom Bundestagu.<\/p>\n<p>Predseda Sejmu zd\u00f4raznil, \u017ee je v Berl\u00edne na pozvanie predsedu Spolkov\u00e9ho snemu a \u017ee jeho n\u00e1v\u0161teva s\u00favis\u00ed s dian\u00edm v Eur\u00f3pskej \u00fanii a \u017ee \u0161ance na zlep\u0161enie vz\u0165ahov medzi na\u0161imi krajinami s\u00fa ve\u013emi ve\u013ek\u00e9. - Prezident sa v m\u00e9di\u00e1ch vyjadril priaznivo o Po\u013esku, pon\u00fakol mu otvorenos\u0165 a spolupr\u00e1cu a z\u00e1rove\u0148 sa di\u0161tancoval od federaliz\u00e1cie E\u00da. Po\u013esko je suver\u00e9nny \u0161t\u00e1t, Sejm a Sen\u00e1t prij\u00edmaj\u00fa suver\u00e9nne rozhodnutia, ktor\u00e9 sa t\u00fdkaj\u00fa predov\u0161etk\u00fdm z\u00e1ujmov po\u013esk\u00fdch ob\u010danov,\" uviedol Marek Kuchci\u0144ski.  - S Nemeckom mus\u00edme prekona\u0165 mnoh\u00e9 prek\u00e1\u017eky, ale zo strany predsedu Bundestagu vid\u00edm otvorenos\u0165 v kontexte spolo\u010dnej v\u00edzie n\u00e1\u0161ho miesta v Eur\u00f3pskej \u00fanii. To n\u00e1m dod\u00e1va silu a povzbudzuje n\u00e1s to k spolupr\u00e1ci, preto pl\u00e1nujeme zv\u00fd\u0161i\u0165 zapojenie poslancov do spolupr\u00e1ce medzi na\u0161imi krajinami. Zmena pravidiel E\u00da a jej usporiadanie pre dobro v\u0161etk\u00fdch sa tu st\u00e1va prioritou,\" povedal predseda Sejmu.<\/p>\n<p>Po\u010das n\u00e1v\u0161tevy Berl\u00edna sa predseda Sejmu stretol s po\u013eskou komunitou a nav\u0161t\u00edvil m\u00fazeum \"Topografia teroru\", ktor\u00e9 dokumentuje mechanizmy a zlo\u010diny sp\u00e1chan\u00e9 Nemcami po\u010das druhej svetovej vojny v Eur\u00f3pe. M\u00fazeum bolo zriaden\u00e9 v roku 2010 na mieste, kde sa v rokoch 1933 a\u017e 1945 nach\u00e1dzali centr\u00e1ly nacistickej tajnej pol\u00edcie Gestapo a SS a Hlavn\u00fd \u00farad r\u00ed\u0161skej bezpe\u010dnosti. - V\u00fdstava p\u00f4sob\u00ed \u0161okuj\u00facim dojmom, ale z\u00e1rove\u0148 je nad\u010dasov\u00fdm varovan\u00edm pred opakovan\u00edm \u010dinov, ktor\u00e9 sa odohrali pred nieko\u013ek\u00fdmi desa\u0165ro\u010diami,\" povedal predseda Sejmu.<\/p>\n<p>N\u00e1v\u0161tevy sa z\u00fa\u010dastnil aj Szymon Szynkowski vel S\u0119k, predseda po\u013esko-nemeckej parlamentnej skupiny.<\/p>\n<p><em>foto Pawe\u0142 Kula\/ KS<\/em><\/p>\n<p><img fetchpriority=\"high\" decoding=\"async\" class=\"alignnone size-full wp-image-8425\" src=\"https:\/\/marekkuchcinski.pl\/wp-content\/uploads\/2018\/02\/KU283068.jpg\" alt=\"KU283068\" width=\"1800\" height=\"1200\" srcset=\"https:\/\/marekkuchcinski.pl\/wp-content\/uploads\/2018\/02\/KU283068.jpg 1800w, https:\/\/marekkuchcinski.pl\/wp-content\/uploads\/2018\/02\/KU283068-300x200.jpg 300w, https:\/\/marekkuchcinski.pl\/wp-content\/uploads\/2018\/02\/KU283068-768x512.jpg 768w, https:\/\/marekkuchcinski.pl\/wp-content\/uploads\/2018\/02\/KU283068-1024x683.jpg 1024w\" sizes=\"(max-width: 1800px) 100vw, 1800px\" \/> <img decoding=\"async\" class=\"alignnone size-full wp-image-8426\" src=\"https:\/\/marekkuchcinski.pl\/wp-content\/uploads\/2018\/02\/KU283206.jpg\" alt=\"KU283206\" width=\"1800\" height=\"1200\" srcset=\"https:\/\/marekkuchcinski.pl\/wp-content\/uploads\/2018\/02\/KU283206.jpg 1800w, https:\/\/marekkuchcinski.pl\/wp-content\/uploads\/2018\/02\/KU283206-300x200.jpg 300w, https:\/\/marekkuchcinski.pl\/wp-content\/uploads\/2018\/02\/KU283206-768x512.jpg 768w, https:\/\/marekkuchcinski.pl\/wp-content\/uploads\/2018\/02\/KU283206-1024x683.jpg 1024w\" sizes=\"(max-width: 1800px) 100vw, 1800px\" \/> <a href=\"https:\/\/marekkuchcinski.pl\/wp-content\/uploads\/2018\/02\/berl.jpg\"><img decoding=\"async\" class=\"alignnone size-full wp-image-8436\" src=\"https:\/\/marekkuchcinski.pl\/wp-content\/uploads\/2018\/02\/berl.jpg\" alt=\"berl\" width=\"1152\" height=\"2048\" srcset=\"https:\/\/marekkuchcinski.pl\/wp-content\/uploads\/2018\/02\/berl.jpg 1152w, https:\/\/marekkuchcinski.pl\/wp-content\/uploads\/2018\/02\/berl-169x300.jpg 169w, https:\/\/marekkuchcinski.pl\/wp-content\/uploads\/2018\/02\/berl-768x1365.jpg 768w, https:\/\/marekkuchcinski.pl\/wp-content\/uploads\/2018\/02\/berl-576x1024.jpg 576w\" sizes=\"(max-width: 1152px) 100vw, 1152px\" \/><\/a><img loading=\"lazy\" decoding=\"async\" class=\"alignnone size-full wp-image-8427\" src=\"https:\/\/marekkuchcinski.pl\/wp-content\/uploads\/2018\/02\/KU283561.jpg\" alt=\"KU283561\" width=\"1800\" height=\"1200\" srcset=\"https:\/\/marekkuchcinski.pl\/wp-content\/uploads\/2018\/02\/KU283561.jpg 1800w, https:\/\/marekkuchcinski.pl\/wp-content\/uploads\/2018\/02\/KU283561-300x200.jpg 300w, https:\/\/marekkuchcinski.pl\/wp-content\/uploads\/2018\/02\/KU283561-768x512.jpg 768w, https:\/\/marekkuchcinski.pl\/wp-content\/uploads\/2018\/02\/KU283561-1024x683.jpg 1024w\" sizes=\"(max-width: 1800px) 100vw, 1800px\" \/> <img loading=\"lazy\" decoding=\"async\" class=\"alignnone size-full wp-image-8428\" src=\"https:\/\/marekkuchcinski.pl\/wp-content\/uploads\/2018\/02\/KU283674.jpg\" alt=\"KU283674\" width=\"1800\" height=\"1200\" srcset=\"https:\/\/marekkuchcinski.pl\/wp-content\/uploads\/2018\/02\/KU283674.jpg 1800w, https:\/\/marekkuchcinski.pl\/wp-content\/uploads\/2018\/02\/KU283674-300x200.jpg 300w, https:\/\/marekkuchcinski.pl\/wp-content\/uploads\/2018\/02\/KU283674-768x512.jpg 768w, https:\/\/marekkuchcinski.pl\/wp-content\/uploads\/2018\/02\/KU283674-1024x683.jpg 1024w\" sizes=\"(max-width: 1800px) 100vw, 1800px\" \/> <img loading=\"lazy\" decoding=\"async\" class=\"alignnone size-full wp-image-8429\" src=\"https:\/\/marekkuchcinski.pl\/wp-content\/uploads\/2018\/02\/KU283947.jpg\" alt=\"KU283947\" width=\"1800\" height=\"1200\" srcset=\"https:\/\/marekkuchcinski.pl\/wp-content\/uploads\/2018\/02\/KU283947.jpg 1800w, https:\/\/marekkuchcinski.pl\/wp-content\/uploads\/2018\/02\/KU283947-300x200.jpg 300w, https:\/\/marekkuchcinski.pl\/wp-content\/uploads\/2018\/02\/KU283947-768x512.jpg 768w, https:\/\/marekkuchcinski.pl\/wp-content\/uploads\/2018\/02\/KU283947-1024x683.jpg 1024w\" sizes=\"(max-width: 1800px) 100vw, 1800px\" \/> <img loading=\"lazy\" decoding=\"async\" class=\"alignnone size-full wp-image-8430\" src=\"https:\/\/marekkuchcinski.pl\/wp-content\/uploads\/2018\/02\/KU284024.jpg\" alt=\"KU284024\" width=\"1800\" height=\"1200\" srcset=\"https:\/\/marekkuchcinski.pl\/wp-content\/uploads\/2018\/02\/KU284024.jpg 1800w, https:\/\/marekkuchcinski.pl\/wp-content\/uploads\/2018\/02\/KU284024-300x200.jpg 300w, https:\/\/marekkuchcinski.pl\/wp-content\/uploads\/2018\/02\/KU284024-768x512.jpg 768w, https:\/\/marekkuchcinski.pl\/wp-content\/uploads\/2018\/02\/KU284024-1024x683.jpg 1024w\" sizes=\"(max-width: 1800px) 100vw, 1800px\" \/> <img loading=\"lazy\" decoding=\"async\" class=\"alignnone size-full wp-image-8431\" src=\"https:\/\/marekkuchcinski.pl\/wp-content\/uploads\/2018\/02\/KU284034.jpg\" alt=\"KU284034\" width=\"1800\" height=\"1200\" srcset=\"https:\/\/marekkuchcinski.pl\/wp-content\/uploads\/2018\/02\/KU284034.jpg 1800w, https:\/\/marekkuchcinski.pl\/wp-content\/uploads\/2018\/02\/KU284034-300x200.jpg 300w, https:\/\/marekkuchcinski.pl\/wp-content\/uploads\/2018\/02\/KU284034-768x512.jpg 768w, https:\/\/marekkuchcinski.pl\/wp-content\/uploads\/2018\/02\/KU284034-1024x683.jpg 1024w\" sizes=\"(max-width: 1800px) 100vw, 1800px\" \/> <img loading=\"lazy\" decoding=\"async\" class=\"alignnone size-full wp-image-8432\" src=\"https:\/\/marekkuchcinski.pl\/wp-content\/uploads\/2018\/02\/KU284072.jpg\" alt=\"KU284072\" width=\"1200\" height=\"1800\" srcset=\"https:\/\/marekkuchcinski.pl\/wp-content\/uploads\/2018\/02\/KU284072.jpg 1200w, https:\/\/marekkuchcinski.pl\/wp-content\/uploads\/2018\/02\/KU284072-200x300.jpg 200w, https:\/\/marekkuchcinski.pl\/wp-content\/uploads\/2018\/02\/KU284072-768x1152.jpg 768w, https:\/\/marekkuchcinski.pl\/wp-content\/uploads\/2018\/02\/KU284072-683x1024.jpg 683w\" sizes=\"(max-width: 1200px) 100vw, 1200px\" \/><\/p>","protected":false},"excerpt":{"rendered":"<p>\u2013 Dla nas polityk\u00f3w wielopokoleniowe podej\u015bcie polega na wyci\u0105ganiu jak najw\u0142a\u015bciwszych wniosk\u00f3w z dobrze poznanej przesz\u0142o\u015bci, by w oparciu o nie budowa\u0107 dobr\u0105 przysz\u0142o\u015b\u0107 \u2013 m\u00f3wi\u0142 marsza\u0142ek Sejmu Marek Kuchci\u0144ski w Berlinie podczas spotkania z szefem Bundestagu. Marsza\u0142ek Sejmu podkre\u015bli\u0142, \u017ce w Berlinie jest na zaproszenie przewodnicz\u0105cego Bundestagu, a jego wizyta zwi\u0105zana jest z tym, [&hellip;]<\/p>\n","protected":false},"author":6,"featured_media":8426,"comment_status":"open","ping_status":"open","sticky":false,"template":"","format":"standard","meta":{"ngg_post_thumbnail":0,"footnotes":""},"categories":[50,3],"tags":[],"class_list":["post-8424","post","type-post","status-publish","format-standard","has-post-thumbnail","hentry","category-wspolpraca-miedzynarodowa","category-wydarzenia"],"_links":{"self":[{"href":"https:\/\/marekkuchcinski.pl\/sk\/wp-json\/wp\/v2\/posts\/8424","targetHints":{"allow":["GET"]}}],"collection":[{"href":"https:\/\/marekkuchcinski.pl\/sk\/wp-json\/wp\/v2\/posts"}],"about":[{"href":"https:\/\/marekkuchcinski.pl\/sk\/wp-json\/wp\/v2\/types\/post"}],"author":[{"embeddable":true,"href":"https:\/\/marekkuchcinski.pl\/sk\/wp-json\/wp\/v2\/users\/6"}],"replies":[{"embeddable":true,"href":"https:\/\/marekkuchcinski.pl\/sk\/wp-json\/wp\/v2\/comments?post=8424"}],"version-history":[{"count":3,"href":"https:\/\/marekkuchcinski.pl\/sk\/wp-json\/wp\/v2\/posts\/8424\/revisions"}],"predecessor-version":[{"id":8438,"href":"https:\/\/marekkuchcinski.pl\/sk\/wp-json\/wp\/v2\/posts\/8424\/revisions\/8438"}],"wp:featuredmedia":[{"embeddable":true,"href":"https:\/\/marekkuchcinski.pl\/sk\/wp-json\/wp\/v2\/media\/8426"}],"wp:attachment":[{"href":"https:\/\/marekkuchcinski.pl\/sk\/wp-json\/wp\/v2\/media?parent=8424"}],"wp:term":[{"taxonomy":"category","embeddable":true,"href":"https:\/\/marekkuchcinski.pl\/sk\/wp-json\/wp\/v2\/categories?post=8424"},{"taxonomy":"post_tag","embeddable":true,"href":"https:\/\/marekkuchcinski.pl\/sk\/wp-json\/wp\/v2\/tags?post=8424"}],"curies":[{"name":"wp","href":"https:\/\/api.w.org\/{rel}","templated":true}]}}