{"id":8085,"date":"2017-12-12T22:49:18","date_gmt":"2017-12-12T21:49:18","guid":{"rendered":"https:\/\/marekkuchcinski.pl\/?p=8085"},"modified":"2017-12-13T10:01:30","modified_gmt":"2017-12-13T09:01:30","slug":"polska-liderem-swiatowej-gospodarki-expose-premiera-morawieckiego","status":"publish","type":"post","link":"https:\/\/marekkuchcinski.pl\/sk\/wydarzenia\/polska-liderem-swiatowej-gospodarki-expose-premiera-morawieckiego\/","title":{"rendered":"Po\u013esko je l\u00eddrom svetov\u00e9ho hospod\u00e1rstva. Odhalenie premi\u00e9ra Mateusza Morawieck\u00e9ho"},"content":{"rendered":"<p><strong>Rozvoj hospod\u00e1rstva, <\/strong><strong>modern\u00e9 technol\u00f3gie, zv\u00fd\u0161enie platov, reforma zdravotn\u00edctva, zlep\u0161enie ovzdu\u0161ia, rozvoj alternat\u00edvnych zdrojov energie, infra\u0161trukt\u00fara, podpora podnikate\u013eov, ofenz\u00edvna zahrani\u010dn\u00e1 politika, siln\u00e9 a bezpe\u010dn\u00e9 Po\u013esko - to s\u00fa k\u013e\u00fa\u010dov\u00e9 pl\u00e1ny vl\u00e1dy.<\/strong><\/p>\n<p>Premi\u00e9r Mateusz Morawiecki po\u010das svojho vyst\u00fapenia v Sejme nepredlo\u017eil pl\u00e1ny na revol\u00faciu v Rade ministrov. - T\u00e1to vl\u00e1da je vl\u00e1dou kontinuity - zd\u00f4raznil. Prosperuj\u00face hospod\u00e1rstvo je podmienkou pre uskuto\u010d\u0148ovanie ve\u013ekorysej soci\u00e1lnej politiky. Posiln\u00edme a rozvinieme soci\u00e1lne programy - povedal premi\u00e9r.<\/p>\n<p>Morawiecki chce, aby sa Po\u013esko stalo l\u00eddrom svetov\u00e9ho hospod\u00e1rstva. Pouk\u00e1zal na to, \u017ee pr\u00e1ve dne\u0161n\u00e1 hospod\u00e1rska politika rob\u00ed z Po\u013eska v\u00fdrobcu modern\u00fdch technol\u00f3gi\u00ed v bud\u00facnosti. U\u017e dva roky nezah\u00e1\u013eame - FTSE Russel zaradil Po\u013esko medzi rozvinut\u00e9 krajiny - pripomenul. Medzi \u00faspechy vl\u00e1dy premi\u00e9rky Beaty Szyd\u0142o patr\u00ed pokles nezamestnanosti, zv\u00fd\u0161enie platov alebo zv\u00fd\u0161enie da\u0148ov\u00fdch pr\u00edjmov. - DPH nie je vaciki a p\u00e1chatelia DPH nie s\u00fa zlodeji z Rumcajsa - povedal Morawiecki.<\/p>\n<p>Syn legendy Solidarity zd\u00f4raznil v\u00fdznam kore\u0148ov a historickej politiky pre bud\u00facnos\u0165 na\u0161ej krajiny. - Chceme odovzda\u0165 bud\u00facim gener\u00e1ci\u00e1m na\u0161u cestu rozvoja, na\u0161u t\u00fa\u017ebu po slobode a pravde. Nem\u00f4\u017eeme sa vzda\u0165 svojej identity. V tejto s\u00favislosti je vhodn\u00e9 pripomen\u00fa\u0165 hlasovanie, ke\u010f 90 % \u010dlenov Vysokej komory hlasovalo za vstup do Eur\u00f3pskej \u00fanie pri zachovan\u00ed pr\u00e1va na suverenitu v mor\u00e1lnych ot\u00e1zkach,\" argumentoval.<\/p>\n<p>Jedn\u00fdm z najd\u00f4le\u017eitej\u0161\u00edch cie\u013eov jeho vl\u00e1dy bolo zlep\u0161i\u0165 zdravotn\u00edctvo. - Povedieme k prudk\u00e9mu zv\u00fd\u0161eniu v\u00fddavkov na 6 % HDP. Je to reakcia na opr\u00e1vnen\u00e9 po\u017eiadavky pacientov, lek\u00e1rov a zdravotn\u00fdch sestier - vyhl\u00e1sil Morawiecki. Z\u00e1rove\u0148 ozn\u00e1mil, \u017ee sa bude usilova\u0165 o vybudovanie onkologick\u00e9ho centra, v ktorom sa bud\u00fa lie\u010di\u0165 nielen pacienti, \"ale bude sa tu vykon\u00e1va\u0165 aj modern\u00fd v\u00fdskum\". Podobn\u00e1 iniciat\u00edva sa m\u00e1 t\u00fdka\u0165 aj programu zdravia srdca a ciev. - Chcem, aby Poliaci netrpeli srdcov\u00fdmi chorobami, ak to nie je z l\u00e1sky - povedal.<\/p>\n<p>Ke\u010f mysl\u00edme na energiu, mus\u00edme myslie\u0165 na \u017eivotn\u00e9 prostredie. Tieto dve oblasti s\u00fa navz\u00e1jom prepojen\u00e9. - Uhlie je z\u00e1kladom na\u0161ej energetiky. Nem\u00f4\u017eeme a nechceme sa jej vzda\u0165, - zd\u00f4raznil premi\u00e9r, hoci dodal, \u017ee z\u00e1rove\u0148 bud\u00fa prijat\u00e9 opatrenia na zlep\u0161enie kvality ovzdu\u0161ia v Po\u013esku. Ozn\u00e1mil tie\u017e rozvoj alternat\u00edvnych zdrojov energie a v\u00fdstavbu po\u013eskej jadrovej elektr\u00e1rne.<\/p>\n<p>Vl\u00e1da sa s\u00fastred\u00ed na infra\u0161trukt\u00faru, pri\u010dom Po\u013esko sa v\u010faka cest\u00e1m S3, S7 a A1 stane pulzuj\u00facim srdcom regi\u00f3nu. Pl\u00e1nuje sa aj roz\u0161\u00edrenie siete plynovodov, n\u00e1morn\u00fdch pr\u00edstavov a letiska Solidarita.<\/p>\n<p>Ozn\u00e1mil, \u017ee v najbli\u017e\u0161\u00edch t\u00fd\u017ed\u0148och sa dokon\u010dia pr\u00e1ce na \u00dastave pre podnikanie. - Kapitalizmus spotreby, ktor\u00fd v Po\u013esku zaviedli z\u00e1padn\u00e9 finan\u010dn\u00e9 korpor\u00e1cie za\u010diatkom 90. rokov, mus\u00edme nahradi\u0165 kapitalizmom \u00faspor a invest\u00edci\u00ed - tvrd\u00ed Morawiecki. Dodal, \u017ee bez \u00fa\u010dinn\u00fdch s\u00fadov nemaj\u00fa podnikatelia \u0161ancu bojova\u0165 proti mafi\u00e1m a dohod\u00e1m.<\/p>\n<p>Vl\u00e1da chce podpori\u0165 rozvoj talentov Poliakov v oblasti IT. Vytvor\u00ed sa v\u00fdskumn\u00e1 sie\u0165 Ignacyho \u0141ukasiewicza. - Chceme, aby najmlad\u0161ia gener\u00e1cia bola gener\u00e1ciou znovu z\u00edskan\u00fdch pr\u00edle\u017eitost\u00ed - povedal premi\u00e9r.<\/p>\n<p>Predseda vl\u00e1dy argumentoval potrebou hlbok\u00fdch zmien, ktor\u00e9 sa musia uskuto\u010dni\u0165 v justi\u010dnom syst\u00e9me. Zd\u00f4raznil tie\u017e, \u017ee jeho vl\u00e1da nebude tolerova\u0165 n\u00e1silie a soci\u00e1lnu patol\u00f3giu. - Nem\u00f4\u017ee sa sta\u0165, \u017ee t\u00fdran\u00e1 \u017eena a jej deti ute\u010d\u00fa z domu. Zlep\u0161\u00edme mechanizmy ochrany obet\u00ed n\u00e1silia - ubezpe\u010dil Mateusz Morawiecki.<\/p>\n<p><a href=\"https:\/\/marekkuchcinski.pl\/wp-content\/uploads\/2017\/12\/RZ__0286.jpg\"><img fetchpriority=\"high\" decoding=\"async\" class=\"alignnone size-full wp-image-8086\" src=\"https:\/\/marekkuchcinski.pl\/wp-content\/uploads\/2017\/12\/RZ__0286.jpg\" alt=\"RZ__0286\" width=\"3360\" height=\"2240\" srcset=\"https:\/\/marekkuchcinski.pl\/wp-content\/uploads\/2017\/12\/RZ__0286.jpg 2048w, https:\/\/marekkuchcinski.pl\/wp-content\/uploads\/2017\/12\/RZ__0286-300x200.jpg 300w, https:\/\/marekkuchcinski.pl\/wp-content\/uploads\/2017\/12\/RZ__0286-768x512.jpg 768w, https:\/\/marekkuchcinski.pl\/wp-content\/uploads\/2017\/12\/RZ__0286-1024x683.jpg 1024w\" sizes=\"(max-width: 3360px) 100vw, 3360px\" \/><\/a><\/p>\n<p><a href=\"https:\/\/marekkuchcinski.pl\/wp-content\/uploads\/2017\/12\/RZ__0096.jpg\"><img decoding=\"async\" class=\"alignnone size-full wp-image-8087\" src=\"https:\/\/marekkuchcinski.pl\/wp-content\/uploads\/2017\/12\/RZ__0096.jpg\" alt=\"RZ__0096\" width=\"3360\" height=\"2240\" srcset=\"https:\/\/marekkuchcinski.pl\/wp-content\/uploads\/2017\/12\/RZ__0096.jpg 2048w, https:\/\/marekkuchcinski.pl\/wp-content\/uploads\/2017\/12\/RZ__0096-300x200.jpg 300w, https:\/\/marekkuchcinski.pl\/wp-content\/uploads\/2017\/12\/RZ__0096-768x512.jpg 768w, https:\/\/marekkuchcinski.pl\/wp-content\/uploads\/2017\/12\/RZ__0096-1024x683.jpg 1024w\" sizes=\"(max-width: 3360px) 100vw, 3360px\" \/><\/a><\/p>\n<p><a href=\"https:\/\/marekkuchcinski.pl\/wp-content\/uploads\/2017\/12\/RZ__0058.jpg\"><img decoding=\"async\" class=\"alignnone size-full wp-image-8088\" src=\"https:\/\/marekkuchcinski.pl\/wp-content\/uploads\/2017\/12\/RZ__0058.jpg\" alt=\"RZ__0058\" width=\"3360\" height=\"2240\" srcset=\"https:\/\/marekkuchcinski.pl\/wp-content\/uploads\/2017\/12\/RZ__0058.jpg 2048w, https:\/\/marekkuchcinski.pl\/wp-content\/uploads\/2017\/12\/RZ__0058-300x200.jpg 300w, https:\/\/marekkuchcinski.pl\/wp-content\/uploads\/2017\/12\/RZ__0058-768x512.jpg 768w, https:\/\/marekkuchcinski.pl\/wp-content\/uploads\/2017\/12\/RZ__0058-1024x683.jpg 1024w\" sizes=\"(max-width: 3360px) 100vw, 3360px\" \/><\/a><\/p>\n<p><a href=\"https:\/\/marekkuchcinski.pl\/wp-content\/uploads\/2017\/12\/KMB_2099.view_.jpg\"><img loading=\"lazy\" decoding=\"async\" class=\"alignnone size-full wp-image-8103\" src=\"https:\/\/marekkuchcinski.pl\/wp-content\/uploads\/2017\/12\/KMB_2099.view_.jpg\" alt=\"KMB_2099.view\" width=\"800\" height=\"533\" srcset=\"https:\/\/marekkuchcinski.pl\/wp-content\/uploads\/2017\/12\/KMB_2099.view_.jpg 800w, https:\/\/marekkuchcinski.pl\/wp-content\/uploads\/2017\/12\/KMB_2099.view_-300x200.jpg 300w, https:\/\/marekkuchcinski.pl\/wp-content\/uploads\/2017\/12\/KMB_2099.view_-768x512.jpg 768w\" sizes=\"(max-width: 800px) 100vw, 800px\" \/><\/a><\/p>\n<p><a href=\"https:\/\/marekkuchcinski.pl\/wp-content\/uploads\/2017\/12\/KMB_1201.view_.jpg\"><img loading=\"lazy\" decoding=\"async\" class=\"alignnone size-full wp-image-8102\" src=\"https:\/\/marekkuchcinski.pl\/wp-content\/uploads\/2017\/12\/KMB_1201.view_.jpg\" alt=\"KMB_1201.view\" width=\"800\" height=\"533\" srcset=\"https:\/\/marekkuchcinski.pl\/wp-content\/uploads\/2017\/12\/KMB_1201.view_.jpg 800w, https:\/\/marekkuchcinski.pl\/wp-content\/uploads\/2017\/12\/KMB_1201.view_-300x200.jpg 300w, https:\/\/marekkuchcinski.pl\/wp-content\/uploads\/2017\/12\/KMB_1201.view_-768x512.jpg 768w\" sizes=\"(max-width: 800px) 100vw, 800px\" \/><\/a><\/p>\n<p><em>Foto: R. Zambrzycki, K. Bia\u0142osk\u00f3rski\/ KS<\/em><\/p>\n<p>&nbsp;<\/p>\n<p>&nbsp;<\/p>","protected":false},"excerpt":{"rendered":"<p>Rozw\u00f3j gospodarki, nowoczesne technologie, wzrost wynagrodze\u0144,\u00a0reforma s\u0142u\u017cby zdrowia, poprawa powietrza, rozw\u00f3j alternatywnych \u017ar\u00f3de\u0142 energii, infrastruktury, wsparcie przedsi\u0119biorc\u00f3w, ofensywna polityka zagraniczna, Polska silna i bezpieczna \u2013 to kluczowe plany rz\u0105du. Podczas expos\u00e9 w Sejmie premier Mateusz Morawiecki nie przedstawi\u0142 plan\u00f3w rewolucji w Radzie Ministr\u00f3w. \u2013 Ten rz\u0105d jest rz\u0105dem kontynuacji \u2013 zaznaczy\u0142. Kwitn\u0105ca gospodarka jest warunkiem [&hellip;]<\/p>\n","protected":false},"author":6,"featured_media":8089,"comment_status":"open","ping_status":"open","sticky":false,"template":"","format":"standard","meta":{"ngg_post_thumbnail":0,"footnotes":""},"categories":[82,81,3],"tags":[],"class_list":["post-8085","post","type-post","status-publish","format-standard","has-post-thumbnail","hentry","category-prawo-i-sprawiedliwosc","category-wiesci-z-sejmu","category-wydarzenia"],"_links":{"self":[{"href":"https:\/\/marekkuchcinski.pl\/sk\/wp-json\/wp\/v2\/posts\/8085","targetHints":{"allow":["GET"]}}],"collection":[{"href":"https:\/\/marekkuchcinski.pl\/sk\/wp-json\/wp\/v2\/posts"}],"about":[{"href":"https:\/\/marekkuchcinski.pl\/sk\/wp-json\/wp\/v2\/types\/post"}],"author":[{"embeddable":true,"href":"https:\/\/marekkuchcinski.pl\/sk\/wp-json\/wp\/v2\/users\/6"}],"replies":[{"embeddable":true,"href":"https:\/\/marekkuchcinski.pl\/sk\/wp-json\/wp\/v2\/comments?post=8085"}],"version-history":[{"count":12,"href":"https:\/\/marekkuchcinski.pl\/sk\/wp-json\/wp\/v2\/posts\/8085\/revisions"}],"predecessor-version":[{"id":8105,"href":"https:\/\/marekkuchcinski.pl\/sk\/wp-json\/wp\/v2\/posts\/8085\/revisions\/8105"}],"wp:featuredmedia":[{"embeddable":true,"href":"https:\/\/marekkuchcinski.pl\/sk\/wp-json\/wp\/v2\/media\/8089"}],"wp:attachment":[{"href":"https:\/\/marekkuchcinski.pl\/sk\/wp-json\/wp\/v2\/media?parent=8085"}],"wp:term":[{"taxonomy":"category","embeddable":true,"href":"https:\/\/marekkuchcinski.pl\/sk\/wp-json\/wp\/v2\/categories?post=8085"},{"taxonomy":"post_tag","embeddable":true,"href":"https:\/\/marekkuchcinski.pl\/sk\/wp-json\/wp\/v2\/tags?post=8085"}],"curies":[{"name":"wp","href":"https:\/\/api.w.org\/{rel}","templated":true}]}}