{"id":8055,"date":"2017-12-12T10:45:28","date_gmt":"2017-12-12T09:45:28","guid":{"rendered":"https:\/\/marekkuchcinski.pl\/?p=8055"},"modified":"2017-12-12T10:51:33","modified_gmt":"2017-12-12T09:51:33","slug":"prezydent-rp-powolal-prezesa-rady-ministrow-wraz-rzadem","status":"publish","type":"post","link":"https:\/\/marekkuchcinski.pl\/sk\/wydarzenia\/prezydent-rp-powolal-prezesa-rady-ministrow-wraz-rzadem\/","title":{"rendered":"Prezident Po\u013eskej republiky vymenoval predsedu vl\u00e1dy"},"content":{"rendered":"<p><strong>Po\u013esk\u00fd prezident Andrzej Duda vymenoval Mateusza Morawieck\u00e9ho za predsedu vl\u00e1dy. Ako zd\u00f4raznil, nov\u00fd premi\u00e9r sa rozhodol, \u017ee chce s t\u00fdmito \u013eu\u010fmi pracova\u0165 a presved\u010di\u0165 ich.\u00a0<\/strong>- Budeme sa usilova\u0165 o to, aby sa vl\u00e1da Jednotnej pravice stala vl\u00e1dou jednotn\u00e9ho Po\u013eska, aby bola vl\u00e1dou v\u0161etk\u00fdch ob\u010danov, povedal premi\u00e9r.<\/p>\n<p>Prezident vymenoval aj \u010dlenov Rady ministrov:<\/p>\n<ul>\n<li>Mateusz MORAWIECKI - ako minister pre rozvoj a financie<\/li>\n<li>Beata SZYD\u0141O - na post podpredsedn\u00ed\u010dky Rady ministrov<\/li>\n<li>Piotr GLI\u0143SKI - za \u00farad podpredsedu vl\u00e1dy a ministra kult\u00fary a n\u00e1rodn\u00e9ho dedi\u010dstva<\/li>\n<li>Jaros\u0142aw GOWIN - za \u00farad podpredsedu vl\u00e1dy a ministra vedy a vysok\u00e9ho \u0161kolstva<\/li>\n<li>Mariusz B\u0141ASZCZAK - za \u00farad ministra vn\u00fatra a verejnej spr\u00e1vy<\/li>\n<li>Antoni MACIEREWICZ - na post ministra n\u00e1rodnej obrany<\/li>\n<li>Witold WASZCZYKOWSKI - na post ministra zahrani\u010dn\u00fdch vec\u00ed<\/li>\n<li>Krzysztof TCH\u00d3RZEWSKI - na post ministra energetiky<\/li>\n<li>Zbigniew ZIOBRA - na post ministra spravodlivosti<\/li>\n<li>Anna ZALEWSKA - na post ministerky n\u00e1rodn\u00e9ho vzdel\u00e1vania<\/li>\n<li>Jan SZYSZKA - ako minister \u017eivotn\u00e9ho prostredia<\/li>\n<li>El\u017cbieta RAFALSKA - za \u00farad ministra pre rodinu, pr\u00e1cu a soci\u00e1lnu politiku<\/li>\n<li>Krzysztof JURGIEL - za \u00farad ministra po\u013enohospod\u00e1rstva a rozvoja vidieka<\/li>\n<li>Andrzej ADAMCZYK - za \u00farad ministra infra\u0161trukt\u00fary a v\u00fdstavby<\/li>\n<li>Konstanty RADZIWI\u0141 - ako minister zdravotn\u00edctva<\/li>\n<li>Marek GR\u00d3BARCZYK ako minister pre n\u00e1morn\u00e9 z\u00e1le\u017eitosti a vn\u00fatrozemsk\u00fa plavbu<\/li>\n<li>Anna STRE\u017dY\u0143SKA - za \u00farad ministra pre digitaliz\u00e1ciu<\/li>\n<li>Witold BA\u00d1KA - na post ministra \u0161portu a cestovn\u00e9ho ruchu<\/li>\n<li>Beata KEMPA - na post ministerky - \u010dlenky Rady ministrov<\/li>\n<li>El\u017cbieta WITEK - na post ministerky - \u010dlenky Rady ministrov<\/li>\n<li>Mariusz KAMI\u0143SKI - na post ministra - \u010dlen Rady ministrov<\/li>\n<li>Henryk KOWALCZYK - na post ministra - \u010dlen Rady ministrov<\/li>\n<\/ul>\n<p>Nov\u00ed \u010dlenovia Rady ministrov zlo\u017eili pr\u00edsahu pred po\u013esk\u00fdm prezidentom.<\/p>\n<p><em>prezident.pl<\/em><\/p>\n<p><em>Foto: Pawe\u0142 Kula<\/em><\/p>\n<p><a href=\"https:\/\/marekkuchcinski.pl\/wp-content\/uploads\/2017\/12\/DSCF7692.jpg\"><img fetchpriority=\"high\" decoding=\"async\" class=\"alignnone size-full wp-image-8056\" src=\"https:\/\/marekkuchcinski.pl\/wp-content\/uploads\/2017\/12\/DSCF7692.jpg\" alt=\"DSCF7692\" width=\"4244\" height=\"2598\" srcset=\"https:\/\/marekkuchcinski.pl\/wp-content\/uploads\/2017\/12\/DSCF7692.jpg 2048w, https:\/\/marekkuchcinski.pl\/wp-content\/uploads\/2017\/12\/DSCF7692-300x184.jpg 300w, https:\/\/marekkuchcinski.pl\/wp-content\/uploads\/2017\/12\/DSCF7692-768x470.jpg 768w, https:\/\/marekkuchcinski.pl\/wp-content\/uploads\/2017\/12\/DSCF7692-1024x627.jpg 1024w\" sizes=\"(max-width: 4244px) 100vw, 4244px\" \/><\/a> <a href=\"https:\/\/marekkuchcinski.pl\/wp-content\/uploads\/2017\/12\/KU259519.jpg\"><img decoding=\"async\" class=\"alignnone size-full wp-image-8058\" src=\"https:\/\/marekkuchcinski.pl\/wp-content\/uploads\/2017\/12\/KU259519.jpg\" alt=\"KU259519\" width=\"1800\" height=\"1200\" srcset=\"https:\/\/marekkuchcinski.pl\/wp-content\/uploads\/2017\/12\/KU259519.jpg 1800w, https:\/\/marekkuchcinski.pl\/wp-content\/uploads\/2017\/12\/KU259519-300x200.jpg 300w, https:\/\/marekkuchcinski.pl\/wp-content\/uploads\/2017\/12\/KU259519-768x512.jpg 768w, https:\/\/marekkuchcinski.pl\/wp-content\/uploads\/2017\/12\/KU259519-1024x683.jpg 1024w\" sizes=\"(max-width: 1800px) 100vw, 1800px\" \/><\/a> <a href=\"https:\/\/marekkuchcinski.pl\/wp-content\/uploads\/2017\/12\/KU259538.jpg\"><img decoding=\"async\" class=\"alignnone size-full wp-image-8059\" src=\"https:\/\/marekkuchcinski.pl\/wp-content\/uploads\/2017\/12\/KU259538.jpg\" alt=\"KU259538\" width=\"1800\" height=\"1200\" srcset=\"https:\/\/marekkuchcinski.pl\/wp-content\/uploads\/2017\/12\/KU259538.jpg 1800w, https:\/\/marekkuchcinski.pl\/wp-content\/uploads\/2017\/12\/KU259538-300x200.jpg 300w, https:\/\/marekkuchcinski.pl\/wp-content\/uploads\/2017\/12\/KU259538-768x512.jpg 768w, https:\/\/marekkuchcinski.pl\/wp-content\/uploads\/2017\/12\/KU259538-1024x683.jpg 1024w\" sizes=\"(max-width: 1800px) 100vw, 1800px\" \/><\/a> <a href=\"https:\/\/marekkuchcinski.pl\/wp-content\/uploads\/2017\/12\/KU259570.jpg\"><img loading=\"lazy\" decoding=\"async\" class=\"alignnone size-full wp-image-8060\" src=\"https:\/\/marekkuchcinski.pl\/wp-content\/uploads\/2017\/12\/KU259570.jpg\" alt=\"KU259570\" width=\"1800\" height=\"1200\" srcset=\"https:\/\/marekkuchcinski.pl\/wp-content\/uploads\/2017\/12\/KU259570.jpg 1800w, https:\/\/marekkuchcinski.pl\/wp-content\/uploads\/2017\/12\/KU259570-300x200.jpg 300w, https:\/\/marekkuchcinski.pl\/wp-content\/uploads\/2017\/12\/KU259570-768x512.jpg 768w, https:\/\/marekkuchcinski.pl\/wp-content\/uploads\/2017\/12\/KU259570-1024x683.jpg 1024w\" sizes=\"(max-width: 1800px) 100vw, 1800px\" \/><\/a> <a href=\"https:\/\/marekkuchcinski.pl\/wp-content\/uploads\/2017\/12\/KU259677.jpg\"><img loading=\"lazy\" decoding=\"async\" class=\"alignnone size-full wp-image-8061\" src=\"https:\/\/marekkuchcinski.pl\/wp-content\/uploads\/2017\/12\/KU259677.jpg\" alt=\"KU259677\" width=\"1800\" height=\"1200\" srcset=\"https:\/\/marekkuchcinski.pl\/wp-content\/uploads\/2017\/12\/KU259677.jpg 1800w, https:\/\/marekkuchcinski.pl\/wp-content\/uploads\/2017\/12\/KU259677-300x200.jpg 300w, https:\/\/marekkuchcinski.pl\/wp-content\/uploads\/2017\/12\/KU259677-768x512.jpg 768w, https:\/\/marekkuchcinski.pl\/wp-content\/uploads\/2017\/12\/KU259677-1024x683.jpg 1024w\" sizes=\"(max-width: 1800px) 100vw, 1800px\" \/><\/a> <a href=\"https:\/\/marekkuchcinski.pl\/wp-content\/uploads\/2017\/12\/KU259814.jpg\"><img loading=\"lazy\" decoding=\"async\" class=\"alignnone size-full wp-image-8062\" src=\"https:\/\/marekkuchcinski.pl\/wp-content\/uploads\/2017\/12\/KU259814.jpg\" alt=\"KU259814\" width=\"1800\" height=\"1200\" srcset=\"https:\/\/marekkuchcinski.pl\/wp-content\/uploads\/2017\/12\/KU259814.jpg 1800w, https:\/\/marekkuchcinski.pl\/wp-content\/uploads\/2017\/12\/KU259814-300x200.jpg 300w, https:\/\/marekkuchcinski.pl\/wp-content\/uploads\/2017\/12\/KU259814-768x512.jpg 768w, https:\/\/marekkuchcinski.pl\/wp-content\/uploads\/2017\/12\/KU259814-1024x683.jpg 1024w\" sizes=\"(max-width: 1800px) 100vw, 1800px\" \/><\/a> <a href=\"https:\/\/marekkuchcinski.pl\/wp-content\/uploads\/2017\/12\/KU259927.jpg\"><img loading=\"lazy\" decoding=\"async\" class=\"alignnone size-full wp-image-8063\" src=\"https:\/\/marekkuchcinski.pl\/wp-content\/uploads\/2017\/12\/KU259927.jpg\" alt=\"KU259927\" width=\"1800\" height=\"1200\" srcset=\"https:\/\/marekkuchcinski.pl\/wp-content\/uploads\/2017\/12\/KU259927.jpg 1800w, https:\/\/marekkuchcinski.pl\/wp-content\/uploads\/2017\/12\/KU259927-300x200.jpg 300w, https:\/\/marekkuchcinski.pl\/wp-content\/uploads\/2017\/12\/KU259927-768x512.jpg 768w, https:\/\/marekkuchcinski.pl\/wp-content\/uploads\/2017\/12\/KU259927-1024x683.jpg 1024w\" sizes=\"(max-width: 1800px) 100vw, 1800px\" \/><\/a> <a href=\"https:\/\/marekkuchcinski.pl\/wp-content\/uploads\/2017\/12\/KU260517.jpg\"><img loading=\"lazy\" decoding=\"async\" class=\"alignnone size-full wp-image-8064\" src=\"https:\/\/marekkuchcinski.pl\/wp-content\/uploads\/2017\/12\/KU260517.jpg\" alt=\"KU260517\" width=\"1800\" height=\"1200\" srcset=\"https:\/\/marekkuchcinski.pl\/wp-content\/uploads\/2017\/12\/KU260517.jpg 1800w, https:\/\/marekkuchcinski.pl\/wp-content\/uploads\/2017\/12\/KU260517-300x200.jpg 300w, https:\/\/marekkuchcinski.pl\/wp-content\/uploads\/2017\/12\/KU260517-768x512.jpg 768w, https:\/\/marekkuchcinski.pl\/wp-content\/uploads\/2017\/12\/KU260517-1024x683.jpg 1024w\" sizes=\"(max-width: 1800px) 100vw, 1800px\" \/><\/a> <a href=\"https:\/\/marekkuchcinski.pl\/wp-content\/uploads\/2017\/12\/KU261037.jpg\"><img loading=\"lazy\" decoding=\"async\" class=\"alignnone size-full wp-image-8065\" src=\"https:\/\/marekkuchcinski.pl\/wp-content\/uploads\/2017\/12\/KU261037.jpg\" alt=\"KU261037\" width=\"1800\" height=\"1200\" srcset=\"https:\/\/marekkuchcinski.pl\/wp-content\/uploads\/2017\/12\/KU261037.jpg 1800w, https:\/\/marekkuchcinski.pl\/wp-content\/uploads\/2017\/12\/KU261037-300x200.jpg 300w, https:\/\/marekkuchcinski.pl\/wp-content\/uploads\/2017\/12\/KU261037-768x512.jpg 768w, https:\/\/marekkuchcinski.pl\/wp-content\/uploads\/2017\/12\/KU261037-1024x683.jpg 1024w\" sizes=\"(max-width: 1800px) 100vw, 1800px\" \/><\/a> <a href=\"https:\/\/marekkuchcinski.pl\/wp-content\/uploads\/2017\/12\/KU261126.jpg\"><img loading=\"lazy\" decoding=\"async\" class=\"alignnone size-full wp-image-8067\" src=\"https:\/\/marekkuchcinski.pl\/wp-content\/uploads\/2017\/12\/KU261126.jpg\" alt=\"KU261126\" width=\"1800\" height=\"1200\" srcset=\"https:\/\/marekkuchcinski.pl\/wp-content\/uploads\/2017\/12\/KU261126.jpg 1800w, https:\/\/marekkuchcinski.pl\/wp-content\/uploads\/2017\/12\/KU261126-300x200.jpg 300w, https:\/\/marekkuchcinski.pl\/wp-content\/uploads\/2017\/12\/KU261126-768x512.jpg 768w, https:\/\/marekkuchcinski.pl\/wp-content\/uploads\/2017\/12\/KU261126-1024x683.jpg 1024w\" sizes=\"(max-width: 1800px) 100vw, 1800px\" \/><\/a><\/p>","protected":false},"excerpt":{"rendered":"<p>Prezydent Rzeczypospolitej Polskiej Andrzej Duda powo\u0142a\u0142 Mateusza Morawieckiego na urz\u0105d Prezesa Rady Ministr\u00f3w. Jak podkre\u015bli\u0142: nowy premier zdecydowa\u0142, \u017ce chce pracowa\u0107 z tymi lud\u017ami i si\u0119 do nich przekona\u0107.\u00a0&#8211; B\u0119dziemy starali si\u0119, \u017ceby rz\u0105d Zjednoczonej Prawicy by\u0142 rz\u0105dem zjednoczonej Polski, \u017ceby by\u0142 rz\u0105dem wszystkich obywateli\u00a0&#8211; powiedzia\u0142 premier. Prezydent\u00a0 powo\u0142a\u0142 tak\u017ce w sk\u0142ad Rady Ministr\u00f3w: Mateusza [&hellip;]<\/p>\n","protected":false},"author":6,"featured_media":8062,"comment_status":"open","ping_status":"open","sticky":false,"template":"","format":"standard","meta":{"ngg_post_thumbnail":0,"footnotes":""},"categories":[82,3],"tags":[],"class_list":["post-8055","post","type-post","status-publish","format-standard","has-post-thumbnail","hentry","category-prawo-i-sprawiedliwosc","category-wydarzenia"],"_links":{"self":[{"href":"https:\/\/marekkuchcinski.pl\/sk\/wp-json\/wp\/v2\/posts\/8055","targetHints":{"allow":["GET"]}}],"collection":[{"href":"https:\/\/marekkuchcinski.pl\/sk\/wp-json\/wp\/v2\/posts"}],"about":[{"href":"https:\/\/marekkuchcinski.pl\/sk\/wp-json\/wp\/v2\/types\/post"}],"author":[{"embeddable":true,"href":"https:\/\/marekkuchcinski.pl\/sk\/wp-json\/wp\/v2\/users\/6"}],"replies":[{"embeddable":true,"href":"https:\/\/marekkuchcinski.pl\/sk\/wp-json\/wp\/v2\/comments?post=8055"}],"version-history":[{"count":3,"href":"https:\/\/marekkuchcinski.pl\/sk\/wp-json\/wp\/v2\/posts\/8055\/revisions"}],"predecessor-version":[{"id":8070,"href":"https:\/\/marekkuchcinski.pl\/sk\/wp-json\/wp\/v2\/posts\/8055\/revisions\/8070"}],"wp:featuredmedia":[{"embeddable":true,"href":"https:\/\/marekkuchcinski.pl\/sk\/wp-json\/wp\/v2\/media\/8062"}],"wp:attachment":[{"href":"https:\/\/marekkuchcinski.pl\/sk\/wp-json\/wp\/v2\/media?parent=8055"}],"wp:term":[{"taxonomy":"category","embeddable":true,"href":"https:\/\/marekkuchcinski.pl\/sk\/wp-json\/wp\/v2\/categories?post=8055"},{"taxonomy":"post_tag","embeddable":true,"href":"https:\/\/marekkuchcinski.pl\/sk\/wp-json\/wp\/v2\/tags?post=8055"}],"curies":[{"name":"wp","href":"https:\/\/api.w.org\/{rel}","templated":true}]}}