{"id":8051,"date":"2017-12-11T11:16:44","date_gmt":"2017-12-11T10:16:44","guid":{"rendered":"https:\/\/marekkuchcinski.pl\/?p=8051"},"modified":"2017-12-11T11:18:17","modified_gmt":"2017-12-11T10:18:17","slug":"35-rocznica-powstania-ogolnopolskiego-komitetu-oporu-rolnikow-duszpasterstwa-rolnikow","status":"publish","type":"post","link":"https:\/\/marekkuchcinski.pl\/sk\/wydarzenia\/35-rocznica-powstania-ogolnopolskiego-komitetu-oporu-rolnikow-duszpasterstwa-rolnikow\/","title":{"rendered":"35. v\u00fdro\u010die zalo\u017eenia N\u00e1rodn\u00e9ho v\u00fdboru odporu farm\u00e1rov a farm\u00e1rskej kapl\u00e1nky"},"content":{"rendered":"<p>V Przemy\u0161lskom vojvodstve vznikli prv\u00e9 \u0161trukt\u00fary OKOR v druhej polovici roku 1983 a boli \u00fazko prepojen\u00e9 s Po\u013enohospod\u00e1rskou kapl\u00e1niou v Krasiczyne a RKOR (<strong>december 1982<\/strong>). Tvorili ich Jozef Olszanski, ktor\u00e9ho \u010dinnos\u0165 sa t\u00fdkala oblast\u00ed na v\u00fdchodnom brehu rieky San, Tadeusz Sopel, ktor\u00fd koordinoval pr\u00e1ce na z\u00e1padnom brehu rieky San a <strong>Marek Kuchci\u0144ski<\/strong>Udr\u017eiavali kontakty s po\u013enohospod\u00e1rskymi opozi\u010dn\u00fdmi aktivistami v in\u00fdch regi\u00f3noch Po\u013eska, robotn\u00edckymi kruhmi a tzv. nez\u00e1vislou kult\u00farou. \u010cinnos\u0165 OKOR v Przemy\u015bli sa s\u00fastredila najm\u00e4 na tla\u010d a distrib\u00faciu let\u00e1kov a podzemn\u00fdch \u010dasopisov, a to aj do zahrani\u010dia, do ZSSR, organizovali sa p\u00fate do \u010censtochovej, materi\u00e1lna pomoc a potraviny pre rodiny prenasledovan\u00fdch ro\u013en\u00edkov. Pred vo\u013ebami do Sejmu alebo n\u00e1rodn\u00fdch r\u00e1d sa k \u0161tandardn\u00fdm sabot\u00e1\u017enym a informa\u010dn\u00fdm aktivit\u00e1m pridalo aj ma\u013eovanie hesiel na steny a autobusov\u00e9 zast\u00e1vky (1984).<\/p>\n<p>Otec Stanislaw Bartminski: Po\u013enohospod\u00e1rska kapl\u00e1nka v Krasiczyne sa zrodila spont\u00e1nne. Pri pr\u00edle\u017eitosti v\u00fdro\u010dia vojnov\u00e9ho stavu sme zorganizovali rekolekcie pre po\u013enohospod\u00e1rov z desiatich diec\u00e9z z cel\u00e9ho Po\u013eska. S dne\u0161n\u00fdm mar\u0161alom - <strong>Marek Kuchci\u0144ski<\/strong> - Obi\u0161li sme desa\u0165 diec\u00e9z, 40 sme pozvali menovite, do r\u00fak, a 20 sme poslali po\u0161tou. Bohu\u017eia\u013e, pozv\u00e1nky sa dostali do r\u00fak \u0160tB a t\u00edto po\u013enohospod\u00e1ri boli potom prenasledovan\u00ed.<\/p>\n<p>Bolo \u0165a\u017ek\u00e9 predstavi\u0165 si toto hnutie bez podpory arcibiskupa Ign\u00e1ca Tokarczuka.<\/p>\n<p><em>Encyklop\u00e9dia solidarity<\/em><\/p>\n<p><em>TVP3 Rzesz\u00f3w: https:\/\/rzeszow.tvp.pl\/35159211\/rocznica-powstania-komitetu-oporu-rolnikow-i-duszpasterstwa-rolnikow<\/em><\/p>","protected":false},"excerpt":{"rendered":"<p>W woj. przemyskim pierwsze struktury OKOR powsta\u0142y w drugiej po\u0142. 1983 i mia\u0142y \u015bcis\u0142y zwi\u0105zek z Duszpasterstwem Rolnik\u00f3w w Krasiczynie i RKOR (grudzie\u0144 1982). Tworzyli je: J\u00f3zef Olsza\u0144ski, kt\u00f3rego dzia\u0142alno\u015b\u0107 obejmowa\u0142a tereny na wschodnim brzegu Sanu, Tadeusz Sopel, koordynuj\u0105cy prac\u0119 na zachodnim brzegu Sanu i Marek Kuchci\u0144ski, utrzymuj\u0105cy kontakty z dzia\u0142aczami opozycji rolniczej w innych [&hellip;]<\/p>\n","protected":false},"author":6,"featured_media":8052,"comment_status":"open","ping_status":"open","sticky":false,"template":"","format":"standard","meta":{"ngg_post_thumbnail":0,"footnotes":""},"categories":[49,77,3],"tags":[126,87,125],"class_list":["post-8051","post","type-post","status-publish","format-standard","has-post-thumbnail","hentry","category-podkarpacie","category-wazne-daty","category-wydarzenia","tag-bartminski","tag-marek-kuchcinski","tag-okor"],"_links":{"self":[{"href":"https:\/\/marekkuchcinski.pl\/sk\/wp-json\/wp\/v2\/posts\/8051","targetHints":{"allow":["GET"]}}],"collection":[{"href":"https:\/\/marekkuchcinski.pl\/sk\/wp-json\/wp\/v2\/posts"}],"about":[{"href":"https:\/\/marekkuchcinski.pl\/sk\/wp-json\/wp\/v2\/types\/post"}],"author":[{"embeddable":true,"href":"https:\/\/marekkuchcinski.pl\/sk\/wp-json\/wp\/v2\/users\/6"}],"replies":[{"embeddable":true,"href":"https:\/\/marekkuchcinski.pl\/sk\/wp-json\/wp\/v2\/comments?post=8051"}],"version-history":[{"count":2,"href":"https:\/\/marekkuchcinski.pl\/sk\/wp-json\/wp\/v2\/posts\/8051\/revisions"}],"predecessor-version":[{"id":8054,"href":"https:\/\/marekkuchcinski.pl\/sk\/wp-json\/wp\/v2\/posts\/8051\/revisions\/8054"}],"wp:featuredmedia":[{"embeddable":true,"href":"https:\/\/marekkuchcinski.pl\/sk\/wp-json\/wp\/v2\/media\/8052"}],"wp:attachment":[{"href":"https:\/\/marekkuchcinski.pl\/sk\/wp-json\/wp\/v2\/media?parent=8051"}],"wp:term":[{"taxonomy":"category","embeddable":true,"href":"https:\/\/marekkuchcinski.pl\/sk\/wp-json\/wp\/v2\/categories?post=8051"},{"taxonomy":"post_tag","embeddable":true,"href":"https:\/\/marekkuchcinski.pl\/sk\/wp-json\/wp\/v2\/tags?post=8051"}],"curies":[{"name":"wp","href":"https:\/\/api.w.org\/{rel}","templated":true}]}}