{"id":8019,"date":"2017-12-09T19:48:05","date_gmt":"2017-12-09T18:48:05","guid":{"rendered":"https:\/\/marekkuchcinski.pl\/?p=8019"},"modified":"2017-12-09T20:53:03","modified_gmt":"2017-12-09T19:53:03","slug":"pozegnanie-roku-kultury-wegierskiej","status":"publish","type":"post","link":"https:\/\/marekkuchcinski.pl\/sk\/wydarzenia\/pozegnanie-roku-kultury-wegierskiej\/","title":{"rendered":"Rozl\u00fa\u010dka s rokom ma\u010farskej kult\u00fary"},"content":{"rendered":"<p><strong>Koncerty, v\u00fdstavy, filmy, literat\u00fara a hudba od Dunaja zaplnili po\u013esk\u00fd kult\u00farny priestor na cel\u00fd rok.<\/strong><\/p>\n<p>Bolo mo\u017en\u00e9 vidie\u0165 menej zn\u00e1me, \u010dasto v\u00fdklenkov\u00e9, origin\u00e1lne formy, ale aj v\u00fdstavy venovan\u00e9 zn\u00e1mym a d\u00f4le\u017eit\u00fdm udalostiam z poh\u013eadu spolo\u010dn\u00fdch po\u013esko-ma\u010farsk\u00fdch dej\u00edn, ako napr\u00edklad rok 1956 alebo holokaust.<\/p>\n<p>Rok ma\u010farskej kult\u00fary sa bl\u00ed\u017ei ku koncu. Udalosti na najvy\u0161\u0161ej \u00farovni, ve\u013ek\u00e1 d\u00e1vka talentu a ma\u010farsk\u00e9ho temperamentu \u010di folkl\u00f3ru m\u00f4\u017eu len posilni\u0165 presved\u010denie, \u017ee Ma\u010farsko je krajina, z ktorej sa oplat\u00ed \u010derpa\u0165 v mnoh\u00fdch r\u00f4znych oblastiach.<\/p>\n<p>Na rozl\u00fa\u010dkovom koncerte na Var\u0161avskej technickej univerzite boli okrem in\u00fdch pr\u00edtomn\u00ed predseda Sejmu Marek Kuchci\u0144ski, ve\u013ek\u00fd z\u00e1stanca po\u013esko-ma\u010farsk\u00e9ho priate\u013estva, podpredseda Sejmu, poslanci, ministri a ma\u010farsk\u00fd ve\u013evyslanec.<\/p>\n<p>Podpredseda Sejmu Ryszard Terlecki vo svojom pr\u00edhovore zd\u00f4raznil, \u017ee v\u010faka predsedovi Sejmu Marekovi Kuchci\u0144sk\u00e9mu a predsedovi L\u00e1szl\u00f3ovi K\u00f6v\u00e9rovi sa uskuto\u010dnilo mnoho stretnut\u00ed a spolo\u010dn\u00fdch osl\u00e1v. <em>Na\u0161e priate\u013estvo je ove\u013ea dlh\u0161ie ako tento rok a oslavou sa ni\u010d nekon\u010d\u00ed.<\/em> - povedal.<\/p>\n<p>Ryszard Terlecki hovoril aj o pl\u00e1noch na zalo\u017eenie Nad\u00e1cie Wac\u0142awa Felczaka, ktor\u00e1 by sa starala o spolupr\u00e1cu medzi mlad\u00fdmi Poliakmi a Ma\u010farmi. Patr\u00f3n je n\u00e1\u0161 spolo\u010dn\u00fd hrdina. Legend\u00e1rny krakovsk\u00fd profesor bol vojakom, kuri\u00e9rom po\u013esk\u00e9ho podzemia, komunistick\u00fdm v\u00e4z\u0148om a jedn\u00fdm zo zakladate\u013eov protikomunistickej opoz\u00edcie v Ma\u010farsku v 80. rokoch, ke\u010f radil vtedy mlad\u00e9mu Orb\u00e1novi, aby zalo\u017eil vlastn\u00fa stranu.<\/p>\n<p><em>Foto: Andrzej Lek\/SDP<\/em><\/p>\n<p><a href=\"https:\/\/marekkuchcinski.pl\/wp-content\/uploads\/2017\/12\/w.jpg\"><img fetchpriority=\"high\" decoding=\"async\" class=\"alignnone size-full wp-image-8020\" src=\"https:\/\/marekkuchcinski.pl\/wp-content\/uploads\/2017\/12\/w.jpg\" alt=\"w\" width=\"800\" height=\"532\" srcset=\"https:\/\/marekkuchcinski.pl\/wp-content\/uploads\/2017\/12\/w.jpg 800w, https:\/\/marekkuchcinski.pl\/wp-content\/uploads\/2017\/12\/w-300x200.jpg 300w, https:\/\/marekkuchcinski.pl\/wp-content\/uploads\/2017\/12\/w-768x511.jpg 768w\" sizes=\"(max-width: 800px) 100vw, 800px\" \/><\/a> <a href=\"https:\/\/marekkuchcinski.pl\/wp-content\/uploads\/2017\/12\/w2.jpg\"><img decoding=\"async\" class=\"alignnone size-full wp-image-8021\" src=\"https:\/\/marekkuchcinski.pl\/wp-content\/uploads\/2017\/12\/w2.jpg\" alt=\"w2\" width=\"800\" height=\"532\" srcset=\"https:\/\/marekkuchcinski.pl\/wp-content\/uploads\/2017\/12\/w2.jpg 800w, https:\/\/marekkuchcinski.pl\/wp-content\/uploads\/2017\/12\/w2-300x200.jpg 300w, https:\/\/marekkuchcinski.pl\/wp-content\/uploads\/2017\/12\/w2-768x511.jpg 768w\" sizes=\"(max-width: 800px) 100vw, 800px\" \/><\/a> <a href=\"https:\/\/marekkuchcinski.pl\/wp-content\/uploads\/2017\/12\/w3.jpg\"><img decoding=\"async\" class=\"alignnone size-full wp-image-8022\" src=\"https:\/\/marekkuchcinski.pl\/wp-content\/uploads\/2017\/12\/w3.jpg\" alt=\"w3\" width=\"800\" height=\"532\" srcset=\"https:\/\/marekkuchcinski.pl\/wp-content\/uploads\/2017\/12\/w3.jpg 800w, https:\/\/marekkuchcinski.pl\/wp-content\/uploads\/2017\/12\/w3-300x200.jpg 300w, https:\/\/marekkuchcinski.pl\/wp-content\/uploads\/2017\/12\/w3-768x511.jpg 768w\" sizes=\"(max-width: 800px) 100vw, 800px\" \/><\/a><\/p>\n<p>&nbsp;<\/p>","protected":false},"excerpt":{"rendered":"<p>Koncerty, wystawy, filmy, literatura, muzyka znad Dunaju przez rok zape\u0142nia\u0142y polsk\u0105 przestrze\u0144 kulturaln\u0105. Mo\u017cna by\u0142o zobaczy\u0107 formy mniej znane, cz\u0119sto niszowe, oryginalne, ale i ekspozycje po\u015bwi\u0119cone wydarzeniom znanym i wa\u017cnym z punktu widzenia wsp\u00f3lnej, polsko-w\u0119gierskiej historii, jak cho\u0107by rok 1956 czy Holokaust. Rok Kultury W\u0119gierskiej dobiega ko\u0144ca. Imprezy na najwy\u017cszym poziomie, du\u017ca dawka talentu i [&hellip;]<\/p>\n","protected":false},"author":6,"featured_media":8020,"comment_status":"open","ping_status":"open","sticky":false,"template":"","format":"standard","meta":{"ngg_post_thumbnail":0,"footnotes":""},"categories":[50,3],"tags":[],"class_list":["post-8019","post","type-post","status-publish","format-standard","has-post-thumbnail","hentry","category-wspolpraca-miedzynarodowa","category-wydarzenia"],"_links":{"self":[{"href":"https:\/\/marekkuchcinski.pl\/sk\/wp-json\/wp\/v2\/posts\/8019","targetHints":{"allow":["GET"]}}],"collection":[{"href":"https:\/\/marekkuchcinski.pl\/sk\/wp-json\/wp\/v2\/posts"}],"about":[{"href":"https:\/\/marekkuchcinski.pl\/sk\/wp-json\/wp\/v2\/types\/post"}],"author":[{"embeddable":true,"href":"https:\/\/marekkuchcinski.pl\/sk\/wp-json\/wp\/v2\/users\/6"}],"replies":[{"embeddable":true,"href":"https:\/\/marekkuchcinski.pl\/sk\/wp-json\/wp\/v2\/comments?post=8019"}],"version-history":[{"count":5,"href":"https:\/\/marekkuchcinski.pl\/sk\/wp-json\/wp\/v2\/posts\/8019\/revisions"}],"predecessor-version":[{"id":8050,"href":"https:\/\/marekkuchcinski.pl\/sk\/wp-json\/wp\/v2\/posts\/8019\/revisions\/8050"}],"wp:featuredmedia":[{"embeddable":true,"href":"https:\/\/marekkuchcinski.pl\/sk\/wp-json\/wp\/v2\/media\/8020"}],"wp:attachment":[{"href":"https:\/\/marekkuchcinski.pl\/sk\/wp-json\/wp\/v2\/media?parent=8019"}],"wp:term":[{"taxonomy":"category","embeddable":true,"href":"https:\/\/marekkuchcinski.pl\/sk\/wp-json\/wp\/v2\/categories?post=8019"},{"taxonomy":"post_tag","embeddable":true,"href":"https:\/\/marekkuchcinski.pl\/sk\/wp-json\/wp\/v2\/tags?post=8019"}],"curies":[{"name":"wp","href":"https:\/\/api.w.org\/{rel}","templated":true}]}}