{"id":7967,"date":"2017-12-04T13:38:26","date_gmt":"2017-12-04T12:38:26","guid":{"rendered":"https:\/\/marekkuchcinski.pl\/?p=7967"},"modified":"2017-12-04T13:38:26","modified_gmt":"2017-12-04T12:38:26","slug":"list-marszalka-sejmu-okazji-75-lecia-powstania-zegoty","status":"publish","type":"post","link":"https:\/\/marekkuchcinski.pl\/sk\/wydarzenia\/list-marszalka-sejmu-okazji-75-lecia-powstania-zegoty\/","title":{"rendered":"List predsedu Sejmu pri pr\u00edle\u017eitosti 75. v\u00fdro\u010dia zalo\u017eenia \"\u017begota\""},"content":{"rendered":"<p style=\"text-align: center;\">\n<p style=\"text-align: center;\"><em>\u00a0\u00a0\u00a0\u00a0\u00a0\u00a0\u00a0\u00a0\u00a0\u00a0\u00a0 V\u0161etci pozn\u00e1me m\u00fadre a kr\u00e1sne slov\u00e1 Talmudu: \"Kto zachr\u00e1ni jeden \u017eivot, zachr\u00e1ni cel\u00fd svet\". Dnes sme naplnen\u00ed v\u010fa\u010dnos\u0165ou za v\u0161etk\u00fdch, ktor\u00ed v \u010dase holokaustu riskovali z\u00e1chranu \u010dloveka, hoci za to mohli zaplati\u0165 vlastn\u00fdm \u017eivotom a \u017eivotom svojich bl\u00edzkych. Tento rok si ich pripom\u00edname pri pr\u00edle\u017eitosti 75. v\u00fdro\u010dia zalo\u017eenia Rady pre pomoc \u017didom \"\u017begota\". Prv\u00e1 a jedin\u00e1 in\u0161titucion\u00e1lna forma pomoci \u017didom po\u010das druhej svetovej vojny. T\u00fato jedine\u010dn\u00fa \u010dinnos\u0165 vykon\u00e1vali \u013eudia<\/em><em>ktor\u00ed mali tv\u00e1rou v tv\u00e1r totalite a genoc\u00edde odvahu br\u00e1ni\u0165 \u013eudsk\u00fa d\u00f4stojnos\u0165, pom\u00e1ha\u0165 obetiam alebo sa postavi\u0165 za pravdu. Ich pr\u00edklad je pre n\u00e1s mimoriadne d\u00f4le\u017eit\u00fdm referen\u010dn\u00fdm bodom. Preto srde\u010dne blaho\u017eel\u00e1m nosite\u013eom \u0161t\u00e1tnych vyznamenan\u00ed udelen\u00fdch prezidentom republiky a zo srdca \u010fakujem v\u0161etk\u00fdm, ktor\u00ed v takomto \u0165a\u017ekom \u010dase dok\u00e1zali, \u017ee bez oh\u013eadu na okolnosti a nepriaze\u0148 osudu sa v\u017edy oplat\u00ed by\u0165 \u010dlovekom.<\/em><\/p>\n<p style=\"text-align: center;\"><em>Pr\u00e1ve v tak\u00fdchto v\u00fdnimo\u010dn\u00fdch chv\u00ed\u013each si toti\u017e jasne uvedomujeme, \u017ee z\u00e1kladom na\u0161ej existencie by mali by\u0165 d\u00f4stojnos\u0165 a \u013eudskos\u0165, otvorenos\u0165 a tolerancia, spravodlivos\u0165 a mier. Toto mimoriadne d\u00f4le\u017eit\u00e9 a nad\u010dasov\u00e9 posolstvo vych\u00e1dza z hist\u00f3rie \"\u017begoty\" a v\u00fdnimo\u010dn\u00e9ho postoja \u013eud\u00ed, ktor\u00ed ju vytvorili.<\/em><\/p>\n<p style=\"text-align: right;\">\n<p style=\"text-align: right;\"><em>Marek Kuchci\u0144ski<\/em><\/p>","protected":false},"excerpt":{"rendered":"<p>\u00a0\u00a0\u00a0\u00a0\u00a0\u00a0\u00a0\u00a0\u00a0\u00a0\u00a0 Wszyscy znamy m\u0105dre i pi\u0119kne s\u0142owa Talmudu: \u201eKto ratuje jedno \u017cycie, ratuje ca\u0142y \u015bwiat\u201d. Dzisiaj przepe\u0142nia nas wdzi\u0119czno\u015b\u0107 dla tych wszystkich, kt\u00f3rzy w czasach Zag\u0142ady podejmowali ryzyko ratowania cz\u0142owieka, cho\u0107 cen\u0105 mog\u0142o by\u0107 ich w\u0142asne \u017cycie i \u017cycie ich bliskich. W tym roku przypomina o nich 75. rocznica powo\u0142ania Rady Pomocy \u017bydom \u201e\u017begota\u201d. Pierwszej [&hellip;]<\/p>\n","protected":false},"author":6,"featured_media":7968,"comment_status":"open","ping_status":"open","sticky":false,"template":"","format":"standard","meta":{"ngg_post_thumbnail":0,"footnotes":""},"categories":[77,3],"tags":[],"class_list":["post-7967","post","type-post","status-publish","format-standard","has-post-thumbnail","hentry","category-wazne-daty","category-wydarzenia"],"_links":{"self":[{"href":"https:\/\/marekkuchcinski.pl\/sk\/wp-json\/wp\/v2\/posts\/7967","targetHints":{"allow":["GET"]}}],"collection":[{"href":"https:\/\/marekkuchcinski.pl\/sk\/wp-json\/wp\/v2\/posts"}],"about":[{"href":"https:\/\/marekkuchcinski.pl\/sk\/wp-json\/wp\/v2\/types\/post"}],"author":[{"embeddable":true,"href":"https:\/\/marekkuchcinski.pl\/sk\/wp-json\/wp\/v2\/users\/6"}],"replies":[{"embeddable":true,"href":"https:\/\/marekkuchcinski.pl\/sk\/wp-json\/wp\/v2\/comments?post=7967"}],"version-history":[{"count":1,"href":"https:\/\/marekkuchcinski.pl\/sk\/wp-json\/wp\/v2\/posts\/7967\/revisions"}],"predecessor-version":[{"id":7969,"href":"https:\/\/marekkuchcinski.pl\/sk\/wp-json\/wp\/v2\/posts\/7967\/revisions\/7969"}],"wp:featuredmedia":[{"embeddable":true,"href":"https:\/\/marekkuchcinski.pl\/sk\/wp-json\/wp\/v2\/media\/7968"}],"wp:attachment":[{"href":"https:\/\/marekkuchcinski.pl\/sk\/wp-json\/wp\/v2\/media?parent=7967"}],"wp:term":[{"taxonomy":"category","embeddable":true,"href":"https:\/\/marekkuchcinski.pl\/sk\/wp-json\/wp\/v2\/categories?post=7967"},{"taxonomy":"post_tag","embeddable":true,"href":"https:\/\/marekkuchcinski.pl\/sk\/wp-json\/wp\/v2\/tags?post=7967"}],"curies":[{"name":"wp","href":"https:\/\/api.w.org\/{rel}","templated":true}]}}