{"id":79,"date":"2011-08-29T11:27:29","date_gmt":"2011-08-29T09:27:29","guid":{"rendered":"https:\/\/marekkuchcinski.pl\/?p=79"},"modified":"2016-08-25T17:06:18","modified_gmt":"2016-08-25T15:06:18","slug":"pis-zazada-odwolania-ministra-grabarczyka","status":"publish","type":"post","link":"https:\/\/marekkuchcinski.pl\/sk\/wydarzenia\/pis-zazada-odwolania-ministra-grabarczyka\/","title":{"rendered":"Strana Pr\u00e1vo a spravodlivos\u0165 \u017eiada odvolanie ministra Grabarczyka"},"content":{"rendered":"<p style=\"text-align: justify\">PiS na dne\u0161nom zasadnut\u00ed Sejmu predlo\u017e\u00ed n\u00e1vrh na odvolanie ministra Cezaryho Grabarczyka. N\u00e1vrh na zamietnutie znie:<\/p>\n<p style=\"text-align: justify\">&nbsp;<\/p>\n<p style=\"text-align: justify\">Starostlivos\u0165 o dopravn\u00fd syst\u00e9m krajiny je \u00fastavnou povinnos\u0165ou ministra infra\u0161trukt\u00fary. <strong>Vl\u00e1da premi\u00e9ra Tuska v tejto \u00falohe \u00faplne zlyh\u00e1va a fungovanie syst\u00e9mu sa v poslednom \u010dase zhor\u0161ilo.<\/strong><\/p>\n<p style=\"text-align: justify\">&nbsp;<\/p>\n<p style=\"text-align: justify\">Kolaps syst\u00e9mu financovania v\u00fdstavby ciest a dia\u013enic a jeho realiz\u00e1cia, ktor\u00e1 siaha do vreciek u\u017e\u00edvate\u013eov ciest, organiza\u010dn\u00fd kolaps \u017eelezn\u00edc, rast\u00faci po\u010det \u017eelezni\u010dn\u00fdch neh\u00f4d a katastrof, ch\u00fdbaj\u00faca v\u00edzia a programy na podporu v\u00fdstavby a budovania bytov, \u00fapln\u00e1 absencia v\u00edzie rozvoja leteckej dopravy a jej infra\u0161trukt\u00fary, zanedb\u00e1vanie n\u00e1mornej dopravy a n\u00e1morn\u00e9ho hospod\u00e1rstva, nejasn\u00e1 person\u00e1lna a osobn\u00e1 politika ministerstva infra\u0161trukt\u00fary - to s\u00fa len niektor\u00e9 z vec\u00ed, s ktor\u00fdmi si ministerstvo nevie poradi\u0165.<\/p>\n<p style=\"text-align: justify\">&nbsp;<\/p>\n<p style=\"text-align: justify\"><strong>Nebola pripraven\u00e1 ani \u017eiadna alternat\u00edva pre desa\u0165tis\u00edce mlad\u00fdch p\u00e1rov, ktor\u00e9 si kupuj\u00fa byty a pre ktor\u00e9 sa program \"samostatn\u00e1 rodina\" prakticky ru\u0161\u00ed.<\/strong> Zoznam nevyrie\u0161en\u00fdch probl\u00e9mov, opomenut\u00ed a zlyhan\u00ed je dlh\u00fd.<\/p>\n<p style=\"text-align: justify\">&nbsp;<\/p>\n<p style=\"text-align: justify\">Be\u017en\u00fd ob\u010dan na\u0161ej krajiny nemus\u00ed by\u0165 \u010dlovekom, ktor\u00fd sa naplno zauj\u00edma o verejn\u00fd \u017eivot, aby dok\u00e1zal poc\u00edti\u0165 dramatick\u00e9 d\u00f4sledky neschopn\u00e9ho riadenia ministerstva infra\u0161trukt\u00fary Cezarym Grabarczykom.<\/p>\n<p style=\"text-align: justify\">&nbsp;<\/p>\n<p style=\"text-align: justify\"><strong>Ko\u013eko vec\u00ed sa e\u0161te mus\u00ed sta\u0165, ko\u013eko Poliakov e\u0161te mus\u00ed zomrie\u0165 na po\u013esk\u00fdch cest\u00e1ch alebo pri vlakov\u00fdch nehod\u00e1ch, aby po\u013esk\u00e1 vl\u00e1da prestala ignorova\u0165 o\u010dak\u00e1vania ob\u010danov a tolerova\u0165 ministra, ktor\u00e9ho neobhajuj\u00fa \u017eiadne podstatn\u00e9 argumenty, ale len jeho politick\u00ed priatelia?<\/strong><\/p>\n<p> <!--more--> <\/p>\n<p style=\"text-align: justify\">&nbsp;<\/p>\n<p style=\"text-align: justify\">Po\u013esk\u00e1 infra\u0161trukt\u00fara je v stave narastaj\u00facej katastrofy a zodpovedn\u00fd minister \u00faplne stratil schopnos\u0165 rie\u0161i\u0165 narastaj\u00face probl\u00e9my, \u010do potvrdzuj\u00fa udalosti posledn\u00fdch dn\u00ed. Ka\u017ed\u00fd de\u0148, ka\u017ed\u00fd t\u00fd\u017ede\u0148 tento kolaps prehlbuje.<\/p>\n<p style=\"text-align: justify\">&nbsp;<\/p>\n<p style=\"text-align: justify\"><strong>Neodborn\u00e1 pr\u00edprava a implement\u00e1cia syst\u00e9mu elektronick\u00e9ho v\u00fdberu m\u00fdta na \u0161t\u00e1tnych cest\u00e1ch <\/strong>s negat\u00edvnymi d\u00f4sledkami na financovanie syst\u00e9mu zalo\u017een\u00e9ho na N\u00e1rodnom cestnom fonde programu v\u00fdstavby a moderniz\u00e1cie \u0161t\u00e1tnych ciest a dia\u013enic, ako aj na zhor\u0161enie \u00farovne \u00fadr\u017eby, prev\u00e1dzky a najm\u00e4 bezpe\u010dnosti na miestnych komunik\u00e1ci\u00e1ch. Tento syst\u00e9m doteraz nefungoval pod\u013ea o\u010dak\u00e1van\u00ed a jeho fungovanie v s\u00fa\u010dasnej podobe je chybn\u00e9.&nbsp;<\/p>\n<p style=\"text-align: justify\">&nbsp;<\/p>\n<p style=\"text-align: justify\"><strong>Ne\u00faspe\u0161n\u00e1 reforma region\u00e1lnych \u017eelezn\u00edc sa prehlbuje <\/strong>Okrem in\u00e9ho aj preto, \u017ee minister Grabarczyk a jeho podriaden\u00ed nereagovali. Dne\u0161n\u00fd \u0161trajk \u017eelezni\u010diarov je toho absol\u00fatnym d\u00f4kazom.<\/p>\n<p style=\"text-align: justify\">&nbsp;<\/p>\n<p style=\"text-align: justify\"><strong>Zhor\u0161uj\u00faci sa technick\u00fd stav \u017eelezni\u010dn\u00fdch trat\u00ed <\/strong>Jednozna\u010dne to zni\u017euje \u00farove\u0148 bezpe\u010dnosti vlakovej dopravy. Minister je zodpovedn\u00fd za zmarenie pou\u017eitia 1,2 miliardy EUR z eur\u00f3pskych fondov na invest\u00edcie do \u017eelezn\u00edc v situ\u00e1cii, ke\u010f s\u00fa po\u013esk\u00e9 trate a s\u00favisiace zariadenia v dramatickom stave, ako aj \u017eelezni\u010dn\u00e9 stanice, ktor\u00e9 s\u00fa v hroznom stave.<\/p>\n<p style=\"text-align: justify\">&nbsp;<\/p>\n<p style=\"text-align: justify\"><strong>Minister pre infra\u0161trukt\u00faru s\u00fa\u010dasnej vl\u00e1dy umo\u017enil, aby pr\u00edpravy na Euro 2012 v oblasti invest\u00edci\u00ed do ciest a \u017eelezn\u00edc skolabovali. <\/strong>Od j\u00fana 2012 sa v tomto smere neuskuto\u010dn\u00ed ani polovica pl\u00e1nu.<\/p>\n<p style=\"text-align: justify\">&nbsp;<\/p>\n<p style=\"text-align: justify\"><strong>Je paralyzuj\u00face zisti\u0165, \u017ee len 5 z 27 budovan\u00fdch alebo opravovan\u00fdch \u00fasekov <\/strong>\u0161peci\u00e1lne pre t\u00fato okolnos\u0165 sa cesty stavaj\u00fa pod\u013ea harmonogramu, zatia\u013e \u010do ostatn\u00e9 s\u00fa zna\u010dne alebo \u00faplne ohrozen\u00e9.<\/p>\n<p style=\"text-align: justify\">&nbsp;<\/p>\n<p style=\"text-align: justify\"><strong>Fat\u00e1lna \u00farove\u0148 pr\u00edpravy \u00faradn\u00edkov podriaden\u00fdch ministrovi cestn\u00fdch invest\u00edci\u00ed na realiz\u00e1ciu, <\/strong>a neskor\u0161\u00ed doh\u013ead nad ich v\u00fdstavbou na podobnej \u00farovni, vedie k zastaveniu n\u00e1sledn\u00fdch invest\u00edci\u00ed do ciest, \u010dasto k odchodu alebo dokonca \u00fateku zhotovite\u013eov zo staveniska a n\u00e1sledne k obrovsk\u00fdm finan\u010dn\u00fdm strat\u00e1m pre \u0161t\u00e1t, ktor\u00e9 sa dnes odhaduj\u00fa na miliardy Sk.<\/p>\n<p style=\"text-align: justify\">&nbsp;<\/p>\n<p style=\"text-align: justify\">Ako u\u017e \u017ealobcovia uviedli vy\u0161\u0161ie, toto s\u00fa len niektor\u00e9 z obvinen\u00ed, ktor\u00e9 usved\u010duj\u00fa s\u00fa\u010dasn\u00e9ho ministra infra\u0161trukt\u00fary z katastrof\u00e1lneho stavu takej d\u00f4le\u017eitej oblasti \u0161t\u00e1tnej spr\u00e1vy, ktor\u00e1 je pod jeho doh\u013eadom a riaden\u00edm.<\/p>\n<p style=\"text-align: justify\">&nbsp;<\/p>\n<p style=\"text-align: justify\"><strong>Ako vid\u00edte, ka\u017ed\u00fd z uveden\u00fdch d\u00f4vodov je samostatne dostato\u010dn\u00fd na to, aby bol minister Cezary Grabarczyk s okam\u017eitou platnos\u0165ou odvolan\u00fd zo svojej funkcie.<\/strong> Ka\u017ed\u00fd de\u0148, ke\u010f nekompetentn\u00fd minister zost\u00e1va v tejto funkcii, prin\u00e1\u0161a \u0161t\u00e1tu a jeho ob\u010danom skuto\u010dn\u00e9 straty.<\/p>\n<p style=\"text-align: justify\">&nbsp;<\/p>\n<p style=\"text-align: justify\"><strong>Po\u013esk\u00fd \u013eud o\u010dak\u00e1va, \u017ee chaos, ktor\u00fd vl\u00e1dol na ministerstve infra\u0161trukt\u00fary posledn\u00e9 \u0161tyri roky, bude kone\u010dne pomenovan\u00fd prav\u00fdm menom a \u017ee minister Cezary Grabarczyk, ktor\u00fd je vinn\u00edkom tohto stavu, ponesie zodpovednos\u0165 zodpovedaj\u00facu nedbalosti a opomenutiam, ktor\u00fdch sme boli svedkami po\u010das uplynul\u00fdch rokov.<\/strong><\/p>\n<p style=\"text-align: justify\">&nbsp;<\/p>\n<p style=\"text-align: justify\">Bez oh\u013eadu na predt\u00fdm predlo\u017een\u00e9 n\u00e1vrhy na hlasovanie o vysloven\u00ed ned\u00f4very ministrovi infra\u0161trukt\u00fary Cezarymu Grabarczykovi, ktor\u00e9 po\u013esk\u00fd parlament nezoh\u013eadnil len v d\u00f4sledku ochrany konkr\u00e9tnych z\u00e1ujmov vl\u00e1dnucej strany, si v s\u00favislosti s ned\u00e1vnymi udalos\u0165ami na \u017eelezniciach zasluhuj\u00fa osobitn\u00fa pozornos\u0165 verejnosti tieto probl\u00e9my:<\/p>\n<p style=\"text-align: justify\">&nbsp;<\/p>\n<p style=\"text-align: justify\">1.&nbsp;<strong>Hrozba vr\u00e1tenia finan\u010dn\u00fdch prostriedkov E\u00da vy\u010dlenen\u00fdch na \u017eelezni\u010dn\u00fa dopravu v r\u00e1mci Opera\u010dn\u00e9ho programu Infra\u0161trukt\u00fara a \u017eivotn\u00e9 prostredie.<\/strong> Investi\u010dn\u00fd neporiadok vykon\u00e1van\u00fd PKP PLK. Z opera\u010dn\u00e9ho programu Infra\u0161trukt\u00fara a \u017eivotn\u00e9 prostredie na roky 2007 - 2012 vo v\u00fd\u0161ke 4 miliardy EUR na \u017eelezni\u010dn\u00fa infra\u0161trukt\u00faru sa doteraz vy\u010derpalo menej ako 20 % tejto sumy. Je potrebn\u00e9 pripomen\u00fa\u0165 rozhodnutie ministra a vl\u00e1dy z janu\u00e1ra 2011 presun\u00fa\u0165 sumu 1,2 miliardy EUR z invest\u00edci\u00ed do \u017eelezn\u00edc na cesty bez dohody s Eur\u00f3pskou komisiou.<\/p>\n<p style=\"text-align: justify\">&nbsp;<\/p>\n<p style=\"text-align: justify\">2.&nbsp;<strong>Otvorenie \u017eelezni\u010dn\u00e9ho trhu viacer\u00fdm prev\u00e1dzkovate\u013eom bez posilnenia regula\u010dn\u00fdch a bezpe\u010dnostn\u00fdch funkci\u00ed doh\u013eadu<\/strong> \u00darad pre \u017eelezni\u010dn\u00fa dopravu.<\/p>\n<p style=\"text-align: justify\">&nbsp;<\/p>\n<p style=\"text-align: justify\">3.&nbsp;<strong>\u017diadne v\u00e1\u017ene invest\u00edcie do stan\u00edc a nahradenie um\u00fdvan\u00edm a prema\u013eovan\u00edm nieko\u013ek\u00fdch stan\u00edc.<\/strong> Je potrebn\u00e9 pripomen\u00fa\u0165, \u017ee najv\u00e4\u010d\u0161iu invest\u00edciu do \u017eelezni\u010dnej stanice, ktor\u00e1 sa v s\u00fa\u010dasnosti realizuje - v\u00fdstavbu \u017eelezni\u010dnej stanice a n\u00e1kupn\u00e9ho centra v Katoviciach - iniciovali v roku 2006 ministerstvo dopravy a po\u013esk\u00e9 \u0161t\u00e1tne \u017eeleznice. Vtedy sa za\u010dalo v\u00fdberov\u00e9 konanie na v\u00fdber investora pod\u013ea vzorca verejno-s\u00fakromn\u00e9ho partnerstva. (Dohoda bola form\u00e1lne dokon\u010den\u00e1 v roku 2008).<\/p>\n<p style=\"text-align: justify\">&nbsp;<\/p>\n<p style=\"text-align: justify\">4.&nbsp;<strong>Strata trhu zo strany PKP Cargo na pribli\u017ene 50 %.<\/strong> svojim konkurentom. Pokles hmotnosti prepraven\u00e9ho tovaru zo 145 mili\u00f3nov ton na menej ako 110 mili\u00f3nov ton.<\/p>\n<p style=\"text-align: justify\">&nbsp;<\/p>\n<p style=\"text-align: justify\">5.&nbsp;<strong>V\u00fdrazn\u00e9 zn\u00ed\u017eenie \u00farovne slu\u017eieb<\/strong> osobnej dopravy a v\u00fdrazn\u00e9 pred\u013a\u017eenie \u010dasu jazdy na hlavn\u00fdch dopravn\u00fdch tras\u00e1ch.<\/p>\n<p style=\"margin-left: 36pt; text-align: justify\">&nbsp;<\/p>\n<p style=\"text-align: justify\">Len za necel\u00fd rok do\u0161lo k viacer\u00fdm v\u00e1\u017enym nehod\u00e1m, ktor\u00e9 boli d\u00f4sledkom zn\u00ed\u017eenia \u00farovne riadenia bezpe\u010dnosti \u017eelezn\u00edc, vr\u00e1tane:<\/p>\n<p style=\"text-align: justify\">&nbsp;<\/p>\n<p style=\"text-align: justify\"><strong>November 2010: <\/strong>Zr\u00e1\u017eka vlakov a v\u00fdbuch s\u00fapravy cisterien nieko\u013eko desiatok metrov od jednej z najru\u0161nej\u0161\u00edch ul\u00edc v Bialystoku a 800 metrov od jedn\u00e9ho z najv\u00e4\u010d\u0161\u00edch s\u00eddlisk.<\/p>\n<p style=\"text-align: justify\">&nbsp;<\/p>\n<p style=\"text-align: justify\"><strong>December 2010:<\/strong> Chaos pri zav\u00e1dzan\u00ed nov\u00e9ho cestovn\u00e9ho poriadku - prv\u00fdkr\u00e1t sa pred\u00e1vali l\u00edstky na vlaky, ktor\u00e9 v cestovnom poriadku neexistovali (za odmenu dostal minister Grabarczyk v janu\u00e1ri po hlasovan\u00ed o ned\u00f4vere kyticu kvetov).<\/p>\n<p style=\"text-align: justify\">&nbsp;<\/p>\n<p style=\"text-align: justify\"><strong>J\u00fan 2011: <\/strong>V\u00fdpadok pr\u00fadu na hlavnej \u017eelezni\u010dnej stanici vo Var\u0161ave. Najd\u00f4le\u017eitej\u0161ia \u017eelezni\u010dn\u00e1 stanica v Po\u013esku bola na dlh\u00e9 hodiny ochromen\u00e1.<\/p>\n<p style=\"text-align: justify\">&nbsp;<\/p>\n<p style=\"text-align: justify\"><strong>J\u00fal 2011:<\/strong> Zr\u00e1\u017eka vlakov - s\u00faprava n\u00e1kladn\u00fdch voz\u0148ov narazila do budovy \u017eelezni\u010dnej stanice Strzelce Kraje\u0144skie (3 m\u0155tvi).<\/p>\n<p style=\"text-align: justify\">&nbsp;<\/p>\n<p style=\"text-align: justify\"><strong>August 2011: <\/strong>Zr\u00e1\u017eka vlaku PKP Intercity (1 m\u0155tvy, viac ako 80 zranen\u00fdch).<\/p>\n<p style=\"text-align: justify\">&nbsp;<\/p>\n<p style=\"text-align: justify\"><strong>Vzh\u013eadom na uveden\u00e9 skuto\u010dnosti sa domnievame, \u017ee minister infra\u0161trukt\u00fary Cezary Grabarczyk stratil schopnos\u0165 vies\u0165 ministerstvo a jemu podriaden\u00e9 in\u0161tit\u00facie, a preto je n\u00e1vrh klubu Pr\u00e1vo a spravodlivos\u0165 na vyslovenie ned\u00f4very ministrovi v po\u013eskom parlamente opodstatnen\u00fd. Napriek v\u0161etk\u00e9mu d\u00fafame, \u017ee v posledn\u00fdch t\u00fd\u017ed\u0148och funk\u010dn\u00e9ho obdobia Donalda Tuska bude na post ministra infra\u0161trukt\u00fary vymenovan\u00e1 osoba, ktor\u00e1 prestane \u0161kodi\u0165 na\u0161ej krajine. <\/strong><\/p>\n<p style=\"text-align: justify\">&nbsp;<\/p>\n<p style=\"text-align: justify\">Parlamentn\u00fd klub Pr\u00e1vo a spravodlivos\u0165<\/p>","protected":false},"excerpt":{"rendered":"<p>Na rozpoczynaj\u0105cym si\u0119 dzisiaj posiedzeniu Sejmu PiS zg\u0142osi wniosek o odwo\u0142anie ministra Cezarego Grabarczyka. We wniosku o odwo\u0142anie czytamy: &nbsp; Konstytucyjnym obowi\u0105zkiem Ministra Infrastruktury jest dbanie o&nbsp;system transportowy kraju. Rz\u0105d premiera Tuska ca\u0142kowicie nie wywi\u0105zuje si\u0119 z tego zadania, a funkcjonowanie systemu w ostatnim czasie jeszcze si\u0119 pogorszy\u0142o. &nbsp; Za\u0142amanie systemu finansowania budowy dr\u00f3g i [&hellip;]<\/p>","protected":false},"author":6,"featured_media":0,"comment_status":"open","ping_status":"open","sticky":false,"template":"","format":"standard","meta":{"ngg_post_thumbnail":0,"footnotes":""},"categories":[3],"tags":[],"class_list":["post-79","post","type-post","status-publish","format-standard","hentry","category-wydarzenia"],"yoast_head":"<!-- This site is optimized with the Yoast SEO plugin v24.7 - https:\/\/yoast.com\/wordpress\/plugins\/seo\/ -->\n<title>PiS za\u017c\u0105da odwo\u0142ania ministra Grabarczyka &#8211; Marek Kuchci\u0144ski<\/title>\n<meta name=\"robots\" content=\"index, follow, max-snippet:-1, max-image-preview:large, max-video-preview:-1\" \/>\n<link rel=\"canonical\" href=\"https:\/\/marekkuchcinski.pl\/sk\/wydarzenia\/pis-zazada-odwolania-ministra-grabarczyka\/\" \/>\n<meta property=\"og:locale\" content=\"sk_SK\" \/>\n<meta property=\"og:type\" content=\"article\" \/>\n<meta property=\"og:title\" content=\"PiS za\u017c\u0105da odwo\u0142ania ministra Grabarczyka &#8211; Marek Kuchci\u0144ski\" \/>\n<meta property=\"og:description\" content=\"Na rozpoczynaj\u0105cym si\u0119 dzisiaj posiedzeniu Sejmu PiS zg\u0142osi wniosek o odwo\u0142anie ministra Cezarego Grabarczyka. We wniosku o odwo\u0142anie czytamy: &nbsp; Konstytucyjnym obowi\u0105zkiem Ministra Infrastruktury jest dbanie o&nbsp;system transportowy kraju. Rz\u0105d premiera Tuska ca\u0142kowicie nie wywi\u0105zuje si\u0119 z tego zadania, a funkcjonowanie systemu w ostatnim czasie jeszcze si\u0119 pogorszy\u0142o. &nbsp; Za\u0142amanie systemu finansowania budowy dr\u00f3g i [&hellip;]\" \/>\n<meta property=\"og:url\" content=\"https:\/\/marekkuchcinski.pl\/sk\/wydarzenia\/pis-zazada-odwolania-ministra-grabarczyka\/\" \/>\n<meta property=\"og:site_name\" content=\"Marek Kuchci\u0144ski\" \/>\n<meta property=\"article:published_time\" content=\"2011-08-29T09:27:29+00:00\" \/>\n<meta property=\"article:modified_time\" content=\"2016-08-25T15:06:18+00:00\" \/>\n<meta property=\"og:image\" content=\"https:\/\/marekkuchcinski.pl\/wp-content\/uploads\/2022\/09\/Marek.jpg\" \/>\n\t<meta property=\"og:image:width\" content=\"1600\" \/>\n\t<meta property=\"og:image:height\" content=\"971\" \/>\n\t<meta property=\"og:image:type\" content=\"image\/jpeg\" \/>\n<meta name=\"author\" content=\"admin\" \/>\n<meta name=\"twitter:card\" content=\"summary_large_image\" \/>\n<meta name=\"twitter:label1\" content=\"Autor\" \/>\n\t<meta name=\"twitter:data1\" content=\"admin\" \/>\n\t<meta name=\"twitter:label2\" content=\"Predpokladan\u00fd \u010das \u010d\u00edtania\" \/>\n\t<meta name=\"twitter:data2\" content=\"6 min\u00fat\" \/>\n<script type=\"application\/ld+json\" class=\"yoast-schema-graph\">{\"@context\":\"https:\/\/schema.org\",\"@graph\":[{\"@type\":\"Article\",\"@id\":\"https:\/\/marekkuchcinski.pl\/wydarzenia\/pis-zazada-odwolania-ministra-grabarczyka\/#article\",\"isPartOf\":{\"@id\":\"https:\/\/marekkuchcinski.pl\/wydarzenia\/pis-zazada-odwolania-ministra-grabarczyka\/\"},\"author\":{\"name\":\"admin\",\"@id\":\"https:\/\/marekkuchcinski.pl\/#\/schema\/person\/6f62700996b4d950b6ea2d1183b6c6be\"},\"headline\":\"PiS za\u017c\u0105da odwo\u0142ania ministra Grabarczyka\",\"datePublished\":\"2011-08-29T09:27:29+00:00\",\"dateModified\":\"2016-08-25T15:06:18+00:00\",\"mainEntityOfPage\":{\"@id\":\"https:\/\/marekkuchcinski.pl\/wydarzenia\/pis-zazada-odwolania-ministra-grabarczyka\/\"},\"wordCount\":1273,\"commentCount\":0,\"publisher\":{\"@id\":\"https:\/\/marekkuchcinski.pl\/#organization\"},\"articleSection\":[\"Wydarzenia\"],\"inLanguage\":\"sk-SK\",\"potentialAction\":[{\"@type\":\"CommentAction\",\"name\":\"Comment\",\"target\":[\"https:\/\/marekkuchcinski.pl\/wydarzenia\/pis-zazada-odwolania-ministra-grabarczyka\/#respond\"]}]},{\"@type\":\"WebPage\",\"@id\":\"https:\/\/marekkuchcinski.pl\/wydarzenia\/pis-zazada-odwolania-ministra-grabarczyka\/\",\"url\":\"https:\/\/marekkuchcinski.pl\/wydarzenia\/pis-zazada-odwolania-ministra-grabarczyka\/\",\"name\":\"PiS za\u017c\u0105da odwo\u0142ania ministra Grabarczyka &#8211; Marek Kuchci\u0144ski\",\"isPartOf\":{\"@id\":\"https:\/\/marekkuchcinski.pl\/#website\"},\"datePublished\":\"2011-08-29T09:27:29+00:00\",\"dateModified\":\"2016-08-25T15:06:18+00:00\",\"breadcrumb\":{\"@id\":\"https:\/\/marekkuchcinski.pl\/wydarzenia\/pis-zazada-odwolania-ministra-grabarczyka\/#breadcrumb\"},\"inLanguage\":\"sk-SK\",\"potentialAction\":[{\"@type\":\"ReadAction\",\"target\":[\"https:\/\/marekkuchcinski.pl\/wydarzenia\/pis-zazada-odwolania-ministra-grabarczyka\/\"]}]},{\"@type\":\"BreadcrumbList\",\"@id\":\"https:\/\/marekkuchcinski.pl\/wydarzenia\/pis-zazada-odwolania-ministra-grabarczyka\/#breadcrumb\",\"itemListElement\":[{\"@type\":\"ListItem\",\"position\":1,\"name\":\"Strona g\u0142\u00f3wna\",\"item\":\"https:\/\/marekkuchcinski.pl\/\"},{\"@type\":\"ListItem\",\"position\":2,\"name\":\"PiS za\u017c\u0105da odwo\u0142ania ministra Grabarczyka\"}]},{\"@type\":\"WebSite\",\"@id\":\"https:\/\/marekkuchcinski.pl\/#website\",\"url\":\"https:\/\/marekkuchcinski.pl\/\",\"name\":\"Marek Kuchci\u0144ski\",\"description\":\"Pose\u0142 na sejm RP &ndash; okr\u0119g nr 22\",\"publisher\":{\"@id\":\"https:\/\/marekkuchcinski.pl\/#organization\"},\"potentialAction\":[{\"@type\":\"SearchAction\",\"target\":{\"@type\":\"EntryPoint\",\"urlTemplate\":\"https:\/\/marekkuchcinski.pl\/?s={search_term_string}\"},\"query-input\":{\"@type\":\"PropertyValueSpecification\",\"valueRequired\":true,\"valueName\":\"search_term_string\"}}],\"inLanguage\":\"sk-SK\"},{\"@type\":\"Organization\",\"@id\":\"https:\/\/marekkuchcinski.pl\/#organization\",\"name\":\"Marek Kuchci\u0144ski\",\"url\":\"https:\/\/marekkuchcinski.pl\/\",\"logo\":{\"@type\":\"ImageObject\",\"inLanguage\":\"sk-SK\",\"@id\":\"https:\/\/marekkuchcinski.pl\/#\/schema\/logo\/image\/\",\"url\":\"https:\/\/marekkuchcinski.pl\/wp-content\/uploads\/2022\/09\/Marek.jpg\",\"contentUrl\":\"https:\/\/marekkuchcinski.pl\/wp-content\/uploads\/2022\/09\/Marek.jpg\",\"width\":1600,\"height\":971,\"caption\":\"Marek Kuchci\u0144ski\"},\"image\":{\"@id\":\"https:\/\/marekkuchcinski.pl\/#\/schema\/logo\/image\/\"}},{\"@type\":\"Person\",\"@id\":\"https:\/\/marekkuchcinski.pl\/#\/schema\/person\/6f62700996b4d950b6ea2d1183b6c6be\",\"name\":\"admin\",\"image\":{\"@type\":\"ImageObject\",\"inLanguage\":\"sk-SK\",\"@id\":\"https:\/\/marekkuchcinski.pl\/#\/schema\/person\/image\/\",\"url\":\"https:\/\/secure.gravatar.com\/avatar\/4bab693b9d55c3d6b52c0296a8765085?s=96&d=mm&r=g\",\"contentUrl\":\"https:\/\/secure.gravatar.com\/avatar\/4bab693b9d55c3d6b52c0296a8765085?s=96&d=mm&r=g\",\"caption\":\"admin\"},\"url\":\"https:\/\/marekkuchcinski.pl\/sk\/author\/marta-olejnik\/\"}]}<\/script>\n<!-- \/ Yoast SEO plugin. -->","yoast_head_json":{"title":"PiS za\u017c\u0105da odwo\u0142ania ministra Grabarczyka &#8211; Marek Kuchci\u0144ski","robots":{"index":"index","follow":"follow","max-snippet":"max-snippet:-1","max-image-preview":"max-image-preview:large","max-video-preview":"max-video-preview:-1"},"canonical":"https:\/\/marekkuchcinski.pl\/sk\/wydarzenia\/pis-zazada-odwolania-ministra-grabarczyka\/","og_locale":"sk_SK","og_type":"article","og_title":"PiS za\u017c\u0105da odwo\u0142ania ministra Grabarczyka &#8211; Marek Kuchci\u0144ski","og_description":"Na rozpoczynaj\u0105cym si\u0119 dzisiaj posiedzeniu Sejmu PiS zg\u0142osi wniosek o odwo\u0142anie ministra Cezarego Grabarczyka. We wniosku o odwo\u0142anie czytamy: &nbsp; Konstytucyjnym obowi\u0105zkiem Ministra Infrastruktury jest dbanie o&nbsp;system transportowy kraju. Rz\u0105d premiera Tuska ca\u0142kowicie nie wywi\u0105zuje si\u0119 z tego zadania, a funkcjonowanie systemu w ostatnim czasie jeszcze si\u0119 pogorszy\u0142o. &nbsp; Za\u0142amanie systemu finansowania budowy dr\u00f3g i [&hellip;]","og_url":"https:\/\/marekkuchcinski.pl\/sk\/wydarzenia\/pis-zazada-odwolania-ministra-grabarczyka\/","og_site_name":"Marek Kuchci\u0144ski","article_published_time":"2011-08-29T09:27:29+00:00","article_modified_time":"2016-08-25T15:06:18+00:00","og_image":[{"width":1600,"height":971,"url":"https:\/\/marekkuchcinski.pl\/wp-content\/uploads\/2022\/09\/Marek.jpg","type":"image\/jpeg"}],"author":"admin","twitter_card":"summary_large_image","twitter_misc":{"Autor":"admin","Predpokladan\u00fd \u010das \u010d\u00edtania":"6 min\u00fat"},"schema":{"@context":"https:\/\/schema.org","@graph":[{"@type":"Article","@id":"https:\/\/marekkuchcinski.pl\/wydarzenia\/pis-zazada-odwolania-ministra-grabarczyka\/#article","isPartOf":{"@id":"https:\/\/marekkuchcinski.pl\/wydarzenia\/pis-zazada-odwolania-ministra-grabarczyka\/"},"author":{"name":"admin","@id":"https:\/\/marekkuchcinski.pl\/#\/schema\/person\/6f62700996b4d950b6ea2d1183b6c6be"},"headline":"PiS za\u017c\u0105da odwo\u0142ania ministra Grabarczyka","datePublished":"2011-08-29T09:27:29+00:00","dateModified":"2016-08-25T15:06:18+00:00","mainEntityOfPage":{"@id":"https:\/\/marekkuchcinski.pl\/wydarzenia\/pis-zazada-odwolania-ministra-grabarczyka\/"},"wordCount":1273,"commentCount":0,"publisher":{"@id":"https:\/\/marekkuchcinski.pl\/#organization"},"articleSection":["Wydarzenia"],"inLanguage":"sk-SK","potentialAction":[{"@type":"CommentAction","name":"Comment","target":["https:\/\/marekkuchcinski.pl\/wydarzenia\/pis-zazada-odwolania-ministra-grabarczyka\/#respond"]}]},{"@type":"WebPage","@id":"https:\/\/marekkuchcinski.pl\/wydarzenia\/pis-zazada-odwolania-ministra-grabarczyka\/","url":"https:\/\/marekkuchcinski.pl\/wydarzenia\/pis-zazada-odwolania-ministra-grabarczyka\/","name":"PiS za\u017c\u0105da odwo\u0142ania ministra Grabarczyka &#8211; Marek Kuchci\u0144ski","isPartOf":{"@id":"https:\/\/marekkuchcinski.pl\/#website"},"datePublished":"2011-08-29T09:27:29+00:00","dateModified":"2016-08-25T15:06:18+00:00","breadcrumb":{"@id":"https:\/\/marekkuchcinski.pl\/wydarzenia\/pis-zazada-odwolania-ministra-grabarczyka\/#breadcrumb"},"inLanguage":"sk-SK","potentialAction":[{"@type":"ReadAction","target":["https:\/\/marekkuchcinski.pl\/wydarzenia\/pis-zazada-odwolania-ministra-grabarczyka\/"]}]},{"@type":"BreadcrumbList","@id":"https:\/\/marekkuchcinski.pl\/wydarzenia\/pis-zazada-odwolania-ministra-grabarczyka\/#breadcrumb","itemListElement":[{"@type":"ListItem","position":1,"name":"Strona g\u0142\u00f3wna","item":"https:\/\/marekkuchcinski.pl\/"},{"@type":"ListItem","position":2,"name":"PiS za\u017c\u0105da odwo\u0142ania ministra Grabarczyka"}]},{"@type":"WebSite","@id":"https:\/\/marekkuchcinski.pl\/#website","url":"https:\/\/marekkuchcinski.pl\/","name":"Marek Kuchci\u0144ski","description":"Pose\u0142 na sejm RP &ndash; okr\u0119g nr 22","publisher":{"@id":"https:\/\/marekkuchcinski.pl\/#organization"},"potentialAction":[{"@type":"SearchAction","target":{"@type":"EntryPoint","urlTemplate":"https:\/\/marekkuchcinski.pl\/?s={search_term_string}"},"query-input":{"@type":"PropertyValueSpecification","valueRequired":true,"valueName":"search_term_string"}}],"inLanguage":"sk-SK"},{"@type":"Organization","@id":"https:\/\/marekkuchcinski.pl\/#organization","name":"Marek Kuchci\u0144ski","url":"https:\/\/marekkuchcinski.pl\/","logo":{"@type":"ImageObject","inLanguage":"sk-SK","@id":"https:\/\/marekkuchcinski.pl\/#\/schema\/logo\/image\/","url":"https:\/\/marekkuchcinski.pl\/wp-content\/uploads\/2022\/09\/Marek.jpg","contentUrl":"https:\/\/marekkuchcinski.pl\/wp-content\/uploads\/2022\/09\/Marek.jpg","width":1600,"height":971,"caption":"Marek Kuchci\u0144ski"},"image":{"@id":"https:\/\/marekkuchcinski.pl\/#\/schema\/logo\/image\/"}},{"@type":"Person","@id":"https:\/\/marekkuchcinski.pl\/#\/schema\/person\/6f62700996b4d950b6ea2d1183b6c6be","name":"admin","image":{"@type":"ImageObject","inLanguage":"sk-SK","@id":"https:\/\/marekkuchcinski.pl\/#\/schema\/person\/image\/","url":"https:\/\/secure.gravatar.com\/avatar\/4bab693b9d55c3d6b52c0296a8765085?s=96&d=mm&r=g","contentUrl":"https:\/\/secure.gravatar.com\/avatar\/4bab693b9d55c3d6b52c0296a8765085?s=96&d=mm&r=g","caption":"admin"},"url":"https:\/\/marekkuchcinski.pl\/sk\/author\/marta-olejnik\/"}]}},"_links":{"self":[{"href":"https:\/\/marekkuchcinski.pl\/sk\/wp-json\/wp\/v2\/posts\/79","targetHints":{"allow":["GET"]}}],"collection":[{"href":"https:\/\/marekkuchcinski.pl\/sk\/wp-json\/wp\/v2\/posts"}],"about":[{"href":"https:\/\/marekkuchcinski.pl\/sk\/wp-json\/wp\/v2\/types\/post"}],"author":[{"embeddable":true,"href":"https:\/\/marekkuchcinski.pl\/sk\/wp-json\/wp\/v2\/users\/6"}],"replies":[{"embeddable":true,"href":"https:\/\/marekkuchcinski.pl\/sk\/wp-json\/wp\/v2\/comments?post=79"}],"version-history":[{"count":1,"href":"https:\/\/marekkuchcinski.pl\/sk\/wp-json\/wp\/v2\/posts\/79\/revisions"}],"predecessor-version":[{"id":1320,"href":"https:\/\/marekkuchcinski.pl\/sk\/wp-json\/wp\/v2\/posts\/79\/revisions\/1320"}],"wp:attachment":[{"href":"https:\/\/marekkuchcinski.pl\/sk\/wp-json\/wp\/v2\/media?parent=79"}],"wp:term":[{"taxonomy":"category","embeddable":true,"href":"https:\/\/marekkuchcinski.pl\/sk\/wp-json\/wp\/v2\/categories?post=79"},{"taxonomy":"post_tag","embeddable":true,"href":"https:\/\/marekkuchcinski.pl\/sk\/wp-json\/wp\/v2\/tags?post=79"}],"curies":[{"name":"wp","href":"https:\/\/api.w.org\/{rel}","templated":true}]}}