{"id":7548,"date":"2017-10-29T22:15:24","date_gmt":"2017-10-29T21:15:24","guid":{"rendered":"https:\/\/marekkuchcinski.pl\/?p=7548"},"modified":"2017-10-31T21:30:37","modified_gmt":"2017-10-31T20:30:37","slug":"marszalek-sejmu-zapalil-znicze-przemyskich-cmentarzach-zlozyl-hold-bohaterom","status":"publish","type":"post","link":"https:\/\/marekkuchcinski.pl\/sk\/wydarzenia\/marszalek-sejmu-zapalil-znicze-przemyskich-cmentarzach-zlozyl-hold-bohaterom\/","title":{"rendered":"Predseda Sejmu zap\u00e1lil svie\u010dky a polo\u017eil kvety na przemysk\u00fdch cintor\u00ednoch. Vzdal hold hrdinom"},"content":{"rendered":"<p class=\"hyphenate\" data-scroll=\"paragraph_1\">Mar\u0161al Marek Kuchci\u0144ski a jeho sprievodn\u00ed hostia, medzi ktor\u00fdmi bol aj prim\u00e1tor mesta Przemy\u015bl Robert Choma, za\u010dali sl\u00e1vnostn\u00fa n\u00e1v\u0161tevu pohreb\u00edsk polo\u017een\u00edm kvetov na hrob arcibiskupa Ignacyho Tokarczuka v krypt\u00e1ch przemyskej katedr\u00e1ly. Odtia\u013e sa vydal na rak\u00fasko-uhorsk\u00fd cintor\u00edn, kde si uctil pamiatku Rak\u00fasko-Uhorska, ktor\u00e9 bojovalo v rokoch 1914-1918 v bojoch o pevnos\u0165 Przemy\u015bl. Medzi nimi je aj star\u00fd otec s\u00fa\u010dasn\u00e9ho predsedu ma\u010farsk\u00e9ho parlamentu L\u00e1szl\u00f3a K\u00f6v\u00e9ra a star\u00fd otec J\u00f3zsefa Antalla.<\/p>\n<p class=\"hyphenate\" data-scroll=\"paragraph_2\">Mar\u0161al a jeho asistenti tie\u017e zap\u00e1lili svie\u010dky a polo\u017eili kytice kvetov k pam\u00e4tn\u00edkom vr\u00e1tane: AK, pam\u00e4tn\u00edky Poliakov z v\u00fdchodn\u00fdch hran\u00edc zavra\u017eden\u00fdch OUN-UPA a zavra\u017eden\u00fdch NKVD (tzv. Katy\u0148sk\u00fd pam\u00e4tn\u00edk), legion\u00e1rov a Hrob nezn\u00e1meho vojaka.<\/p>\n<p class=\"hyphenate\" data-scroll=\"paragraph_3\">Kuchci\u0144ski a jeho spolo\u010dn\u00edci nav\u0161t\u00edvili okrem in\u00e9ho aj hrob vojakov po\u013eskej arm\u00e1dy padl\u00fdch v roku 1946 v bojoch proti Ukrajinskej povstaleckej arm\u00e1de (UPA), ktor\u00fd sa nach\u00e1dza na cintor\u00edne Zasa\u0144ski. Na Hlavnom cintor\u00edne zasa mar\u0161al nav\u0161t\u00edvil hrob svojho otca Zbigniewa Kuchci\u0144sk\u00e9ho, ktor\u00fd bol predsedom Zdru\u017eenia milovn\u00edkov \u013dvova a ju\u017en\u00fdch a v\u00fdchodn\u00fdch hran\u00edc, ako aj hrobov\u00e9 miesta s popolom z hrobov \u00fa\u010dastn\u00edkov novembrov\u00e9ho a janu\u00e1rov\u00e9ho povstania a hrob Przemyslovsk\u00fdch orlov.<\/p>\n<p class=\"hyphenate\" data-scroll=\"paragraph_4\">Svie\u010dky boli zap\u00e1len\u00e9 aj na hroboch jednotliv\u00fdch hrdinov - vojakov Armie Krajowej a zn\u00e1mych Przemy\u015blanov, medzi ktor\u00fdmi boli Ryszard Siwiec, major W\u0142adys\u0142aw Koba, Alicja Wronowska a dlhoro\u010dn\u00fd predseda Polonie Przemy\u015bl Jerzy Mi\u015bkiewicz.<\/p>\n<p class=\"hyphenate\" data-scroll=\"paragraph_5\">Na druhej strane de\u0148 predt\u00fdm zamestnanci poslaneckej kancel\u00e1rie a mestskej str\u00e1\u017ee v mene mar\u0161ala Kuchci\u0144sk\u00e9ho a prim\u00e1tora mesta polo\u017eili kytice kvetov a zap\u00e1lili svie\u010dky na hroby v\u00fdznamn\u00fdch przemy\u015blanov a k pam\u00e4tnej tabuli na po\u010des\u0165 po\u013esk\u00fdch a americk\u00fdch letcov, ktor\u00ed v roku 1920 bojovali za nez\u00e1vislos\u0165.<\/p>\n<p class=\"hyphenate\" data-scroll=\"paragraph_5\"><em>PAP<\/em><\/p>\n<p class=\"hyphenate\" data-scroll=\"paragraph_5\"><em>foto: A. Czereba<\/em><\/p>\n<p class=\"hyphenate\" data-scroll=\"paragraph_5\"><a href=\"https:\/\/marekkuchcinski.pl\/wp-content\/uploads\/2017\/10\/Przy-Pomniku-Ofiar-UPA-2.jpg\"><img fetchpriority=\"high\" decoding=\"async\" class=\"alignnone size-full wp-image-7549\" src=\"https:\/\/marekkuchcinski.pl\/wp-content\/uploads\/2017\/10\/Przy-Pomniku-Ofiar-UPA-2.jpg\" alt=\"Przy Pomniku Ofiar UPA (2)\" width=\"4109\" height=\"2753\" srcset=\"https:\/\/marekkuchcinski.pl\/wp-content\/uploads\/2017\/10\/Przy-Pomniku-Ofiar-UPA-2.jpg 2048w, https:\/\/marekkuchcinski.pl\/wp-content\/uploads\/2017\/10\/Przy-Pomniku-Ofiar-UPA-2-300x201.jpg 300w, https:\/\/marekkuchcinski.pl\/wp-content\/uploads\/2017\/10\/Przy-Pomniku-Ofiar-UPA-2-768x515.jpg 768w, https:\/\/marekkuchcinski.pl\/wp-content\/uploads\/2017\/10\/Przy-Pomniku-Ofiar-UPA-2-1024x686.jpg 1024w\" sizes=\"(max-width: 4109px) 100vw, 4109px\" \/><\/a> <a href=\"https:\/\/marekkuchcinski.pl\/wp-content\/uploads\/2017\/10\/29.11.2017_fot.-A-59.jpg\"><img decoding=\"async\" class=\"alignnone size-full wp-image-7551\" src=\"https:\/\/marekkuchcinski.pl\/wp-content\/uploads\/2017\/10\/29.11.2017_fot.-A-59.jpg\" alt=\"29.11.2017_fot. A (59)\" width=\"4021\" height=\"2422\" srcset=\"https:\/\/marekkuchcinski.pl\/wp-content\/uploads\/2017\/10\/29.11.2017_fot.-A-59.jpg 2048w, https:\/\/marekkuchcinski.pl\/wp-content\/uploads\/2017\/10\/29.11.2017_fot.-A-59-300x181.jpg 300w, https:\/\/marekkuchcinski.pl\/wp-content\/uploads\/2017\/10\/29.11.2017_fot.-A-59-768x463.jpg 768w, https:\/\/marekkuchcinski.pl\/wp-content\/uploads\/2017\/10\/29.11.2017_fot.-A-59-1024x617.jpg 1024w\" sizes=\"(max-width: 4021px) 100vw, 4021px\" \/><\/a> <a href=\"https:\/\/marekkuchcinski.pl\/wp-content\/uploads\/2017\/10\/29.11.2017_fot.-A-57.jpg\"><img decoding=\"async\" class=\"alignnone size-full wp-image-7552\" src=\"https:\/\/marekkuchcinski.pl\/wp-content\/uploads\/2017\/10\/29.11.2017_fot.-A-57.jpg\" alt=\"29.11.2017_fot. A (57)\" width=\"3765\" height=\"2452\" srcset=\"https:\/\/marekkuchcinski.pl\/wp-content\/uploads\/2017\/10\/29.11.2017_fot.-A-57.jpg 2048w, https:\/\/marekkuchcinski.pl\/wp-content\/uploads\/2017\/10\/29.11.2017_fot.-A-57-300x195.jpg 300w, https:\/\/marekkuchcinski.pl\/wp-content\/uploads\/2017\/10\/29.11.2017_fot.-A-57-768x500.jpg 768w, https:\/\/marekkuchcinski.pl\/wp-content\/uploads\/2017\/10\/29.11.2017_fot.-A-57-1024x667.jpg 1024w\" sizes=\"(max-width: 3765px) 100vw, 3765px\" \/><\/a> <a href=\"https:\/\/marekkuchcinski.pl\/wp-content\/uploads\/2017\/10\/29.11.2017_fot.-A-45.jpg\"><img loading=\"lazy\" decoding=\"async\" class=\"alignnone size-full wp-image-7554\" src=\"https:\/\/marekkuchcinski.pl\/wp-content\/uploads\/2017\/10\/29.11.2017_fot.-A-45.jpg\" alt=\"29.11.2017_fot. A (45)\" width=\"4170\" height=\"2709\" srcset=\"https:\/\/marekkuchcinski.pl\/wp-content\/uploads\/2017\/10\/29.11.2017_fot.-A-45.jpg 2048w, https:\/\/marekkuchcinski.pl\/wp-content\/uploads\/2017\/10\/29.11.2017_fot.-A-45-300x195.jpg 300w, https:\/\/marekkuchcinski.pl\/wp-content\/uploads\/2017\/10\/29.11.2017_fot.-A-45-768x499.jpg 768w, https:\/\/marekkuchcinski.pl\/wp-content\/uploads\/2017\/10\/29.11.2017_fot.-A-45-1024x665.jpg 1024w\" sizes=\"(max-width: 4170px) 100vw, 4170px\" \/><\/a> <a href=\"https:\/\/marekkuchcinski.pl\/wp-content\/uploads\/2017\/10\/29.11.2017_fot.-A-27.jpg\"><img loading=\"lazy\" decoding=\"async\" class=\"alignnone size-full wp-image-7557\" src=\"https:\/\/marekkuchcinski.pl\/wp-content\/uploads\/2017\/10\/29.11.2017_fot.-A-27.jpg\" alt=\"29.11.2017_fot. A (27)\" width=\"3888\" height=\"2632\" srcset=\"https:\/\/marekkuchcinski.pl\/wp-content\/uploads\/2017\/10\/29.11.2017_fot.-A-27.jpg 2048w, https:\/\/marekkuchcinski.pl\/wp-content\/uploads\/2017\/10\/29.11.2017_fot.-A-27-300x203.jpg 300w, https:\/\/marekkuchcinski.pl\/wp-content\/uploads\/2017\/10\/29.11.2017_fot.-A-27-768x520.jpg 768w, https:\/\/marekkuchcinski.pl\/wp-content\/uploads\/2017\/10\/29.11.2017_fot.-A-27-1024x693.jpg 1024w\" sizes=\"(max-width: 3888px) 100vw, 3888px\" \/><\/a> <a href=\"https:\/\/marekkuchcinski.pl\/wp-content\/uploads\/2017\/10\/29.11.2017_fot.-A-24.jpg\"><img loading=\"lazy\" decoding=\"async\" class=\"alignnone size-full wp-image-7559\" src=\"https:\/\/marekkuchcinski.pl\/wp-content\/uploads\/2017\/10\/29.11.2017_fot.-A-24.jpg\" alt=\"29.11.2017_fot. A (24)\" width=\"3476\" height=\"2447\" srcset=\"https:\/\/marekkuchcinski.pl\/wp-content\/uploads\/2017\/10\/29.11.2017_fot.-A-24.jpg 2048w, https:\/\/marekkuchcinski.pl\/wp-content\/uploads\/2017\/10\/29.11.2017_fot.-A-24-300x211.jpg 300w, https:\/\/marekkuchcinski.pl\/wp-content\/uploads\/2017\/10\/29.11.2017_fot.-A-24-768x541.jpg 768w, https:\/\/marekkuchcinski.pl\/wp-content\/uploads\/2017\/10\/29.11.2017_fot.-A-24-1024x721.jpg 1024w\" sizes=\"(max-width: 3476px) 100vw, 3476px\" \/><\/a> <a href=\"https:\/\/marekkuchcinski.pl\/wp-content\/uploads\/2017\/10\/29.11.2017_fot.-A-30.jpg\"><img loading=\"lazy\" decoding=\"async\" class=\"alignnone size-full wp-image-7562\" src=\"https:\/\/marekkuchcinski.pl\/wp-content\/uploads\/2017\/10\/29.11.2017_fot.-A-30.jpg\" alt=\"29.11.2017_fot. A (30)\" width=\"3656\" height=\"2797\" srcset=\"https:\/\/marekkuchcinski.pl\/wp-content\/uploads\/2017\/10\/29.11.2017_fot.-A-30.jpg 2048w, https:\/\/marekkuchcinski.pl\/wp-content\/uploads\/2017\/10\/29.11.2017_fot.-A-30-300x230.jpg 300w, https:\/\/marekkuchcinski.pl\/wp-content\/uploads\/2017\/10\/29.11.2017_fot.-A-30-768x588.jpg 768w, https:\/\/marekkuchcinski.pl\/wp-content\/uploads\/2017\/10\/29.11.2017_fot.-A-30-1024x783.jpg 1024w\" sizes=\"(max-width: 3656px) 100vw, 3656px\" \/><\/a> <a href=\"https:\/\/marekkuchcinski.pl\/wp-content\/uploads\/2017\/10\/29.11.2017_fot.-A-49.jpg\"><img loading=\"lazy\" decoding=\"async\" class=\"alignnone size-full wp-image-7564\" src=\"https:\/\/marekkuchcinski.pl\/wp-content\/uploads\/2017\/10\/29.11.2017_fot.-A-49.jpg\" alt=\"29.11.2017_fot. A (49)\" width=\"3605\" height=\"2709\" srcset=\"https:\/\/marekkuchcinski.pl\/wp-content\/uploads\/2017\/10\/29.11.2017_fot.-A-49.jpg 2048w, https:\/\/marekkuchcinski.pl\/wp-content\/uploads\/2017\/10\/29.11.2017_fot.-A-49-300x225.jpg 300w, https:\/\/marekkuchcinski.pl\/wp-content\/uploads\/2017\/10\/29.11.2017_fot.-A-49-768x577.jpg 768w, https:\/\/marekkuchcinski.pl\/wp-content\/uploads\/2017\/10\/29.11.2017_fot.-A-49-1024x769.jpg 1024w\" sizes=\"(max-width: 3605px) 100vw, 3605px\" \/><\/a> <a href=\"https:\/\/marekkuchcinski.pl\/wp-content\/uploads\/2017\/10\/29.11.2017_fot.-A-37.jpg\"><img loading=\"lazy\" decoding=\"async\" class=\"alignnone size-full wp-image-7565\" src=\"https:\/\/marekkuchcinski.pl\/wp-content\/uploads\/2017\/10\/29.11.2017_fot.-A-37.jpg\" alt=\"29.11.2017_fot. A (37)\" width=\"3394\" height=\"2560\" srcset=\"https:\/\/marekkuchcinski.pl\/wp-content\/uploads\/2017\/10\/29.11.2017_fot.-A-37.jpg 2048w, https:\/\/marekkuchcinski.pl\/wp-content\/uploads\/2017\/10\/29.11.2017_fot.-A-37-300x226.jpg 300w, https:\/\/marekkuchcinski.pl\/wp-content\/uploads\/2017\/10\/29.11.2017_fot.-A-37-768x579.jpg 768w, https:\/\/marekkuchcinski.pl\/wp-content\/uploads\/2017\/10\/29.11.2017_fot.-A-37-1024x772.jpg 1024w\" sizes=\"(max-width: 3394px) 100vw, 3394px\" \/><\/a> <a href=\"https:\/\/marekkuchcinski.pl\/wp-content\/uploads\/2017\/10\/g3.jpg\"><img loading=\"lazy\" decoding=\"async\" class=\"alignnone size-full wp-image-7574\" src=\"https:\/\/marekkuchcinski.pl\/wp-content\/uploads\/2017\/10\/g3.jpg\" alt=\"g3\" width=\"4036\" height=\"2493\" srcset=\"https:\/\/marekkuchcinski.pl\/wp-content\/uploads\/2017\/10\/g3.jpg 2048w, https:\/\/marekkuchcinski.pl\/wp-content\/uploads\/2017\/10\/g3-300x185.jpg 300w, https:\/\/marekkuchcinski.pl\/wp-content\/uploads\/2017\/10\/g3-768x474.jpg 768w, https:\/\/marekkuchcinski.pl\/wp-content\/uploads\/2017\/10\/g3-1024x633.jpg 1024w\" sizes=\"(max-width: 4036px) 100vw, 4036px\" \/><\/a> <a href=\"https:\/\/marekkuchcinski.pl\/wp-content\/uploads\/2017\/10\/G1.jpg\"><img loading=\"lazy\" decoding=\"async\" class=\"alignnone size-full wp-image-7575\" src=\"https:\/\/marekkuchcinski.pl\/wp-content\/uploads\/2017\/10\/G1.jpg\" alt=\"G1\" width=\"3990\" height=\"2534\" srcset=\"https:\/\/marekkuchcinski.pl\/wp-content\/uploads\/2017\/10\/G1.jpg 2048w, https:\/\/marekkuchcinski.pl\/wp-content\/uploads\/2017\/10\/G1-300x191.jpg 300w, https:\/\/marekkuchcinski.pl\/wp-content\/uploads\/2017\/10\/G1-768x488.jpg 768w, https:\/\/marekkuchcinski.pl\/wp-content\/uploads\/2017\/10\/G1-1024x650.jpg 1024w\" sizes=\"(max-width: 3990px) 100vw, 3990px\" \/><\/a><\/p>","protected":false},"excerpt":{"rendered":"<p>Uroczyste odwiedzanie miejsc poch\u00f3wku marsza\u0142ek Marek Kuchci\u0144ski wraz z towarzysz\u0105cymi mu osobami, w tym\u00a0m.in. z prezydentem Przemy\u015bla Robertem Chom\u0105, rozpocz\u0105\u0142 od z\u0142o\u017cenia kwiat\u00f3w na grobie ks. abp. Ignacego Tokarczuka w kryptach Archikatedry Przemyskiej. Stamt\u0105d uda\u0142 si\u0119 na Cmentarz Austro-W\u0119gierski, gdzie upami\u0119tni\u0142 Austro-W\u0119gr\u00f3w walcz\u0105cych w latach 1914-1918 w walkach o Twierdz\u0119 Przemy\u015bl. W\u015br\u00f3d nich spoczywa dziadek [&hellip;]<\/p>\n","protected":false},"author":6,"featured_media":7551,"comment_status":"open","ping_status":"open","sticky":false,"template":"","format":"standard","meta":{"ngg_post_thumbnail":0,"footnotes":""},"categories":[49,77,3],"tags":[],"class_list":["post-7548","post","type-post","status-publish","format-standard","has-post-thumbnail","hentry","category-podkarpacie","category-wazne-daty","category-wydarzenia"],"_links":{"self":[{"href":"https:\/\/marekkuchcinski.pl\/sk\/wp-json\/wp\/v2\/posts\/7548","targetHints":{"allow":["GET"]}}],"collection":[{"href":"https:\/\/marekkuchcinski.pl\/sk\/wp-json\/wp\/v2\/posts"}],"about":[{"href":"https:\/\/marekkuchcinski.pl\/sk\/wp-json\/wp\/v2\/types\/post"}],"author":[{"embeddable":true,"href":"https:\/\/marekkuchcinski.pl\/sk\/wp-json\/wp\/v2\/users\/6"}],"replies":[{"embeddable":true,"href":"https:\/\/marekkuchcinski.pl\/sk\/wp-json\/wp\/v2\/comments?post=7548"}],"version-history":[{"count":5,"href":"https:\/\/marekkuchcinski.pl\/sk\/wp-json\/wp\/v2\/posts\/7548\/revisions"}],"predecessor-version":[{"id":7640,"href":"https:\/\/marekkuchcinski.pl\/sk\/wp-json\/wp\/v2\/posts\/7548\/revisions\/7640"}],"wp:featuredmedia":[{"embeddable":true,"href":"https:\/\/marekkuchcinski.pl\/sk\/wp-json\/wp\/v2\/media\/7551"}],"wp:attachment":[{"href":"https:\/\/marekkuchcinski.pl\/sk\/wp-json\/wp\/v2\/media?parent=7548"}],"wp:term":[{"taxonomy":"category","embeddable":true,"href":"https:\/\/marekkuchcinski.pl\/sk\/wp-json\/wp\/v2\/categories?post=7548"},{"taxonomy":"post_tag","embeddable":true,"href":"https:\/\/marekkuchcinski.pl\/sk\/wp-json\/wp\/v2\/tags?post=7548"}],"curies":[{"name":"wp","href":"https:\/\/api.w.org\/{rel}","templated":true}]}}