{"id":7510,"date":"2017-10-18T09:52:20","date_gmt":"2017-10-18T07:52:20","guid":{"rendered":"https:\/\/marekkuchcinski.pl\/?p=7510"},"modified":"2017-10-18T13:45:04","modified_gmt":"2017-10-18T11:45:04","slug":"marszalek-sejmu-tej-czesci-swiata-bez-turcji-mozliwosci-zapewnienia-bezpieczenstwa-obywatelom","status":"publish","type":"post","link":"https:\/\/marekkuchcinski.pl\/sk\/wydarzenia\/marszalek-sejmu-tej-czesci-swiata-bez-turcji-mozliwosci-zapewnienia-bezpieczenstwa-obywatelom\/","title":{"rendered":"Predseda Sejmu: V tejto \u010dasti sveta nie je mo\u017en\u00e9 bez Turecka zaisti\u0165 bezpe\u010dnos\u0165 ob\u010danov"},"content":{"rendered":"<p><strong>Hlavn\u00fdmi t\u00e9mami rozhovorov predsedu Sejmu s tureck\u00fdm prezidentom boli region\u00e1lna spolupr\u00e1ca na oboch stran\u00e1ch Schengenu, hospod\u00e1rska spolupr\u00e1ca, spolupr\u00e1ca v oblasti priemyslu, NATO, cestovn\u00e9ho ruchu a infra\u0161trukt\u00fary.<\/strong><\/p>\n<p>Pred rokom prijal predsedu parlamentu Mareka Kuchcinsk\u00e9ho v Ankare Recep Erdogan, tak\u017ee by sa dalo poveda\u0165, \u017ee i\u0161lo o prezidentsk\u00fa n\u00e1v\u0161tevu.<\/p>\n<p>Kuchci\u0144ski zd\u00f4raznil, \u017ee mimoriadne d\u00f4le\u017eit\u00e1 je spolupr\u00e1ca kraj\u00edn medzi Baltsk\u00fdm, Kaspick\u00fdm, \u010ciernym a Stredozemn\u00fdm morom alebo rozvoj severoju\u017enej dopravnej trasy vr\u00e1tane Via Carpatia. Prezident zd\u00f4raznil, \u017ee v roku 2017 nav\u0161t\u00edvilo Turecko viac ako 200 000 Poliakov. Rozvoj komunik\u00e1cie v regi\u00f3ne je preto mimoriadne d\u00f4le\u017eit\u00fd.<\/p>\n<p>Politici sa tie\u017e zhodli na tom, \u017ee by sa mali vymie\u0148a\u0165 sk\u00fasenosti t\u00fdkaj\u00face sa n\u00e1rodnostn\u00fdch men\u0161\u00edn \u017eij\u00facich v krajin\u00e1ch E\u00da, \u013eud\u00ed r\u00f4znych kult\u00far a n\u00e1bo\u017eenstiev.<\/p>\n<p>Predseda Sejmu ubezpe\u010dil, \u017ee podporuje snahy Turecka o vstup do E\u00da. - Uvedomujeme si, \u017ee v tejto \u010dasti sveta bez Turecka nie je mo\u017en\u00e9 zaisti\u0165 bezpe\u010dnos\u0165 ob\u010danov, povedal. Pod\u013ea predsedu parlamentu je potrebn\u00e1 aj dobr\u00e1 parlamentn\u00e1 spolupr\u00e1ca.<\/p>\n<p>Recep Tayyip Erdogan za\u010dal svoju n\u00e1v\u0161tevu Po\u013eska stretnut\u00edm s prezidentom Andrzejom Dudom. Bolo podp\u00edsan\u00fdch p\u00e4\u0165 d\u00f4le\u017eit\u00fdch medzivl\u00e1dnych doh\u00f4d. Ako zd\u00f4raznil predseda Sejmu, tak\u00e1to po\u010detn\u00e1 deleg\u00e1cia v jeho kabinete e\u0161te nebola. Erdogana sprev\u00e1dzali okrem in\u00fdch ministri zahrani\u010dn\u00fdch vec\u00ed, obrany a hospod\u00e1rstva.<\/p>\n<p><em>foto, text. M. Olejnik<\/em><\/p>\n<p><a href=\"https:\/\/marekkuchcinski.pl\/wp-content\/uploads\/2017\/10\/Er1.jpg\"><img fetchpriority=\"high\" decoding=\"async\" class=\"alignnone size-full wp-image-7511\" src=\"https:\/\/marekkuchcinski.pl\/wp-content\/uploads\/2017\/10\/Er1.jpg\" alt=\"Er1\" width=\"4896\" height=\"2760\" srcset=\"https:\/\/marekkuchcinski.pl\/wp-content\/uploads\/2017\/10\/Er1.jpg 2048w, https:\/\/marekkuchcinski.pl\/wp-content\/uploads\/2017\/10\/Er1-300x169.jpg 300w, https:\/\/marekkuchcinski.pl\/wp-content\/uploads\/2017\/10\/Er1-768x433.jpg 768w, https:\/\/marekkuchcinski.pl\/wp-content\/uploads\/2017\/10\/Er1-1024x577.jpg 1024w\" sizes=\"(max-width: 4896px) 100vw, 4896px\" \/><\/a> <a href=\"https:\/\/marekkuchcinski.pl\/wp-content\/uploads\/2017\/10\/Er3.jpg\"><img decoding=\"async\" class=\"alignnone size-full wp-image-7512\" src=\"https:\/\/marekkuchcinski.pl\/wp-content\/uploads\/2017\/10\/Er3.jpg\" alt=\"Er3\" width=\"4896\" height=\"2760\" srcset=\"https:\/\/marekkuchcinski.pl\/wp-content\/uploads\/2017\/10\/Er3.jpg 2048w, https:\/\/marekkuchcinski.pl\/wp-content\/uploads\/2017\/10\/Er3-300x169.jpg 300w, https:\/\/marekkuchcinski.pl\/wp-content\/uploads\/2017\/10\/Er3-768x433.jpg 768w, https:\/\/marekkuchcinski.pl\/wp-content\/uploads\/2017\/10\/Er3-1024x577.jpg 1024w\" sizes=\"(max-width: 4896px) 100vw, 4896px\" \/><\/a> <a href=\"https:\/\/marekkuchcinski.pl\/wp-content\/uploads\/2017\/10\/Er4.jpg\"><img decoding=\"async\" class=\"alignnone size-full wp-image-7513\" src=\"https:\/\/marekkuchcinski.pl\/wp-content\/uploads\/2017\/10\/Er4.jpg\" alt=\"Er4\" width=\"4188\" height=\"2558\" srcset=\"https:\/\/marekkuchcinski.pl\/wp-content\/uploads\/2017\/10\/Er4.jpg 2048w, https:\/\/marekkuchcinski.pl\/wp-content\/uploads\/2017\/10\/Er4-300x183.jpg 300w, https:\/\/marekkuchcinski.pl\/wp-content\/uploads\/2017\/10\/Er4-768x469.jpg 768w, https:\/\/marekkuchcinski.pl\/wp-content\/uploads\/2017\/10\/Er4-1024x625.jpg 1024w\" sizes=\"(max-width: 4188px) 100vw, 4188px\" \/><\/a> <a href=\"https:\/\/marekkuchcinski.pl\/wp-content\/uploads\/2017\/10\/Er5.jpg\"><img loading=\"lazy\" decoding=\"async\" class=\"alignnone size-full wp-image-7514\" src=\"https:\/\/marekkuchcinski.pl\/wp-content\/uploads\/2017\/10\/Er5.jpg\" alt=\"Er5\" width=\"3786\" height=\"2291\" srcset=\"https:\/\/marekkuchcinski.pl\/wp-content\/uploads\/2017\/10\/Er5.jpg 2048w, https:\/\/marekkuchcinski.pl\/wp-content\/uploads\/2017\/10\/Er5-300x182.jpg 300w, https:\/\/marekkuchcinski.pl\/wp-content\/uploads\/2017\/10\/Er5-768x465.jpg 768w, https:\/\/marekkuchcinski.pl\/wp-content\/uploads\/2017\/10\/Er5-1024x620.jpg 1024w\" sizes=\"(max-width: 3786px) 100vw, 3786px\" \/><\/a><\/p>\n<p><iframe title=\"N\u00e1v\u0161teva tureck\u00e9ho prezidenta v Po\u013esku. Recep Tayyip Erdo\u011fan sa stretol s predsedom Sejmu\" width=\"800\" height=\"450\" src=\"https:\/\/www.youtube.com\/embed\/JGzQ-hXXdqw?feature=oembed\" frameborder=\"0\" allow=\"accelerometer; autoplay; clipboard-write; encrypted-media; gyroscope; picture-in-picture\" allowfullscreen><\/iframe><\/p>","protected":false},"excerpt":{"rendered":"<p>Wsp\u00f3\u0142praca regionalna po obu stronach Schengen, wsp\u00f3\u0142praca gospodarcza, przemys\u0142owa, w ramach NATO, turystyki i infrastruktury to g\u0142\u00f3wne tematy rozm\u00f3w marsza\u0142ka Sejmu z prezydentem Turcji. Rok temu marsza\u0142ek Marek Kuchci\u0144ski zosta\u0142 przyj\u0119ty przez Recipa Erdo\u011fana w Ankarze, mo\u017cna wi\u0119c powiedzie\u0107, \u017ce by\u0142a to rewizyta prezydenta. Kuchci\u0144ski podkre\u015bla\u0142, \u017ce szczeg\u00f3lnie wa\u017cna jest wsp\u00f3\u0142praca kraj\u00f3w mi\u0119dzy morzami: Ba\u0142tyckim, [&hellip;]<\/p>\n","protected":false},"author":6,"featured_media":7511,"comment_status":"open","ping_status":"open","sticky":false,"template":"","format":"standard","meta":{"ngg_post_thumbnail":0,"footnotes":""},"categories":[81,50,3],"tags":[],"class_list":["post-7510","post","type-post","status-publish","format-standard","has-post-thumbnail","hentry","category-wiesci-z-sejmu","category-wspolpraca-miedzynarodowa","category-wydarzenia"],"_links":{"self":[{"href":"https:\/\/marekkuchcinski.pl\/sk\/wp-json\/wp\/v2\/posts\/7510","targetHints":{"allow":["GET"]}}],"collection":[{"href":"https:\/\/marekkuchcinski.pl\/sk\/wp-json\/wp\/v2\/posts"}],"about":[{"href":"https:\/\/marekkuchcinski.pl\/sk\/wp-json\/wp\/v2\/types\/post"}],"author":[{"embeddable":true,"href":"https:\/\/marekkuchcinski.pl\/sk\/wp-json\/wp\/v2\/users\/6"}],"replies":[{"embeddable":true,"href":"https:\/\/marekkuchcinski.pl\/sk\/wp-json\/wp\/v2\/comments?post=7510"}],"version-history":[{"count":2,"href":"https:\/\/marekkuchcinski.pl\/sk\/wp-json\/wp\/v2\/posts\/7510\/revisions"}],"predecessor-version":[{"id":7517,"href":"https:\/\/marekkuchcinski.pl\/sk\/wp-json\/wp\/v2\/posts\/7510\/revisions\/7517"}],"wp:featuredmedia":[{"embeddable":true,"href":"https:\/\/marekkuchcinski.pl\/sk\/wp-json\/wp\/v2\/media\/7511"}],"wp:attachment":[{"href":"https:\/\/marekkuchcinski.pl\/sk\/wp-json\/wp\/v2\/media?parent=7510"}],"wp:term":[{"taxonomy":"category","embeddable":true,"href":"https:\/\/marekkuchcinski.pl\/sk\/wp-json\/wp\/v2\/categories?post=7510"},{"taxonomy":"post_tag","embeddable":true,"href":"https:\/\/marekkuchcinski.pl\/sk\/wp-json\/wp\/v2\/tags?post=7510"}],"curies":[{"name":"wp","href":"https:\/\/api.w.org\/{rel}","templated":true}]}}