{"id":7484,"date":"2017-10-14T11:03:09","date_gmt":"2017-10-14T09:03:09","guid":{"rendered":"https:\/\/marekkuchcinski.pl\/?p=7484"},"modified":"2017-10-14T11:03:09","modified_gmt":"2017-10-14T09:03:09","slug":"zyczenia-okazji-edukacji-narodowej","status":"publish","type":"post","link":"https:\/\/marekkuchcinski.pl\/sk\/wydarzenia\/zyczenia-okazji-edukacji-narodowej\/","title":{"rendered":"Pozdravy pri pr\u00edle\u017eitosti N\u00e1rodn\u00e9ho d\u0148a vzdel\u00e1vania"},"content":{"rendered":"<p style=\"text-align: center;\"><em>Pri pr\u00edle\u017eitosti N\u00e1rodn\u00e9ho d\u0148a vzdel\u00e1vania sa v\u0161etci u\u010ditelia a \u0161tudenti\u00a0<\/em><br \/>\n<em>a \u017eiakom prajem, aby va\u0161e vz\u0165ahy boli pln\u00e9 vz\u00e1jomn\u00e9ho re\u0161pektu a porozumenia, aby \u0161koly boli spojen\u00e9 s miestom pozit\u00edvnej energie, ktor\u00e1 v\u00e1m prin\u00e1\u0161a rados\u0165 a uspokojenie z v\u00e1\u0161ho poznania a rozvoja. Nech v\u00e1\u0161 rann\u00fd bud\u00edk symbolizuje za\u010diatok novej kapitoly knihy, ktor\u00e1 v\u00e1s vtiahne, zapam\u00e4t\u00e1te si ju, pobav\u00ed v\u00e1s, nau\u010d\u00ed v\u00e1s a prebud\u00ed vo v\u00e1s chu\u0165 po \u010fal\u0161om, po \u010fal\u0161ej ceste za poznan\u00edm. St\u00e1le p\u00ed\u0161eme knihu, prid\u00e1vame nov\u00e9 str\u00e1nky, roz\u0161irujeme svoje obzory - o tom je pokrok. A za toto objavenie \u010fal\u0161\u00edch kapitol \u00faprimne \u010fakujem t\u00fdm, ktor\u00ed u\u010dia a s\u00fa u\u010den\u00ed.<\/em><\/p>\n<p><em>Marek Kuchci\u0144ski<\/em><\/p>","protected":false},"excerpt":{"rendered":"<p>Z okazji Dnia Edukacji Narodowej wszystkim nauczycielkom i nauczycielom oraz uczniom\u00a0 i uczennicom \u017cycz\u0119, by Wasze relacje by\u0142y pe\u0142ne wzajemnego szacunku i zrozumienia, szko\u0142y kojarzy\u0142y si\u0119 z miejscem pozytywnej energii, daj\u0105cym rado\u015b\u0107\u00a0i satysfakcj\u0119 ze zdobywanej wiedzy i rozwoju. Niech poranny budzik b\u0119dzie symbolem pocz\u0105tku nowego rozdzia\u0142u ksi\u0105\u017cki, kt\u00f3ra wci\u0105ga, zapada w pami\u0119\u0107, bawi, uczy i [&hellip;]<\/p>\n","protected":false},"author":6,"featured_media":7485,"comment_status":"open","ping_status":"open","sticky":false,"template":"","format":"standard","meta":{"ngg_post_thumbnail":0,"footnotes":""},"categories":[3],"tags":[],"class_list":["post-7484","post","type-post","status-publish","format-standard","has-post-thumbnail","hentry","category-wydarzenia"],"_links":{"self":[{"href":"https:\/\/marekkuchcinski.pl\/sk\/wp-json\/wp\/v2\/posts\/7484","targetHints":{"allow":["GET"]}}],"collection":[{"href":"https:\/\/marekkuchcinski.pl\/sk\/wp-json\/wp\/v2\/posts"}],"about":[{"href":"https:\/\/marekkuchcinski.pl\/sk\/wp-json\/wp\/v2\/types\/post"}],"author":[{"embeddable":true,"href":"https:\/\/marekkuchcinski.pl\/sk\/wp-json\/wp\/v2\/users\/6"}],"replies":[{"embeddable":true,"href":"https:\/\/marekkuchcinski.pl\/sk\/wp-json\/wp\/v2\/comments?post=7484"}],"version-history":[{"count":1,"href":"https:\/\/marekkuchcinski.pl\/sk\/wp-json\/wp\/v2\/posts\/7484\/revisions"}],"predecessor-version":[{"id":7486,"href":"https:\/\/marekkuchcinski.pl\/sk\/wp-json\/wp\/v2\/posts\/7484\/revisions\/7486"}],"wp:featuredmedia":[{"embeddable":true,"href":"https:\/\/marekkuchcinski.pl\/sk\/wp-json\/wp\/v2\/media\/7485"}],"wp:attachment":[{"href":"https:\/\/marekkuchcinski.pl\/sk\/wp-json\/wp\/v2\/media?parent=7484"}],"wp:term":[{"taxonomy":"category","embeddable":true,"href":"https:\/\/marekkuchcinski.pl\/sk\/wp-json\/wp\/v2\/categories?post=7484"},{"taxonomy":"post_tag","embeddable":true,"href":"https:\/\/marekkuchcinski.pl\/sk\/wp-json\/wp\/v2\/tags?post=7484"}],"curies":[{"name":"wp","href":"https:\/\/api.w.org\/{rel}","templated":true}]}}