{"id":7329,"date":"2017-09-20T10:47:17","date_gmt":"2017-09-20T08:47:17","guid":{"rendered":"https:\/\/marekkuchcinski.pl\/?p=7329"},"modified":"2017-09-20T11:03:12","modified_gmt":"2017-09-20T09:03:12","slug":"60-latach-skazania-niepamiec-janos-esterhazy-doczekal-godnego-pochowku","status":"publish","type":"post","link":"https:\/\/marekkuchcinski.pl\/sk\/wydarzenia\/60-latach-skazania-niepamiec-janos-esterhazy-doczekal-godnego-pochowku\/","title":{"rendered":"J\u00e1nos Esterh\u00e1zy sa po rokoch ods\u00fadenia na zabudnutie do\u010dkal d\u00f4stojn\u00e9ho pohrebu"},"content":{"rendered":"<p><strong>Po 60 rokoch bol v kaplnke v jeho rodnej obci Doln\u00e9 Obdokovce ulo\u017een\u00fd popol J\u00e1nosa Esterh\u00e1zyho, mu\u017ea, ktor\u00fd pom\u00e1hal Poliakom po\u010das druhej svetovej vojny. Pohrebn\u00fdm obradom predsedal krakovsk\u00fd arcibiskup metropolita Marek J\u0119draszewski.<\/strong><\/p>\n<p>- Totalitn\u00e9 syst\u00e9my upierali pr\u00e1vo na hrob \u0161\u013eachetn\u00fdm a ve\u013ek\u00fdm \u013eu\u010fom, a to sa t\u00fdkalo aj J\u00e1nosa Esterh\u00e1zyho,\" povedal arcibiskup Marek J\u0119draszewski po\u010das sl\u00e1vnosti v Kaplnke Pov\u00fd\u0161enia sv\u00e4t\u00e9ho kr\u00ed\u017ea. - Popol hrdinu Ma\u010farska, Po\u013eska a Slovenska sa kone\u010dne ocitne v jeho hrobe ako v\u00fdraz na\u0161ej spomienky na neho, ale aj ako miesto, ktor\u00e9 sa pre n\u00e1s v\u0161etk\u00fdch st\u00e1va ve\u013ek\u00fdm z\u00e1v\u00e4zkom k solidarite, k spomienke, k viere, k odpusteniu a k zmiereniu.<\/p>\n<div id=\"main\">\n<div class=\"lColA\">\n<div class=\"article\">\n<p>- J\u00e1nos Esterh\u00e1zy sa c\u00edtil by\u0165 demokratom, kres\u0165anom a \u010dlovekom z tejto \u010dasti strednej a v\u00fdchodnej Eur\u00f3py. V t\u00fdch \u010dasoch sta\u010dil ktor\u00fdko\u013evek z t\u00fdchto d\u00f4vodov na uv\u00e4znenie alebo dokonca zbavenie \u017eivota, zd\u00f4raznil arcibiskup.<\/p>\n<p>Krakovsk\u00fd metropolita pripomenul osobnos\u0165 politika, ktor\u00fd bol symbolom spolo\u010dnej po\u013esko-ma\u010farskej hist\u00f3rie a trad\u00edcie. J\u00e1nos Esterh\u00e1zy vyu\u017eil svoje konexie a rodinn\u00e9 v\u00e4zby - bol synom uhorsk\u00e9ho \u0161\u013eachtica a Al\u017ebety, dc\u00e9ry gr\u00f3fa Stanislava Tarnowsk\u00e9ho - a pomohol Poliakom, ktor\u00ed sa predierali cez Slovensko, dosta\u0165 sa na z\u00e1pad cez Ma\u010farsko a Rumunsko, kde sa formovala po\u013esk\u00e1 arm\u00e1da.<\/p>\n<p>Ako jedin\u00fd poslanec parlamentu prvej Slovenskej republiky sa v roku 1942 postavil proti deport\u00e1ci\u00e1m slovensk\u00fdch \u017didov do vyhladzovac\u00edch t\u00e1borov. Po skon\u010den\u00ed vojny, v roku 1945, ho komunistick\u00e9 slu\u017eby na Slovensku uv\u00e4znili a odovzdali NKVD. Trest smrti mu bol zmenen\u00fd na pr\u00e1cu v gulagoch, kde sa stretol s Poliakmi, vojakmi vilniuskej oblastnej domobrany. - V\u0161ade, kde bol, posil\u0148oval \u013eud\u00ed vo viere, kres\u0165anskej n\u00e1deji a \u010derpal ich duchovn\u00fa silu z Kristovho kr\u00ed\u017ea,\" povedal hierarcha. - Posledn\u00e9 roky svojho \u017eivota str\u00e1vil v \u0165a\u017ekom v\u00e4zen\u00ed ne\u010faleko Ostravy a zomrel tam v povesti sv\u00e4tosti. Bol ne\u00fanavn\u00fdm nasledovn\u00edkom Kristovho kr\u00ed\u017ea. Zomrel v roku 1957, ale jeho pamiatka bola zak\u00e1zan\u00e1 pre Ma\u010farov, Slov\u00e1kov, \u010cechov aj Poliakov.<\/p>\n<p>- A\u017e teraz sa t\u00e1to spomienka o\u017eivuje a na dne\u0161nej sl\u00e1vnosti sa zi\u0161li biskupi Ma\u010farska, Slovenska a Po\u013eska a nech\u00fdbal ani vysok\u00fd predstavite\u013e \u010ceskej biskupskej konferencie. V osobe Esterh\u00e1zyho m\u00e1me \u010dloveka, ktor\u00fd n\u00e1s sp\u00e1ja, ktor\u00fd sp\u00e1ja n\u00e1rody tejto \u010dasti Eur\u00f3py vo vyzn\u00e1van\u00ed tej istej viery, v \u010derpan\u00ed sily z Kristovho kr\u00ed\u017ea, ktor\u00fd u\u010d\u00ed jednote nad rozdeleniami, ktor\u00fd ukazuje, \u017ee prav\u00fdm domovom pre v\u0161etk\u00fdch je Kristova Cirkev,\" zd\u00f4raznil arcibiskup Marek J\u0119draszewski a podotkol \u017ee viera v Kristovo evanjelium je jedin\u00fdm z\u00e1kladom, ktor\u00fd m\u00f4\u017ee zjednoti\u0165 Eur\u00f3pu a zachr\u00e1ni\u0165 ju v dobe, v ktorej sa za ka\u017ed\u00fa cenu mus\u00ed zabudn\u00fa\u0165 na evanjelium, kr\u00ed\u017e a t\u00fdch, ktor\u00ed polo\u017eili z\u00e1klady kres\u0165anskej Eur\u00f3py a jej jednoty.<\/p>\n<p>\"Po\u010das cel\u00e9ho svojho \u017eivota zostal vern\u00fd z\u00e1sad\u00e1m kres\u0165anskej Eur\u00f3py a neochvejne, napriek \u00fapln\u00e9mu nebezpe\u010denstvu, sa zast\u00e1val prenasledovan\u00fdch. Dnes sa st\u00e1va symbolom odvahy a rozv\u00e1\u017enosti. (...) Tak ako ho potrebovali jeho s\u00fa\u010dasn\u00edci, aby pomenovali veci prav\u00fdm menom a varovali pred \u0161ialen\u00fdmi, nepr\u00ed\u010detn\u00fdmi ideol\u00f3giami, tak ho potrebujeme aj my dnes, aby sme nestratili svoju identitu a mohli sa odvol\u00e1va\u0165 na jeho jedine\u010dn\u00e9 posolstvo,\" nap\u00edsal o J\u00e1nosovi Esterh\u00e1zym v liste adresovanom \u00fa\u010dastn\u00edkom sl\u00e1vnosti predseda IPN Jaros\u0142aw Szarek.<\/p>\n<p>Za pomoc po\u013esk\u00fdm ute\u010dencom po\u010das druhej svetovej vojny udelil J\u00e1nosovi Esterh\u00e1zymu prezident Lech Kaczy\u0144ski v roku 2009 posmrtne Komand\u00e9rsky kr\u00ed\u017e R\u00e1du Polonia Restituta.<\/p>\n<p><em>zdroj: Krakovsk\u00e1 arcidiec\u00e9za<\/em><\/p>\n<p><a href=\"https:\/\/marekkuchcinski.pl\/wp-content\/uploads\/2017\/09\/Esterhazy.jpg\"><img fetchpriority=\"high\" decoding=\"async\" class=\"alignnone wp-image-7330\" src=\"https:\/\/marekkuchcinski.pl\/wp-content\/uploads\/2017\/09\/Esterhazy.jpg\" alt=\"Esterhazy\" width=\"971\" height=\"1456\" srcset=\"https:\/\/marekkuchcinski.pl\/wp-content\/uploads\/2017\/09\/Esterhazy.jpg 683w, https:\/\/marekkuchcinski.pl\/wp-content\/uploads\/2017\/09\/Esterhazy-200x300.jpg 200w\" sizes=\"(max-width: 971px) 100vw, 971px\" \/><\/a><\/p>\n<\/div>\n<\/div>\n<\/div>","protected":false},"excerpt":{"rendered":"<p>Odnalezione po 60 latach prochy J\u00e1nosa Esterh\u00e1zego, cz\u0142owieka, kt\u00f3ry\u00a0 w czasie II wojny pomaga\u0142 Polakom, spocz\u0119\u0142y w kaplicy w jego rodzinnej miejscowo\u015bci w Dolnych Obdokovcach. Obrz\u0119dom pogrzebowym przewodniczy\u0142 metropolita krakowski abp Marek J\u0119draszewski. &#8211; Systemy totalitarne odmawia\u0142y prawa do grobu ludziom szlachetnym i wspania\u0142ym, odnosi\u0142o si\u0119 to tak\u017ce do J\u00e1nosa Esterh\u00e1zego &#8211; m\u00f3wi\u0142 podczas uroczysto\u015bci [&hellip;]<\/p>\n","protected":false},"author":6,"featured_media":7330,"comment_status":"open","ping_status":"open","sticky":false,"template":"","format":"standard","meta":{"ngg_post_thumbnail":0,"footnotes":""},"categories":[50,3],"tags":[],"class_list":["post-7329","post","type-post","status-publish","format-standard","has-post-thumbnail","hentry","category-wspolpraca-miedzynarodowa","category-wydarzenia"],"_links":{"self":[{"href":"https:\/\/marekkuchcinski.pl\/sk\/wp-json\/wp\/v2\/posts\/7329","targetHints":{"allow":["GET"]}}],"collection":[{"href":"https:\/\/marekkuchcinski.pl\/sk\/wp-json\/wp\/v2\/posts"}],"about":[{"href":"https:\/\/marekkuchcinski.pl\/sk\/wp-json\/wp\/v2\/types\/post"}],"author":[{"embeddable":true,"href":"https:\/\/marekkuchcinski.pl\/sk\/wp-json\/wp\/v2\/users\/6"}],"replies":[{"embeddable":true,"href":"https:\/\/marekkuchcinski.pl\/sk\/wp-json\/wp\/v2\/comments?post=7329"}],"version-history":[{"count":6,"href":"https:\/\/marekkuchcinski.pl\/sk\/wp-json\/wp\/v2\/posts\/7329\/revisions"}],"predecessor-version":[{"id":7336,"href":"https:\/\/marekkuchcinski.pl\/sk\/wp-json\/wp\/v2\/posts\/7329\/revisions\/7336"}],"wp:featuredmedia":[{"embeddable":true,"href":"https:\/\/marekkuchcinski.pl\/sk\/wp-json\/wp\/v2\/media\/7330"}],"wp:attachment":[{"href":"https:\/\/marekkuchcinski.pl\/sk\/wp-json\/wp\/v2\/media?parent=7329"}],"wp:term":[{"taxonomy":"category","embeddable":true,"href":"https:\/\/marekkuchcinski.pl\/sk\/wp-json\/wp\/v2\/categories?post=7329"},{"taxonomy":"post_tag","embeddable":true,"href":"https:\/\/marekkuchcinski.pl\/sk\/wp-json\/wp\/v2\/tags?post=7329"}],"curies":[{"name":"wp","href":"https:\/\/api.w.org\/{rel}","templated":true}]}}