{"id":7310,"date":"2017-09-19T10:43:12","date_gmt":"2017-09-19T08:43:12","guid":{"rendered":"https:\/\/marekkuchcinski.pl\/?p=7310"},"modified":"2017-09-19T21:13:25","modified_gmt":"2017-09-19T19:13:25","slug":"spotkanie-marszalka-sejmu-przedstawicielami-zhp-komendy-hufca-ziemi-przemyskiej-im-orlat-przemyskich","status":"publish","type":"post","link":"https:\/\/marekkuchcinski.pl\/sk\/wydarzenia\/spotkanie-marszalka-sejmu-przedstawicielami-zhp-komendy-hufca-ziemi-przemyskiej-im-orlat-przemyskich\/","title":{"rendered":"Stretnutie predsedu Sejmu s predstavite\u013emi Zv\u00e4zu po\u013esk\u00fdch skautov a sprievodcov (ZHP)"},"content":{"rendered":"<p>Po\u010das stretnutia v poslaneckej kancel\u00e1rii v Przemy\u015bli Marek Kuchci\u0144ski deklaroval svoju \u00fa\u010das\u0165 na aktivit\u00e1ch podporuj\u00facich Przemy\u0161\u013eansk\u00e9 h\u00fafnicov\u00e9 velite\u013estvo. Mar\u0161al pripomenul, \u017ee v nasleduj\u00facich rokoch (2018\/2019) bude po\u013esk\u00fd parlament mimoriadne sl\u00e1vnostne oslavova\u0165 st\u00e9 v\u00fdro\u010die znovuz\u00edskania nez\u00e1vislosti Po\u013eska a 550. v\u00fdro\u010die po\u013esk\u00e9ho parlamentarizmu.<\/p>\n<p>Przemy\u0161lsk\u00fd skauting osl\u00e1vil v rokoch 2010\/2011 svoju storo\u010dnicu (10. novembra 1911 zalo\u017eil Andrzej Ma\u0142kowski v budove \"Sokola\" na Konarsk\u00e9ho ulici v Przemy\u015bli prv\u00fa dru\u017einu przemysk\u00e9ho skautingu a odvtedy m\u00e1 ka\u017ed\u00fd 10. november Hufec svoje vlastn\u00e9 oslavy), zatia\u013e \u010do v novembri 2018 si pripom\u00edname st\u00e9 v\u00fdro\u010die bojov o Przemy\u015bl a Nizankowice, ktor\u00fdch sa z\u00fa\u010dastnili przemysk\u00ed skauti.<\/p>\n<p>Zhroma\u017eden\u00ed diskutovali o probl\u00e9moch, ktor\u00fdm centrum \u010del\u00ed, a o mo\u017en\u00fdch rie\u0161eniach. Mar\u0161\u00e1l podal preh\u013ead o \u010dinnosti Vy\u0161ehradskej skupiny, pri\u010dom zd\u00f4raznil \u00falohu spolupr\u00e1ce medzi v\u00fdkonn\u00fdmi a predov\u0161etk\u00fdm z\u00e1konodarn\u00fdmi org\u00e1nmi kraj\u00edn Vy\u0161ehradskej skupiny. Pod\u013ea hovorcu stretnutia z\u00e1stupcov V4 organizovan\u00e9 v Przemy\u015bli prispievaj\u00fa k propag\u00e1cii mesta. Navrhol zorganizova\u0165 v meste zraz skautov a skautiek Vy\u0161ehradskej skupiny pri pr\u00edle\u017eitosti 100. v\u00fdro\u010dia znovuz\u00edskania nez\u00e1vislosti a z\u00e1rove\u0148 navrhol, aby nad touto iniciat\u00edvou prevzal z\u00e1\u0161titu (mohlo by \u00eds\u0165 aj o z\u00e1\u0161titu predsedov \u0161tyroch parlamentov Vy\u0161ehradskej skupiny). O\u010dak\u00e1val by zapojenie skautsk\u00e9ho \u00fastredia v Przemy\u015bli, mestsk\u00fdch a vojvodsk\u00fdch org\u00e1nov.<\/p>\n<p>Ruszelczyce (po rekon\u0161trukcii) by sa mohli sta\u0165 aj s\u00fa\u010das\u0165ou pravideln\u00fdch stretnut\u00ed vy\u0161ehradsk\u00fdch skautov a skautsk\u00fdch vodcov, podobne ako stretnutia f\u00f3ra \"Karpatsk\u00e1 Eur\u00f3pa\", ktor\u00e9 sa st\u00e1vaj\u00fa \u010doraz zn\u00e1mej\u0161\u00edm podujat\u00edm. V Ruszelczyciach sa mohli kona\u0165 skautsk\u00e9 ohne, ktor\u00e9 cel\u00fa akciu ukon\u010dili.<\/p>\n<p>Z\u00e1stupcovia velite\u013estva Hufca navrhli zauj\u00edmav\u00fa formu stretnutia - Hviezdny m\u00edting na przemyskom n\u00e1mest\u00ed. Skauti a skautky pozvan\u00ed na t\u00fato akciu mohli t\u00e1bori\u0165 v are\u00e1li Przemy\u0161\u013eansk\u00fdch pevnost\u00ed a odtia\u013e zost\u00fapi\u0165 do Przemy\u015bla. T\u00fato iniciat\u00edvu by mohla podpori\u0165 arm\u00e1da (bezplatn\u00fdm poskytnut\u00edm nepou\u017e\u00edvan\u00fdch stanov) a miestna samospr\u00e1va. Predbe\u017en\u00fd term\u00edn zhroma\u017edenia - posledn\u00fd t\u00fd\u017ede\u0148 v auguste 2018.<\/p>\n<p><a href=\"https:\/\/marekkuchcinski.pl\/wp-content\/uploads\/2017\/09\/DKA-HxhXUAAoZyB.jpg\"><img fetchpriority=\"high\" decoding=\"async\" class=\"alignnone size-full wp-image-7311\" src=\"https:\/\/marekkuchcinski.pl\/wp-content\/uploads\/2017\/09\/DKA-HxhXUAAoZyB.jpg\" alt=\"DKA-HxhXUAAoZyB\" width=\"1200\" height=\"675\" srcset=\"https:\/\/marekkuchcinski.pl\/wp-content\/uploads\/2017\/09\/DKA-HxhXUAAoZyB.jpg 1200w, https:\/\/marekkuchcinski.pl\/wp-content\/uploads\/2017\/09\/DKA-HxhXUAAoZyB-300x169.jpg 300w, https:\/\/marekkuchcinski.pl\/wp-content\/uploads\/2017\/09\/DKA-HxhXUAAoZyB-768x432.jpg 768w, https:\/\/marekkuchcinski.pl\/wp-content\/uploads\/2017\/09\/DKA-HxhXUAAoZyB-1024x576.jpg 1024w\" sizes=\"(max-width: 1200px) 100vw, 1200px\" \/><\/a><\/p>\n<p>&nbsp;<\/p>","protected":false},"excerpt":{"rendered":"<p>Podczas spotkania w przemyskim biurze poselskim Marek Kuchci\u0144ski zadeklarowa\u0142 w\u0142\u0105czenie si\u0119 w dzia\u0142ania wspieraj\u0105ce przemysk\u0105 Komend\u0119 Hufca. Marsza\u0142ek przypomnia\u0142, \u017ce w kolejnych latach (2018\/2019) polski Parlament b\u0119dzie szczeg\u00f3lnie uroczy\u015bcie \u015bwi\u0119towa\u0142 stulecie odzyskania przez Polsk\u0119 niepodleg\u0142o\u015bci oraz 550-lecie parlamentaryzmu polskiego. Przemyskie harcerstwo swoje stulecie obchodzi\u0142o w latach 2010\/2011 \u00a0(10 listopada 1911 roku Andrzej Ma\u0142kowski w budynku [&hellip;]<\/p>\n","protected":false},"author":6,"featured_media":7311,"comment_status":"open","ping_status":"open","sticky":false,"template":"","format":"standard","meta":{"ngg_post_thumbnail":0,"footnotes":""},"categories":[49,3],"tags":[],"class_list":["post-7310","post","type-post","status-publish","format-standard","has-post-thumbnail","hentry","category-podkarpacie","category-wydarzenia"],"_links":{"self":[{"href":"https:\/\/marekkuchcinski.pl\/sk\/wp-json\/wp\/v2\/posts\/7310","targetHints":{"allow":["GET"]}}],"collection":[{"href":"https:\/\/marekkuchcinski.pl\/sk\/wp-json\/wp\/v2\/posts"}],"about":[{"href":"https:\/\/marekkuchcinski.pl\/sk\/wp-json\/wp\/v2\/types\/post"}],"author":[{"embeddable":true,"href":"https:\/\/marekkuchcinski.pl\/sk\/wp-json\/wp\/v2\/users\/6"}],"replies":[{"embeddable":true,"href":"https:\/\/marekkuchcinski.pl\/sk\/wp-json\/wp\/v2\/comments?post=7310"}],"version-history":[{"count":6,"href":"https:\/\/marekkuchcinski.pl\/sk\/wp-json\/wp\/v2\/posts\/7310\/revisions"}],"predecessor-version":[{"id":7326,"href":"https:\/\/marekkuchcinski.pl\/sk\/wp-json\/wp\/v2\/posts\/7310\/revisions\/7326"}],"wp:featuredmedia":[{"embeddable":true,"href":"https:\/\/marekkuchcinski.pl\/sk\/wp-json\/wp\/v2\/media\/7311"}],"wp:attachment":[{"href":"https:\/\/marekkuchcinski.pl\/sk\/wp-json\/wp\/v2\/media?parent=7310"}],"wp:term":[{"taxonomy":"category","embeddable":true,"href":"https:\/\/marekkuchcinski.pl\/sk\/wp-json\/wp\/v2\/categories?post=7310"},{"taxonomy":"post_tag","embeddable":true,"href":"https:\/\/marekkuchcinski.pl\/sk\/wp-json\/wp\/v2\/tags?post=7310"}],"curies":[{"name":"wp","href":"https:\/\/api.w.org\/{rel}","templated":true}]}}