{"id":7258,"date":"2017-09-16T16:25:33","date_gmt":"2017-09-16T14:25:33","guid":{"rendered":"https:\/\/marekkuchcinski.pl\/?p=7258"},"modified":"2017-09-19T13:58:31","modified_gmt":"2017-09-19T11:58:31","slug":"105-rocznica-stacji-ratunkowej-przemyslu","status":"publish","type":"post","link":"https:\/\/marekkuchcinski.pl\/sk\/wydarzenia\/105-rocznica-stacji-ratunkowej-przemyslu\/","title":{"rendered":"105. v\u00fdro\u010die z\u00e1chrannej stanice Przemy\u015bl"},"content":{"rendered":"<p>Pred 105 rokmi, v m\u00e1ji 1912, bola v Przemy\u015bli zriaden\u00e1 z\u00e1chrann\u00e1 slu\u017eba, jedna z prv\u00fdch stan\u00edc tohto typu v Po\u013esku. Dnes je to najstar\u0161ia zdravotn\u00edcka z\u00e1chrann\u00e1 slu\u017eba v Podkarpatskom vojvodstve, ktor\u00e1 je dnes s\u00fa\u010das\u0165ou Provin\u010dnej nemocnice sv\u00e4t\u00e9ho otca Pia v Przemy\u015bli.<\/p>\n<p>Vznik stanice ovplyvnili viacer\u00e9 tragick\u00e9 udalosti, ako napr\u00edklad vlakov\u00e9 ne\u0161\u0165astie v Medike. Nehody tak\u00fdchto rozmerov a jednoduch\u00e9 uvedomenie si potreby poskytn\u00fa\u0165 ob\u010danom lek\u00e1rsku pomoc viedli mestsk\u00fa radu v Przemy\u015bli k tomu, \u017ee 8. febru\u00e1ra 1912 vydala uznesenie o potrebe zriadenia z\u00e1chrannej stanice.<\/p>\n<p>Na oslav\u00e1ch 105. v\u00fdro\u010dia zalo\u017eenia Z\u00e1chrannej slu\u017eby v Przemy\u015bli sa okrem in\u00fdch z\u00fa\u010dastnili predseda Sejmu Marek Kuchci\u0144ski a prim\u00e1tor mesta Robert Choma.<\/p>\n<p>- Tento v\u00fdznamn\u00fd sviatok n\u00e1m predov\u0161etk\u00fdm pripom\u00edna, \u017ee in\u0161tit\u00facie vytvorili \u013eudia - povedal Kuchci\u0144ski. - Je to in\u0161tit\u00facia, ktor\u00e1 je p\u00fdchou v oblasti slu\u017eieb a zdravotnej starostlivosti, je s\u00fa\u010das\u0165ou vynikaj\u00facej hist\u00f3rie Przemy\u015bla. Preto je d\u00f4le\u017eit\u00e9 pam\u00e4ta\u0165 na tvorcov z\u00e1chrannej slu\u017eby a cti\u0165 si ich.<\/p>\n<p>- Pre po\u013esk\u00fd \u0161t\u00e1t je poskytovanie pomoci \u013eu\u010fom v n\u00fadzi jednou z najd\u00f4le\u017eitej\u0161\u00edch \u00faloh, hodnotou. Hodnotou je aj podpora rod\u00edn, posilnenie zdravotnej starostlivosti a zdravotn\u00edckych slu\u017eieb, ktor\u00e9 vl\u00e1da v s\u00fa\u010dasnosti realizuje a ktor\u00e9 s\u00fa dnes jedn\u00fdm z najv\u00e4\u010d\u0161\u00edch o\u010dak\u00e1van\u00ed ob\u010danov Po\u013eskej republiky - povedal predseda parlamentu.<\/p>\n<p>Marek Kuchci\u0144ski upozornil aj na historick\u00e9 anal\u00f3gie: bud\u00faci rok osl\u00e1vime 100. v\u00fdro\u010die znovuz\u00edskania nez\u00e1vislosti, v roku 2019 osl\u00e1vime 100. v\u00fdro\u010die vzniku z\u00e1konodarn\u00e9ho Sejmu, ktor\u00fd o nieko\u013eko mesiacov prijal \u00fastavu. Bud\u00faci rok si tie\u017e pripomenieme 550. v\u00fdro\u010die zalo\u017eenia prv\u00e9ho dvojkomorov\u00e9ho Sejmu v korunn\u00fdch krajin\u00e1ch...<\/p>\n<div style=\"width: 640px;\" class=\"wp-video\"><video class=\"wp-video-shortcode\" id=\"video-7258-1\" width=\"640\" height=\"480\" preload=\"metadata\" controls=\"controls\"><source type=\"video\/mp4\" src=\"https:\/\/marekkuchcinski.pl\/wp-content\/uploads\/2017\/09\/Przemo\u0301wienie-na-105.mp4?_=1\" \/><a href=\"https:\/\/marekkuchcinski.pl\/wp-content\/uploads\/2017\/09\/Przemo\u0301wienie-na-105.mp4\">https:\/\/marekkuchcinski.pl\/wp-content\/uploads\/2017\/09\/Przemo\u0301wienie-na-105.mp4<\/a><\/video><\/div>\n<p><em>Prejav predsedu Sejmu<\/em><\/p>\n<div style=\"width: 640px;\" class=\"wp-video\"><video class=\"wp-video-shortcode\" id=\"video-7258-2\" width=\"640\" height=\"480\" preload=\"metadata\" controls=\"controls\"><source type=\"video\/mp4\" src=\"https:\/\/marekkuchcinski.pl\/wp-content\/uploads\/2017\/09\/ods\u0142oniecie-tablicy.mp4?_=2\" \/><a href=\"https:\/\/marekkuchcinski.pl\/wp-content\/uploads\/2017\/09\/ods\u0142oniecie-tablicy.mp4\">https:\/\/marekkuchcinski.pl\/wp-content\/uploads\/2017\/09\/ods\u0142oniecie-tablicy.mp4<\/a><\/video><\/div>\n<p><em>Foto: Piotr Wo\u0142czyk<\/em><a href=\"https:\/\/marekkuchcinski.pl\/wp-content\/uploads\/2017\/09\/21272786_1328236827301977_164595664027421926_o.jpg\"><img fetchpriority=\"high\" decoding=\"async\" class=\"alignnone size-full wp-image-7289\" src=\"https:\/\/marekkuchcinski.pl\/wp-content\/uploads\/2017\/09\/21272786_1328236827301977_164595664027421926_o.jpg\" alt=\"21272786_1328236827301977_164595664027421926_o\" width=\"2000\" height=\"1332\" srcset=\"https:\/\/marekkuchcinski.pl\/wp-content\/uploads\/2017\/09\/21272786_1328236827301977_164595664027421926_o.jpg 2000w, https:\/\/marekkuchcinski.pl\/wp-content\/uploads\/2017\/09\/21272786_1328236827301977_164595664027421926_o-300x200.jpg 300w, https:\/\/marekkuchcinski.pl\/wp-content\/uploads\/2017\/09\/21272786_1328236827301977_164595664027421926_o-768x511.jpg 768w, https:\/\/marekkuchcinski.pl\/wp-content\/uploads\/2017\/09\/21272786_1328236827301977_164595664027421926_o-1024x682.jpg 1024w\" sizes=\"(max-width: 2000px) 100vw, 2000px\" \/><\/a><\/p>\n<p><em>Odhalenie pam\u00e4tnej tabule na historickej budove, ktor\u00e1 bola prv\u00fdm s\u00eddlom z\u00e1chrannej stanice<\/em><\/p>\n<div style=\"width: 640px;\" class=\"wp-video\"><video class=\"wp-video-shortcode\" id=\"video-7258-3\" width=\"640\" height=\"480\" preload=\"metadata\" controls=\"controls\"><source type=\"video\/mp4\" src=\"https:\/\/marekkuchcinski.pl\/wp-content\/uploads\/2017\/09\/20170916_120607_122949147521586.mp4?_=3\" \/><a href=\"https:\/\/marekkuchcinski.pl\/wp-content\/uploads\/2017\/09\/20170916_120607_122949147521586.mp4\">https:\/\/marekkuchcinski.pl\/wp-content\/uploads\/2017\/09\/20170916_120607_122949147521586.mp4<\/a><\/video><\/div>\n<p><em>Pochod v sprievode salezi\u00e1nskej kapely<\/em><a href=\"https:\/\/marekkuchcinski.pl\/wp-content\/uploads\/2017\/09\/IMG_2281.jpg\"><img decoding=\"async\" class=\"alignnone size-full wp-image-7284\" src=\"https:\/\/marekkuchcinski.pl\/wp-content\/uploads\/2017\/09\/IMG_2281.jpg\" alt=\"IMG_2281\" width=\"5472\" height=\"3648\" srcset=\"https:\/\/marekkuchcinski.pl\/wp-content\/uploads\/2017\/09\/IMG_2281.jpg 2048w, https:\/\/marekkuchcinski.pl\/wp-content\/uploads\/2017\/09\/IMG_2281-300x200.jpg 300w, https:\/\/marekkuchcinski.pl\/wp-content\/uploads\/2017\/09\/IMG_2281-768x512.jpg 768w, https:\/\/marekkuchcinski.pl\/wp-content\/uploads\/2017\/09\/IMG_2281-1024x683.jpg 1024w\" sizes=\"(max-width: 5472px) 100vw, 5472px\" \/><\/a><em>Foto: Aleksander Malicki<\/em><\/p>\n<div style=\"width: 640px;\" class=\"wp-video\"><video class=\"wp-video-shortcode\" id=\"video-7258-4\" width=\"640\" height=\"480\" preload=\"metadata\" controls=\"controls\"><source type=\"video\/mp4\" src=\"https:\/\/marekkuchcinski.pl\/wp-content\/uploads\/2017\/09\/20170916_130744_126419752677834.mp4?_=4\" \/><a href=\"https:\/\/marekkuchcinski.pl\/wp-content\/uploads\/2017\/09\/20170916_130744_126419752677834.mp4\">https:\/\/marekkuchcinski.pl\/wp-content\/uploads\/2017\/09\/20170916_130744_126419752677834.mp4<\/a><\/video><\/div>\n<p><em>Odovzdanie z\u00e1stavy<\/em><\/p>\n<p><a href=\"https:\/\/marekkuchcinski.pl\/wp-content\/uploads\/2017\/09\/21551741_1328237303968596_8893358226121755589_o.jpg\"><img decoding=\"async\" class=\"alignnone size-full wp-image-7290\" src=\"https:\/\/marekkuchcinski.pl\/wp-content\/uploads\/2017\/09\/21551741_1328237303968596_8893358226121755589_o.jpg\" alt=\"21551741_1328237303968596_8893358226121755589_o\" width=\"2048\" height=\"1698\" srcset=\"https:\/\/marekkuchcinski.pl\/wp-content\/uploads\/2017\/09\/21551741_1328237303968596_8893358226121755589_o.jpg 2048w, https:\/\/marekkuchcinski.pl\/wp-content\/uploads\/2017\/09\/21551741_1328237303968596_8893358226121755589_o-300x249.jpg 300w, https:\/\/marekkuchcinski.pl\/wp-content\/uploads\/2017\/09\/21551741_1328237303968596_8893358226121755589_o-768x637.jpg 768w, https:\/\/marekkuchcinski.pl\/wp-content\/uploads\/2017\/09\/21551741_1328237303968596_8893358226121755589_o-1024x849.jpg 1024w\" sizes=\"(max-width: 2048px) 100vw, 2048px\" \/><\/a><em>Foto: Piotr Wo\u0142czyk<\/em><a href=\"https:\/\/marekkuchcinski.pl\/wp-content\/uploads\/2017\/09\/IMG_2408.jpg\"><img loading=\"lazy\" decoding=\"async\" class=\"alignnone size-full wp-image-7285\" src=\"https:\/\/marekkuchcinski.pl\/wp-content\/uploads\/2017\/09\/IMG_2408.jpg\" alt=\"IMG_2408\" width=\"5472\" height=\"3648\" srcset=\"https:\/\/marekkuchcinski.pl\/wp-content\/uploads\/2017\/09\/IMG_2408.jpg 2048w, https:\/\/marekkuchcinski.pl\/wp-content\/uploads\/2017\/09\/IMG_2408-300x200.jpg 300w, https:\/\/marekkuchcinski.pl\/wp-content\/uploads\/2017\/09\/IMG_2408-768x512.jpg 768w, https:\/\/marekkuchcinski.pl\/wp-content\/uploads\/2017\/09\/IMG_2408-1024x683.jpg 1024w\" sizes=\"(max-width: 5472px) 100vw, 5472px\" \/><\/a><em>Foto: Aleksander Malicki<\/em><\/p>\n<p>Riadite\u013e N\u00e1rodn\u00e9ho m\u00fazea Przemy\u0161lsk\u00e9ho regi\u00f3nu Jan Jarosz pri otvoren\u00ed v\u00fdstavy o hist\u00f3rii przemyskej z\u00e1chrannej slu\u017eby zd\u00f4raznil, \u017ee przemysk\u00e1 z\u00e1chrann\u00e1 slu\u017eba bola jednou z prv\u00fdch in\u0161tit\u00faci\u00ed v Po\u013esku, ktor\u00e1 sa zaoberala z\u00e1chran\u00e1rstvom.<\/p>\n<p>Na v\u00fdstavn\u00fdch paneloch s\u00fa vystaven\u00e9 unik\u00e1tne dokumenty a fotografie, niektor\u00e9 z nich poch\u00e1dzaj\u00face z konca 19. storo\u010dia, ktor\u00e9 spr\u00edstupnilo M\u00fazeum z\u00e1chrany v Krakove a Vojvodsk\u00e9 centrum celo\u017eivotn\u00e9ho vzdel\u00e1vania dospel\u00fdch.<\/p>\n<p>Medzi expon\u00e1tmi stoj\u00ed za zmienku zbierka viac ako 80 modelov sanitiek (vr\u00e1tane historick\u00fdch) od Tomasza Maciocha z Bi\u0142goraja.<\/p>\n<p><a href=\"https:\/\/marekkuchcinski.pl\/wp-content\/uploads\/2017\/09\/21741314_1328236977301962_2688654586476265409_o-1.jpg\"><img loading=\"lazy\" decoding=\"async\" class=\"alignnone size-full wp-image-7295\" src=\"https:\/\/marekkuchcinski.pl\/wp-content\/uploads\/2017\/09\/21741314_1328236977301962_2688654586476265409_o-1.jpg\" alt=\"21741314_1328236977301962_2688654586476265409_o (1)\" width=\"2000\" height=\"1284\" srcset=\"https:\/\/marekkuchcinski.pl\/wp-content\/uploads\/2017\/09\/21741314_1328236977301962_2688654586476265409_o-1.jpg 2000w, https:\/\/marekkuchcinski.pl\/wp-content\/uploads\/2017\/09\/21741314_1328236977301962_2688654586476265409_o-1-300x193.jpg 300w, https:\/\/marekkuchcinski.pl\/wp-content\/uploads\/2017\/09\/21741314_1328236977301962_2688654586476265409_o-1-768x493.jpg 768w, https:\/\/marekkuchcinski.pl\/wp-content\/uploads\/2017\/09\/21741314_1328236977301962_2688654586476265409_o-1-1024x657.jpg 1024w\" sizes=\"(max-width: 2000px) 100vw, 2000px\" \/><\/a><em>Foto: Piotr Wo\u0142czyk<\/em><a href=\"https:\/\/marekkuchcinski.pl\/wp-content\/uploads\/2017\/09\/SR-w-Przemy\u015blu.jpg\"><img loading=\"lazy\" decoding=\"async\" class=\"alignnone size-full wp-image-7261\" src=\"https:\/\/marekkuchcinski.pl\/wp-content\/uploads\/2017\/09\/SR-w-Przemy\u015blu.jpg\" alt=\"SR w Przemy\u015blu\" width=\"675\" height=\"960\" srcset=\"https:\/\/marekkuchcinski.pl\/wp-content\/uploads\/2017\/09\/SR-w-Przemy\u015blu.jpg 675w, https:\/\/marekkuchcinski.pl\/wp-content\/uploads\/2017\/09\/SR-w-Przemy\u015blu-211x300.jpg 211w\" sizes=\"(max-width: 675px) 100vw, 675px\" \/><\/a><\/p>\n<p>grafika:\u00a0<a id=\"js_2br\" class=\"_hli\" href=\"https:\/\/www.facebook.com\/PogotowieRatunkowewPrzemyslu\/\" data-ft=\"{&quot;tn&quot;:&quot;k&quot;}\" data-hovercard=\"\/ajax\/hovercard\/page.php?id=578196082286264&amp;extragetparams=%7B%22directed_target_id%22%3Anull%2C%22groups_location%22%3Anull%7D\" data-hovercard-prefer-more-content-show=\"1\">Z\u00e1chrann\u00e1 slu\u017eba Przemy\u015bl<\/a><\/p>","protected":false},"excerpt":{"rendered":"<p>105 lat temu w maju 1912 roku w Przemy\u015blu powsta\u0142o Pogotowie Ratunkowe, jedna z pierwszych tego typu stacji w Polsce. Dzi\u015b jest to najstarsza s\u0142u\u017cba ratownictwa medycznego w wojew\u00f3dztwie podkarpackim, kt\u00f3ra obecnie jest cz\u0119\u015bci\u0105 Wojew\u00f3dzkiego Szpitala im. \u015bw. Ojca Pio w Przemy\u015blu. Na powstanie Stacji wp\u0142yn\u0105\u0142 szereg tragicznych wydarze\u0144, takich jak katastrofa kolejowa w Medyce. [&hellip;]<\/p>\n","protected":false},"author":6,"featured_media":7277,"comment_status":"open","ping_status":"open","sticky":false,"template":"","format":"standard","meta":{"ngg_post_thumbnail":0,"footnotes":""},"categories":[49,3],"tags":[],"class_list":["post-7258","post","type-post","status-publish","format-standard","has-post-thumbnail","hentry","category-podkarpacie","category-wydarzenia"],"_links":{"self":[{"href":"https:\/\/marekkuchcinski.pl\/sk\/wp-json\/wp\/v2\/posts\/7258","targetHints":{"allow":["GET"]}}],"collection":[{"href":"https:\/\/marekkuchcinski.pl\/sk\/wp-json\/wp\/v2\/posts"}],"about":[{"href":"https:\/\/marekkuchcinski.pl\/sk\/wp-json\/wp\/v2\/types\/post"}],"author":[{"embeddable":true,"href":"https:\/\/marekkuchcinski.pl\/sk\/wp-json\/wp\/v2\/users\/6"}],"replies":[{"embeddable":true,"href":"https:\/\/marekkuchcinski.pl\/sk\/wp-json\/wp\/v2\/comments?post=7258"}],"version-history":[{"count":20,"href":"https:\/\/marekkuchcinski.pl\/sk\/wp-json\/wp\/v2\/posts\/7258\/revisions"}],"predecessor-version":[{"id":7322,"href":"https:\/\/marekkuchcinski.pl\/sk\/wp-json\/wp\/v2\/posts\/7258\/revisions\/7322"}],"wp:featuredmedia":[{"embeddable":true,"href":"https:\/\/marekkuchcinski.pl\/sk\/wp-json\/wp\/v2\/media\/7277"}],"wp:attachment":[{"href":"https:\/\/marekkuchcinski.pl\/sk\/wp-json\/wp\/v2\/media?parent=7258"}],"wp:term":[{"taxonomy":"category","embeddable":true,"href":"https:\/\/marekkuchcinski.pl\/sk\/wp-json\/wp\/v2\/categories?post=7258"},{"taxonomy":"post_tag","embeddable":true,"href":"https:\/\/marekkuchcinski.pl\/sk\/wp-json\/wp\/v2\/tags?post=7258"}],"curies":[{"name":"wp","href":"https:\/\/api.w.org\/{rel}","templated":true}]}}