{"id":7235,"date":"2017-09-11T22:31:01","date_gmt":"2017-09-11T20:31:01","guid":{"rendered":"https:\/\/marekkuchcinski.pl\/?p=7235"},"modified":"2017-09-11T22:31:01","modified_gmt":"2017-09-11T20:31:01","slug":"inauguracja-komitetu-narodowych-obchodow-100-rocznicy-odzyskania-niepodleglosci-rp","status":"publish","type":"post","link":"https:\/\/marekkuchcinski.pl\/sk\/wydarzenia\/inauguracja-komitetu-narodowych-obchodow-100-rocznicy-odzyskania-niepodleglosci-rp\/","title":{"rendered":"Sl\u00e1vnostn\u00e9 otvorenie V\u00fdboru pre n\u00e1rodn\u00e9 oslavy 100. v\u00fdro\u010dia nez\u00e1vislosti Po\u013eska"},"content":{"rendered":"<p><strong>Prezident Po\u013eskej republiky Andrzej Duda vymenoval \u010dlenov N\u00e1rodn\u00e9ho v\u00fdboru pre oslavy 100. v\u00fdro\u010dia znovuz\u00edskania nez\u00e1vislosti Po\u013eskej republiky, ktor\u00e9ho \u010dlenmi s\u00fa okrem in\u00fdch prezident Andrzej Duda, predsedovia Sejmu Marek Kuchci\u0144ski a Sen\u00e1tu Stanis\u0142aw Karczewski a predsedn\u00ed\u010dka vl\u00e1dy Beata Szyd\u0142o. \u00a0<\/strong><\/p>\n<p>Pod\u013ea z\u00e1kona o oslav\u00e1ch 100. v\u00fdro\u010dia nez\u00e1vislosti Po\u013eska, ktor\u00e9 pripad\u00e1 na rok 2018, by sa na pr\u00edprave celo\u0161t\u00e1tnych osl\u00e1v 100. v\u00fdro\u010dia nez\u00e1vislosti mali podie\u013ea\u0165 aj politick\u00e9 strany a in\u00e9 skupiny.<\/p>\n<p>Vo v\u00fdbore bud\u00fa aj z\u00e1stupcovia cirkv\u00ed a in\u00fdch n\u00e1bo\u017eensk\u00fdch zdru\u017een\u00ed, kult\u00farnych a vedeck\u00fdch kruhov, miestnej samospr\u00e1vy, odborov\u00fdch zv\u00e4zov, veter\u00e1nskych organiz\u00e1ci\u00ed a in\u00fdch spolo\u010densk\u00fdch organiz\u00e1ci\u00ed alebo os\u00f4b, ktor\u00e9 maj\u00fa osobitn\u00e9 z\u00e1sluhy o Po\u013esko. Tieto osoby vymen\u00fava a odvol\u00e1va predseda.<\/p>\n<p>Cie\u013eom v\u00fdboru je v rokoch 2017-21 plni\u0165 \u00falohy zameran\u00e9 na pripom\u00ednanie a oslavu udalost\u00ed a os\u00f4b spojen\u00fdch so znovuz\u00edskan\u00edm a upevnen\u00edm nez\u00e1vislosti Po\u013eska. Jednou z hlavn\u00fdch \u00faloh v\u00fdboru bude ka\u017edoro\u010dn\u00e9 prij\u00edmanie pl\u00e1nu \u0161t\u00e1tnych osl\u00e1v na pr\u00edslu\u0161n\u00fd rok.<\/p>\n<p>V\u00fdbor bude tie\u017e doma i v zahrani\u010d\u00ed propagova\u0165 \"my\u0161lienku pripom\u00ednania si znovuz\u00edskania a upevnenia nez\u00e1vislosti\" Po\u013eska, iniciova\u0165 spolupr\u00e1cu medzi \u0161t\u00e1tnymi org\u00e1nmi, miestnou samospr\u00e1vou, cirkvami a in\u00fdmi n\u00e1bo\u017eensk\u00fdmi zdru\u017eeniami, politick\u00fdmi stranami, odbormi, organiz\u00e1ciami veter\u00e1nov a in\u00fdmi spolo\u010densk\u00fdmi organiz\u00e1ciami.<\/p>\n<p>Na \u017eiados\u0165 prezidenta sa vyjadruje aj k ude\u013eovaniu z\u00e1\u0161tity prezidenta nad spomienkov\u00fdmi podujatiami.<\/p>\n<p>- V ot\u00e1zkach, ktor\u00e9 s\u00fa pre Po\u013esk\u00fa republiku najd\u00f4le\u017eitej\u0161ie, v ot\u00e1zke jej existencie, nez\u00e1vislosti, suverenity, v ot\u00e1zke boja proti nepriate\u013eovi Po\u013eskej republiky, v\u017edy dok\u00e1zali dr\u017ea\u0165 spolu a odmietali ak\u00e9ko\u013evek rozpory,\" zd\u00f4raznil Andrzej Duda. - Preto som r\u00e1d, \u017ee sme dnes spolu v tejto s\u00e1le. Aj dnes, po t\u00fdchto sto rokoch, m\u00e1me \u013eud\u00ed s r\u00f4znymi n\u00e1zormi, \u010dasto ve\u013emi odli\u0161n\u00fdmi n\u00e1zormi na dne\u0161n\u00fa republiku, na to, ak\u00e1 by mala by\u0165. Ale sme tu spolu, preto\u017ee sme si v\u0161etci ist\u00ed jednou vecou - \u017ee by mala by\u0165 nez\u00e1visl\u00e1 a suver\u00e9nna, \u017ee by mala by\u0165 slobodn\u00e1,\" povedal prezident.<\/p>\n<p><em>Ministerstvo kult\u00fary<\/em><\/p>\n<p><iframe title=\"Zasadnutie N\u00e1rodn\u00e9ho v\u00fdboru pre oslavy 100. v\u00fdro\u010dia nez\u00e1vislosti\" width=\"800\" height=\"450\" src=\"https:\/\/www.youtube.com\/embed\/tho4DjuIjSU?feature=oembed\" frameborder=\"0\" allow=\"accelerometer; autoplay; clipboard-write; encrypted-media; gyroscope; picture-in-picture\" allowfullscreen><\/iframe><\/p>\n<p><a href=\"https:\/\/marekkuchcinski.pl\/wp-content\/uploads\/2017\/09\/20170911_140338.jpg\"><img fetchpriority=\"high\" decoding=\"async\" class=\"alignnone size-full wp-image-7236\" src=\"https:\/\/marekkuchcinski.pl\/wp-content\/uploads\/2017\/09\/20170911_140338.jpg\" alt=\"_20170911_140338\" width=\"800\" height=\"632\" srcset=\"https:\/\/marekkuchcinski.pl\/wp-content\/uploads\/2017\/09\/20170911_140338.jpg 800w, https:\/\/marekkuchcinski.pl\/wp-content\/uploads\/2017\/09\/20170911_140338-300x237.jpg 300w, https:\/\/marekkuchcinski.pl\/wp-content\/uploads\/2017\/09\/20170911_140338-768x607.jpg 768w\" sizes=\"(max-width: 800px) 100vw, 800px\" \/><\/a> <a href=\"https:\/\/marekkuchcinski.pl\/wp-content\/uploads\/2017\/09\/20170911_151256.jpg\"><img decoding=\"async\" class=\"alignnone size-full wp-image-7237\" src=\"https:\/\/marekkuchcinski.pl\/wp-content\/uploads\/2017\/09\/20170911_151256.jpg\" alt=\"_20170911_151256\" width=\"531\" height=\"800\" srcset=\"https:\/\/marekkuchcinski.pl\/wp-content\/uploads\/2017\/09\/20170911_151256.jpg 531w, https:\/\/marekkuchcinski.pl\/wp-content\/uploads\/2017\/09\/20170911_151256-199x300.jpg 199w\" sizes=\"(max-width: 531px) 100vw, 531px\" \/><\/a> <a href=\"https:\/\/marekkuchcinski.pl\/wp-content\/uploads\/2017\/09\/DSCF6223.jpg\"><img decoding=\"async\" class=\"alignnone size-full wp-image-7238\" src=\"https:\/\/marekkuchcinski.pl\/wp-content\/uploads\/2017\/09\/DSCF6223.jpg\" alt=\"DSCF6223\" width=\"800\" height=\"534\" srcset=\"https:\/\/marekkuchcinski.pl\/wp-content\/uploads\/2017\/09\/DSCF6223.jpg 800w, https:\/\/marekkuchcinski.pl\/wp-content\/uploads\/2017\/09\/DSCF6223-300x200.jpg 300w, https:\/\/marekkuchcinski.pl\/wp-content\/uploads\/2017\/09\/DSCF6223-768x513.jpg 768w\" sizes=\"(max-width: 800px) 100vw, 800px\" \/><\/a> <a href=\"https:\/\/marekkuchcinski.pl\/wp-content\/uploads\/2017\/09\/DSCF6246.jpg\"><img loading=\"lazy\" decoding=\"async\" class=\"alignnone size-full wp-image-7239\" src=\"https:\/\/marekkuchcinski.pl\/wp-content\/uploads\/2017\/09\/DSCF6246.jpg\" alt=\"DSCF6246\" width=\"800\" height=\"535\" srcset=\"https:\/\/marekkuchcinski.pl\/wp-content\/uploads\/2017\/09\/DSCF6246.jpg 800w, https:\/\/marekkuchcinski.pl\/wp-content\/uploads\/2017\/09\/DSCF6246-300x201.jpg 300w, https:\/\/marekkuchcinski.pl\/wp-content\/uploads\/2017\/09\/DSCF6246-768x514.jpg 768w\" sizes=\"(max-width: 800px) 100vw, 800px\" \/><\/a> <a href=\"https:\/\/marekkuchcinski.pl\/wp-content\/uploads\/2017\/09\/DSCF6250.jpg\"><img loading=\"lazy\" decoding=\"async\" class=\"alignnone size-full wp-image-7240\" src=\"https:\/\/marekkuchcinski.pl\/wp-content\/uploads\/2017\/09\/DSCF6250.jpg\" alt=\"DSCF6250\" width=\"800\" height=\"451\" srcset=\"https:\/\/marekkuchcinski.pl\/wp-content\/uploads\/2017\/09\/DSCF6250.jpg 800w, https:\/\/marekkuchcinski.pl\/wp-content\/uploads\/2017\/09\/DSCF6250-300x169.jpg 300w, https:\/\/marekkuchcinski.pl\/wp-content\/uploads\/2017\/09\/DSCF6250-768x433.jpg 768w\" sizes=\"(max-width: 800px) 100vw, 800px\" \/><\/a> <a href=\"https:\/\/marekkuchcinski.pl\/wp-content\/uploads\/2017\/09\/DSCF6253.jpg\"><img loading=\"lazy\" decoding=\"async\" class=\"alignnone size-full wp-image-7241\" src=\"https:\/\/marekkuchcinski.pl\/wp-content\/uploads\/2017\/09\/DSCF6253.jpg\" alt=\"DSCF6253\" width=\"800\" height=\"535\" srcset=\"https:\/\/marekkuchcinski.pl\/wp-content\/uploads\/2017\/09\/DSCF6253.jpg 800w, https:\/\/marekkuchcinski.pl\/wp-content\/uploads\/2017\/09\/DSCF6253-300x201.jpg 300w, https:\/\/marekkuchcinski.pl\/wp-content\/uploads\/2017\/09\/DSCF6253-768x514.jpg 768w\" sizes=\"(max-width: 800px) 100vw, 800px\" \/><\/a> <a href=\"https:\/\/marekkuchcinski.pl\/wp-content\/uploads\/2017\/09\/DSCF6269.jpg\"><img loading=\"lazy\" decoding=\"async\" class=\"alignnone size-full wp-image-7243\" src=\"https:\/\/marekkuchcinski.pl\/wp-content\/uploads\/2017\/09\/DSCF6269.jpg\" alt=\"DSCF6269\" width=\"800\" height=\"534\" srcset=\"https:\/\/marekkuchcinski.pl\/wp-content\/uploads\/2017\/09\/DSCF6269.jpg 800w, https:\/\/marekkuchcinski.pl\/wp-content\/uploads\/2017\/09\/DSCF6269-300x200.jpg 300w, https:\/\/marekkuchcinski.pl\/wp-content\/uploads\/2017\/09\/DSCF6269-768x513.jpg 768w\" sizes=\"(max-width: 800px) 100vw, 800px\" \/><\/a><\/p>\n<p>&nbsp;<\/p>\n<p>&nbsp;<\/p>","protected":false},"excerpt":{"rendered":"<p>Prezydent RP Andrzej Duda powo\u0142a\u0142 cz\u0142onk\u00f3w Komitetu Narodowych Obchod\u00f3w 100. Rocznicy Odzyskania Niepodleg\u0142o\u015bci RP, w sk\u0142ad kt\u00f3rego wchodz\u0105\u00a0m.in. prezydent Andrzej Duda, marsza\u0142kowie Sejmu Marek Kuchci\u0144ski i Senatu Stanis\u0142aw Karczewski oraz premier Beata Szyd\u0142o. \u00a0 Zgodnie z ustaw\u0105 o obchodach 100-lecia niepodleg\u0142o\u015bci Polski, kt\u00f3re przypada w 2018 roku, w przygotowaniu narodowych obchod\u00f3w 100. rocznicy odzyskania niepodleg\u0142o\u015bci [&hellip;]<\/p>\n","protected":false},"author":6,"featured_media":7244,"comment_status":"open","ping_status":"open","sticky":false,"template":"","format":"standard","meta":{"ngg_post_thumbnail":0,"footnotes":""},"categories":[77,3],"tags":[],"class_list":["post-7235","post","type-post","status-publish","format-standard","has-post-thumbnail","hentry","category-wazne-daty","category-wydarzenia"],"_links":{"self":[{"href":"https:\/\/marekkuchcinski.pl\/sk\/wp-json\/wp\/v2\/posts\/7235","targetHints":{"allow":["GET"]}}],"collection":[{"href":"https:\/\/marekkuchcinski.pl\/sk\/wp-json\/wp\/v2\/posts"}],"about":[{"href":"https:\/\/marekkuchcinski.pl\/sk\/wp-json\/wp\/v2\/types\/post"}],"author":[{"embeddable":true,"href":"https:\/\/marekkuchcinski.pl\/sk\/wp-json\/wp\/v2\/users\/6"}],"replies":[{"embeddable":true,"href":"https:\/\/marekkuchcinski.pl\/sk\/wp-json\/wp\/v2\/comments?post=7235"}],"version-history":[{"count":1,"href":"https:\/\/marekkuchcinski.pl\/sk\/wp-json\/wp\/v2\/posts\/7235\/revisions"}],"predecessor-version":[{"id":7245,"href":"https:\/\/marekkuchcinski.pl\/sk\/wp-json\/wp\/v2\/posts\/7235\/revisions\/7245"}],"wp:featuredmedia":[{"embeddable":true,"href":"https:\/\/marekkuchcinski.pl\/sk\/wp-json\/wp\/v2\/media\/7244"}],"wp:attachment":[{"href":"https:\/\/marekkuchcinski.pl\/sk\/wp-json\/wp\/v2\/media?parent=7235"}],"wp:term":[{"taxonomy":"category","embeddable":true,"href":"https:\/\/marekkuchcinski.pl\/sk\/wp-json\/wp\/v2\/categories?post=7235"},{"taxonomy":"post_tag","embeddable":true,"href":"https:\/\/marekkuchcinski.pl\/sk\/wp-json\/wp\/v2\/tags?post=7235"}],"curies":[{"name":"wp","href":"https:\/\/api.w.org\/{rel}","templated":true}]}}