{"id":7105,"date":"2017-08-16T20:26:08","date_gmt":"2017-08-16T18:26:08","guid":{"rendered":"https:\/\/marekkuchcinski.pl\/?p=7105"},"modified":"2017-08-23T10:04:38","modified_gmt":"2017-08-23T08:04:38","slug":"swieto-wojska-polskiego-udzialem-najwyzszych-wladz-panstwowych","status":"publish","type":"post","link":"https:\/\/marekkuchcinski.pl\/sk\/wydarzenia\/swieto-wojska-polskiego-udzialem-najwyzszych-wladz-panstwowych\/","title":{"rendered":"De\u0148 po\u013eskej arm\u00e1dy za \u00fa\u010dasti najvy\u0161\u0161\u00edch \u0161t\u00e1tnych predstavite\u013eov"},"content":{"rendered":"<p dir=\"ltr\">Predseda Sejmu Marek Kuchci\u0144ski sa z\u00fa\u010dastnil na \u00fastredn\u00fdch oslav\u00e1ch D\u0148a po\u013eskej arm\u00e1dy. Z\u00fa\u010dastnili sa na nich okrem in\u00fdch aj prezident Andrzej Duda s man\u017eelkou, mar\u0161al Stanis\u0142aw Karczewski zo Sen\u00e1tu, premi\u00e9rka Beata Szyd\u0142o a ministri a poslanci.<\/p>\n<p dir=\"ltr\"><em>Pre n\u00e1s Poliakov je 15. august u\u017e 97 rokov oslavou ve\u013ek\u00e9ho po\u013esk\u00e9ho v\u00ed\u0165azstva, ve\u013ekosti republiky, ve\u013ekosti po\u013esk\u00fdch zbran\u00ed a ve\u013ekosti n\u00e1s ako n\u00e1roda, na \u010do sme v\u0161etci nesmierne hrd\u00ed.<\/em>\u00a0- Prezident Andrzej Duda \u00fa\u010dastn\u00edkom povedal.\u00a0<em>V\u0161etci potom st\u00e1li pri sebe bez oh\u013eadu na rozdiely v politick\u00fdch n\u00e1zoroch a poh\u013eade na strategick\u00fa situ\u00e1ciu a vlastn\u00e9 amb\u00edcie.<\/em>\u00a0- dodala hlava \u0161t\u00e1tu.<\/p>\n<p dir=\"ltr\"><em>Po\u013esk\u00e9 org\u00e1ny sa sna\u017eia \u010do najlep\u0161ie uspokoji\u0165 potreby, ktor\u00e9 m\u00e1 dnes po\u013esk\u00e1 arm\u00e1da<\/em>\u00a0- ubezpe\u010dil vojakov \u0161\u00e9f ozbrojen\u00fdch s\u00edl Andrzej Duda.\u00a0<em>Som presved\u010den\u00fd, \u017ee v\u0161etci politici v Po\u013esku - t\u00ed, ktor\u00ed s\u00fa dnes pri moci, aj t\u00ed, ktor\u00ed s\u00fa v opoz\u00edcii - ch\u00e1pu, \u017ee najd\u00f4le\u017eitej\u0161ie je spolo\u010dn\u00e9 dobro - republika, ktorej s\u00fa\u010das\u0165ou je po\u013esk\u00e1 arm\u00e1da.<\/em>\u00a0- dodal prezident.<\/p>\n<p dir=\"ltr\">Oslav\u00e1m pred Belvederom predch\u00e1dzala om\u0161a na \u00famysel vlasti, na ktorej sa z\u00fa\u010dastnil predseda Sejmu Marek Kuchci\u0144ski. Na liturgii sa okrem in\u00fdch z\u00fa\u010dastnili aj prezident s man\u017eelkou, mar\u0161al Sen\u00e1tu a minister n\u00e1rodnej obrany.<\/p>\n<p dir=\"ltr\">S\u00fa\u010das\u0165ou centr\u00e1lnych osl\u00e1v bolo aj kladenie vencov pred Hrobom nezn\u00e1meho vojaka a pred sochou mar\u0161ala J\u00f3zefa Pi\u0142sudsk\u00e9ho na n\u00e1mest\u00ed, ktor\u00e9 je po \u0148om pomenovan\u00e9.<\/p>\n<p dir=\"ltr\">De\u0148 po\u013eskej arm\u00e1dy sa oslavuje 15. augusta na pamiatku v\u00ed\u0165aznej bitky o Var\u0161avu v roku 1920. Bol zaveden\u00fd z\u00e1konom Sejmu z 30. j\u00fala 1992.<\/p>\n<p dir=\"ltr\"><a href=\"https:\/\/marekkuchcinski.pl\/wp-content\/uploads\/2017\/08\/KU194887.jpg\"><img fetchpriority=\"high\" decoding=\"async\" class=\"alignnone size-full wp-image-7106\" src=\"https:\/\/marekkuchcinski.pl\/wp-content\/uploads\/2017\/08\/KU194887.jpg\" alt=\"KU194887\" width=\"588\" height=\"392\" srcset=\"https:\/\/marekkuchcinski.pl\/wp-content\/uploads\/2017\/08\/KU194887.jpg 588w, https:\/\/marekkuchcinski.pl\/wp-content\/uploads\/2017\/08\/KU194887-300x200.jpg 300w\" sizes=\"(max-width: 588px) 100vw, 588px\" \/><\/a><a href=\"https:\/\/marekkuchcinski.pl\/wp-content\/uploads\/2017\/08\/KU195279.jpg\"><img decoding=\"async\" class=\"alignnone size-full wp-image-7107\" src=\"https:\/\/marekkuchcinski.pl\/wp-content\/uploads\/2017\/08\/KU195279.jpg\" alt=\"KU195279\" width=\"800\" height=\"534\" srcset=\"https:\/\/marekkuchcinski.pl\/wp-content\/uploads\/2017\/08\/KU195279.jpg 800w, https:\/\/marekkuchcinski.pl\/wp-content\/uploads\/2017\/08\/KU195279-300x200.jpg 300w, https:\/\/marekkuchcinski.pl\/wp-content\/uploads\/2017\/08\/KU195279-768x513.jpg 768w\" sizes=\"(max-width: 800px) 100vw, 800px\" \/><\/a> <a href=\"https:\/\/marekkuchcinski.pl\/wp-content\/uploads\/2017\/08\/KU194615.jpg\"><img decoding=\"async\" class=\"alignnone size-full wp-image-7108\" src=\"https:\/\/marekkuchcinski.pl\/wp-content\/uploads\/2017\/08\/KU194615.jpg\" alt=\"KU194615\" width=\"800\" height=\"534\" srcset=\"https:\/\/marekkuchcinski.pl\/wp-content\/uploads\/2017\/08\/KU194615.jpg 800w, https:\/\/marekkuchcinski.pl\/wp-content\/uploads\/2017\/08\/KU194615-300x200.jpg 300w, https:\/\/marekkuchcinski.pl\/wp-content\/uploads\/2017\/08\/KU194615-768x513.jpg 768w\" sizes=\"(max-width: 800px) 100vw, 800px\" \/><\/a> <a href=\"https:\/\/marekkuchcinski.pl\/wp-content\/uploads\/2017\/08\/KU194729.jpg\"><img loading=\"lazy\" decoding=\"async\" class=\"alignnone size-full wp-image-7109\" src=\"https:\/\/marekkuchcinski.pl\/wp-content\/uploads\/2017\/08\/KU194729.jpg\" alt=\"KU194729\" width=\"800\" height=\"535\" srcset=\"https:\/\/marekkuchcinski.pl\/wp-content\/uploads\/2017\/08\/KU194729.jpg 800w, https:\/\/marekkuchcinski.pl\/wp-content\/uploads\/2017\/08\/KU194729-300x201.jpg 300w, https:\/\/marekkuchcinski.pl\/wp-content\/uploads\/2017\/08\/KU194729-768x514.jpg 768w\" sizes=\"(max-width: 800px) 100vw, 800px\" \/><\/a> <a href=\"https:\/\/marekkuchcinski.pl\/wp-content\/uploads\/2017\/08\/KU194784.jpg\"><img loading=\"lazy\" decoding=\"async\" class=\"alignnone size-full wp-image-7110\" src=\"https:\/\/marekkuchcinski.pl\/wp-content\/uploads\/2017\/08\/KU194784.jpg\" alt=\"KU194784\" width=\"800\" height=\"534\" srcset=\"https:\/\/marekkuchcinski.pl\/wp-content\/uploads\/2017\/08\/KU194784.jpg 800w, https:\/\/marekkuchcinski.pl\/wp-content\/uploads\/2017\/08\/KU194784-300x200.jpg 300w, https:\/\/marekkuchcinski.pl\/wp-content\/uploads\/2017\/08\/KU194784-768x513.jpg 768w\" sizes=\"(max-width: 800px) 100vw, 800px\" \/><\/a><a href=\"https:\/\/marekkuchcinski.pl\/wp-content\/uploads\/2017\/08\/KU193167.jpg\"><img loading=\"lazy\" decoding=\"async\" class=\"alignnone size-full wp-image-7111\" src=\"https:\/\/marekkuchcinski.pl\/wp-content\/uploads\/2017\/08\/KU193167.jpg\" alt=\"KU193167\" width=\"2736\" height=\"1824\" srcset=\"https:\/\/marekkuchcinski.pl\/wp-content\/uploads\/2017\/08\/KU193167.jpg 2048w, https:\/\/marekkuchcinski.pl\/wp-content\/uploads\/2017\/08\/KU193167-300x200.jpg 300w, https:\/\/marekkuchcinski.pl\/wp-content\/uploads\/2017\/08\/KU193167-768x512.jpg 768w, https:\/\/marekkuchcinski.pl\/wp-content\/uploads\/2017\/08\/KU193167-1024x683.jpg 1024w\" sizes=\"(max-width: 2736px) 100vw, 2736px\" \/><\/a><a href=\"https:\/\/marekkuchcinski.pl\/wp-content\/uploads\/2017\/08\/20769939_1954998911382995_6526556696376610619_n.jpg\"><img loading=\"lazy\" decoding=\"async\" class=\"alignnone size-full wp-image-7112\" src=\"https:\/\/marekkuchcinski.pl\/wp-content\/uploads\/2017\/08\/20769939_1954998911382995_6526556696376610619_n.jpg\" alt=\"20769939_1954998911382995_6526556696376610619_n\" width=\"800\" height=\"534\" srcset=\"https:\/\/marekkuchcinski.pl\/wp-content\/uploads\/2017\/08\/20769939_1954998911382995_6526556696376610619_n.jpg 800w, https:\/\/marekkuchcinski.pl\/wp-content\/uploads\/2017\/08\/20769939_1954998911382995_6526556696376610619_n-300x200.jpg 300w, https:\/\/marekkuchcinski.pl\/wp-content\/uploads\/2017\/08\/20769939_1954998911382995_6526556696376610619_n-768x513.jpg 768w\" sizes=\"(max-width: 800px) 100vw, 800px\" \/><\/a> <a href=\"https:\/\/marekkuchcinski.pl\/wp-content\/uploads\/2017\/08\/20882663_1955161528033400_1606746084404491678_n.jpg\"><img loading=\"lazy\" decoding=\"async\" class=\"alignnone size-full wp-image-7113\" src=\"https:\/\/marekkuchcinski.pl\/wp-content\/uploads\/2017\/08\/20882663_1955161528033400_1606746084404491678_n.jpg\" alt=\"20882663_1955161528033400_1606746084404491678_n\" width=\"800\" height=\"534\" srcset=\"https:\/\/marekkuchcinski.pl\/wp-content\/uploads\/2017\/08\/20882663_1955161528033400_1606746084404491678_n.jpg 800w, https:\/\/marekkuchcinski.pl\/wp-content\/uploads\/2017\/08\/20882663_1955161528033400_1606746084404491678_n-300x200.jpg 300w, https:\/\/marekkuchcinski.pl\/wp-content\/uploads\/2017\/08\/20882663_1955161528033400_1606746084404491678_n-768x513.jpg 768w\" sizes=\"(max-width: 800px) 100vw, 800px\" \/><\/a><\/p>","protected":false},"excerpt":{"rendered":"<p>Marsza\u0142ek Sejmu Marek Kuchci\u0144ski wzi\u0105\u0142 udzia\u0142 w centralnych obchodach \u015awi\u0119ta Wojska Polskiego. Uczestniczyli w nich tak\u017ce m.in. prezydent Andrzej Duda wraz z ma\u0142\u017conk\u0105, marsza\u0142ek Senatu Stanis\u0142aw Karczewski, premier Beata Szyd\u0142o oraz ministrowie i parlamentarzy\u015bci. Dla nas Polak\u00f3w od 97 lat 15 sierpnia jest \u015bwi\u0119tem wielkiego polskiego zwyci\u0119stwa, wielko\u015bci Rzeczypospolitej, wielko\u015bci polskiego or\u0119\u017ca i wielko\u015bci nas [&hellip;]<\/p>\n","protected":false},"author":6,"featured_media":7106,"comment_status":"open","ping_status":"open","sticky":false,"template":"","format":"standard","meta":{"ngg_post_thumbnail":0,"footnotes":""},"categories":[77,3],"tags":[],"class_list":["post-7105","post","type-post","status-publish","format-standard","has-post-thumbnail","hentry","category-wazne-daty","category-wydarzenia"],"_links":{"self":[{"href":"https:\/\/marekkuchcinski.pl\/sk\/wp-json\/wp\/v2\/posts\/7105","targetHints":{"allow":["GET"]}}],"collection":[{"href":"https:\/\/marekkuchcinski.pl\/sk\/wp-json\/wp\/v2\/posts"}],"about":[{"href":"https:\/\/marekkuchcinski.pl\/sk\/wp-json\/wp\/v2\/types\/post"}],"author":[{"embeddable":true,"href":"https:\/\/marekkuchcinski.pl\/sk\/wp-json\/wp\/v2\/users\/6"}],"replies":[{"embeddable":true,"href":"https:\/\/marekkuchcinski.pl\/sk\/wp-json\/wp\/v2\/comments?post=7105"}],"version-history":[{"count":1,"href":"https:\/\/marekkuchcinski.pl\/sk\/wp-json\/wp\/v2\/posts\/7105\/revisions"}],"predecessor-version":[{"id":7115,"href":"https:\/\/marekkuchcinski.pl\/sk\/wp-json\/wp\/v2\/posts\/7105\/revisions\/7115"}],"wp:featuredmedia":[{"embeddable":true,"href":"https:\/\/marekkuchcinski.pl\/sk\/wp-json\/wp\/v2\/media\/7106"}],"wp:attachment":[{"href":"https:\/\/marekkuchcinski.pl\/sk\/wp-json\/wp\/v2\/media?parent=7105"}],"wp:term":[{"taxonomy":"category","embeddable":true,"href":"https:\/\/marekkuchcinski.pl\/sk\/wp-json\/wp\/v2\/categories?post=7105"},{"taxonomy":"post_tag","embeddable":true,"href":"https:\/\/marekkuchcinski.pl\/sk\/wp-json\/wp\/v2\/tags?post=7105"}],"curies":[{"name":"wp","href":"https:\/\/api.w.org\/{rel}","templated":true}]}}