{"id":709,"date":"2016-01-27T16:43:19","date_gmt":"2016-01-27T15:43:19","guid":{"rendered":"https:\/\/marekkuchcinski.pl\/spotkanie-oplatkowe-pis-w-przemyslu\/"},"modified":"2016-08-25T16:57:55","modified_gmt":"2016-08-25T14:57:55","slug":"spotkanie-oplatkowe-pis-w-przemyslu","status":"publish","type":"post","link":"https:\/\/marekkuchcinski.pl\/sk\/wydarzenia\/spotkanie-oplatkowe-pis-w-przemyslu\/","title":{"rendered":"Stretnutie obl\u00e1tok PiS v Przemy\u015bli"},"content":{"rendered":"<p>V sobotu 23. janu\u00e1ra sa v Podkarpatskom centre vzdel\u00e1vania u\u010dite\u013eov v Przemy\u015bli uskuto\u010dnilo tradi\u010dn\u00e9 novoro\u010dn\u00e9 a predviano\u010dn\u00e9 stretnutie \u010dlenov a sympatizantov strany Pr\u00e1vo a spravodlivos\u0165 z Przemy\u015bla a Przemy\u015bla. Stretnutie poctil svojou pr\u00edtomnos\u0165ou predseda Sejmu Marek Kuchci\u0144ski.<\/p>\n<p>Medzi vz\u00e1cnymi hos\u0165ami boli aj: Anna Schmidt-Rodziewicz a Andrzej Matusiewicz, poslanci po\u013esk\u00e9ho Sejmu, Ewa Leniart, podkarpatsk\u00fd vojvoda, Dariusz Iwaneczko, riadite\u013e IPN v Rzeszowe, Janusz Hamryszczak a Grzegorz Hayder, z\u00e1stupcovia prim\u00e1tora mesta Przemy\u015bl, a Rafa\u0142 Sura, sudca \u0160t\u00e1tneho tribun\u00e1lu.<\/p>\n<p>  <!--more-->  <\/p>\n<p>Na stretnut\u00ed sa z\u00fa\u010dastnili aj starostovia obc\u00ed okresu Przemy\u015bl, poslanci mestsk\u00e9ho zastupite\u013estva a z\u00e1stupcovia Spr\u00e1vnej rady NSZZ \"Solidarita\" z oblasti Przemy\u015bl, ako aj NSZZ \"Solidarita\" individu\u00e1lnych po\u013enohospod\u00e1rov.<\/p>\n<p>Mons. Waldemar Janiga pre\u010d\u00edtal Bo\u017eie slovo a adresoval zhroma\u017eden\u00fdm pastora\u010dn\u00e9 pou\u010denie. Na druhej strane predseda Sejmu predstavil s\u00fa\u010dasn\u00fa situ\u00e1ciu v Po\u013esku a zd\u00f4raznil, \u017ee parlamentn\u00e1 v\u00e4\u010d\u0161ina a po\u013esk\u00e1 vl\u00e1da u\u017e prijali rie\u0161enia, ktor\u00e9 sa zaviazali realizova\u0165 po\u010das volebnej kampane. Po rozlomen\u00ed obl\u00e1tky a vz\u00e1jomnom za\u017eelan\u00ed si v\u0161etk\u00e9ho dobr\u00e9ho boli o pr\u00edhovor po\u017eiadan\u00ed poslanci, guvern\u00e9r provincie, z\u00e1stupca prim\u00e1tora mesta a riadite\u013e \u00dastavu pam\u00e4ti n\u00e1roda (\u00daPN). \u00da\u010dastn\u00edci tak mali mo\u017enos\u0165 z\u00edska\u0165 inform\u00e1cie z \"prvej ruky\" o uskuto\u010dnen\u00fdch legislat\u00edvnych aktivit\u00e1ch a pl\u00e1noch na tento rok pre Po\u013esko, Podkarpatsko a oblas\u0165 Przemy\u015bla.<\/p>\n<p>Hostia za\u017eelali v\u0161etk\u00fdm zhroma\u017eden\u00fdm na za\u010diatku roka 2016 ve\u013ea \u00faspechov v osobnom i pracovnom \u017eivote. Nezabudlo sa ani na pred\u010dasne zosnul\u00e9ho predsedu mestskej rady v Przemy\u015bli Wladyslawa Bukowsk\u00e9ho. Na podnet Haliny Ukarmovej sa za neho zhroma\u017eden\u00ed pomodlili.<\/p>\n<p>Umeleck\u00e9 chv\u00edle spr\u00edjemnil Komorn\u00fd zbor ml\u00e1de\u017ee Przemysl \"Vox Iuventum\". Na z\u00e1ver sa za sprievodu harmonik\u00e1ra spievali star\u00e9 po\u013esk\u00e9 koledy.&nbsp;<\/p>\n<p>Stretnutie viedli Bo\u017cena Ryczan, z\u00e1stupky\u0148a PiS v okrese Przemy\u015bl, a Lucyna Podhalicz, z\u00e1stupky\u0148a PiS v Przemy\u015bli.<\/p>\n<p><img fetchpriority=\"high\" decoding=\"async\" class=\"size-full wp-image-708\" src=\"https:\/\/marekkuchcinski.pl\/wp-content\/uploads\/2016\/01\/IMG_5896.JPG\" alt=\"\" width=\"800\" height=\"533\" srcset=\"https:\/\/marekkuchcinski.pl\/wp-content\/uploads\/2016\/01\/IMG_5896.JPG 800w, https:\/\/marekkuchcinski.pl\/wp-content\/uploads\/2016\/01\/IMG_5896-300x200.jpg 300w, https:\/\/marekkuchcinski.pl\/wp-content\/uploads\/2016\/01\/IMG_5896-768x512.jpg 768w\" sizes=\"(max-width: 800px) 100vw, 800px\" \/><\/p>\n<p><span style=\"font-family: Verdana, sans-serif; color: #555555;\">Text a fotografie: Aleksander Malicki.<\/span><\/p>","protected":false},"excerpt":{"rendered":"<p>W Podkarpackim Centrum Edukacji Nauczycieli w Przemy\u015blu w sobot\u0119, 23 stycznia, odby\u0142o si\u0119 tradycyjne noworoczno-op\u0142atkowe spotkanie cz\u0142onk\u00f3w i sympatyk\u00f3w Prawa i Sprawiedliwo\u015bci z Przemy\u015bla i powiatu przemyskiego. Spotkanie u\u015bwietni\u0142 swoj\u0105 obecno\u015bci\u0105 Marek Kuchci\u0144ski, marsza\u0142ek Sejmu RP. W\u015br\u00f3d szacownych go\u015bci byli tak\u017ce: Anna Schmidt-Rodziewicz i Andrzej Matusiewicz, pos\u0142owie na Sejm RP, Ewa Leniart, wojewoda podkarpacki, Dariusz [&hellip;]<\/p>\n","protected":false},"author":6,"featured_media":708,"comment_status":"open","ping_status":"open","sticky":false,"template":"","format":"standard","meta":{"ngg_post_thumbnail":0,"footnotes":""},"categories":[3],"tags":[],"class_list":["post-709","post","type-post","status-publish","format-standard","has-post-thumbnail","hentry","category-wydarzenia"],"_links":{"self":[{"href":"https:\/\/marekkuchcinski.pl\/sk\/wp-json\/wp\/v2\/posts\/709","targetHints":{"allow":["GET"]}}],"collection":[{"href":"https:\/\/marekkuchcinski.pl\/sk\/wp-json\/wp\/v2\/posts"}],"about":[{"href":"https:\/\/marekkuchcinski.pl\/sk\/wp-json\/wp\/v2\/types\/post"}],"author":[{"embeddable":true,"href":"https:\/\/marekkuchcinski.pl\/sk\/wp-json\/wp\/v2\/users\/6"}],"replies":[{"embeddable":true,"href":"https:\/\/marekkuchcinski.pl\/sk\/wp-json\/wp\/v2\/comments?post=709"}],"version-history":[{"count":1,"href":"https:\/\/marekkuchcinski.pl\/sk\/wp-json\/wp\/v2\/posts\/709\/revisions"}],"predecessor-version":[{"id":3094,"href":"https:\/\/marekkuchcinski.pl\/sk\/wp-json\/wp\/v2\/posts\/709\/revisions\/3094"}],"wp:featuredmedia":[{"embeddable":true,"href":"https:\/\/marekkuchcinski.pl\/sk\/wp-json\/wp\/v2\/media\/708"}],"wp:attachment":[{"href":"https:\/\/marekkuchcinski.pl\/sk\/wp-json\/wp\/v2\/media?parent=709"}],"wp:term":[{"taxonomy":"category","embeddable":true,"href":"https:\/\/marekkuchcinski.pl\/sk\/wp-json\/wp\/v2\/categories?post=709"},{"taxonomy":"post_tag","embeddable":true,"href":"https:\/\/marekkuchcinski.pl\/sk\/wp-json\/wp\/v2\/tags?post=709"}],"curies":[{"name":"wp","href":"https:\/\/api.w.org\/{rel}","templated":true}]}}