{"id":7028,"date":"2017-08-01T21:27:07","date_gmt":"2017-08-01T19:27:07","guid":{"rendered":"https:\/\/marekkuchcinski.pl\/?p=7028"},"modified":"2017-08-01T21:38:31","modified_gmt":"2017-08-01T19:38:31","slug":"marszalek-sejmu-oddal-hold-polskim-lotnikom","status":"publish","type":"post","link":"https:\/\/marekkuchcinski.pl\/sk\/wydarzenia\/marszalek-sejmu-oddal-hold-polskim-lotnikom\/","title":{"rendered":"Predseda Sejmu vzdal hold po\u013esk\u00fdm letcom"},"content":{"rendered":"<p><strong>Pri pr\u00edle\u017eitosti 73. v\u00fdro\u010dia Var\u0161avsk\u00e9ho povstania si predseda Sejmu Marek Kuchci\u0144ski uctil pamiatku po\u013esk\u00fdch letcov na vojenskom cintor\u00edne v Solym\u00e1re pri Budape\u0161ti.<\/strong><\/p>\n<p>&nbsp;<\/p>\n<p>Po\u010das \u0161t\u00e1tnych osl\u00e1v list v mene Mareka Kuchci\u0144sk\u00e9ho pre\u010d\u00edtal podpredseda Sejmu Ryszard Terlecki.<\/p>\n<p><strong><em>List predsedu Sejmu Mareka Kuchci\u0144sk\u00e9ho pri pr\u00edle\u017eitosti 73. v\u00fdro\u010dia Var\u0161avsk\u00e9ho povstania<\/em><\/strong><\/p>\n<p><strong><em>\u00a0<\/em><\/strong><\/p>\n<p><strong>V\u00e1\u017een\u00ed p\u00e1ni<\/strong><\/p>\n<p><strong>\u00da\u010dastn\u00edci Var\u0161avsk\u00e9ho povstania, rodiny povstalcov<\/strong><\/p>\n<p><strong>D\u00e1my a p\u00e1ni<\/strong><\/p>\n<p><strong>Obyvatelia Var\u0161avy<\/strong><\/p>\n<p><strong>\u00a0<\/strong><\/p>\n<p>V po\u013esk\u00fdch dejin\u00e1ch zohrali v priebehu storo\u010d\u00ed v\u00fdnimo\u010dn\u00fa \u00falohu tri slov\u00e1: Boh, \u010des\u0165 a vlas\u0165. Motivovali na\u0161ich predkov k hrdinsk\u00fdm \u010dinom aj v ka\u017edodennom \u017eivote. Var\u0161avsk\u00e9 povstanie treba vn\u00edma\u0165 pr\u00e1ve v t\u00fdchto s\u00favislostiach.<\/p>\n<p>Obyvatelia Var\u0161avy pred 73 rokmi bojovali za nez\u00e1vislos\u0165, za svoju vieru a d\u00f4stojnos\u0165. Var\u0161avsk\u00e9 povstanie bolo na jednej strane namieren\u00e9 proti Nemecku, preto\u017ee nemeck\u00fd nacizmus bol popret\u00edm z\u00e1padn\u00fdch hodn\u00f4t, nov\u00fdm vtelen\u00edm barbarstva a pohanstva, a na druhej strane malo zastavi\u0165 komunizmus, zalo\u017een\u00fd na nepriate\u013estve vo\u010di slobode, cirkvi a n\u00e1bo\u017eenstvu. Var\u0161avsk\u00e9 povstanie, podobne ako mnoh\u00e9 in\u00e9 udalosti v na\u0161ej minulosti, ako napr\u00edklad obrana Jasnej hory alebo bitky pri Viedni a Var\u0161ave, prispelo k trval\u00e9mu zalo\u017eeniu po\u013eskosti na katol\u00edckej viere a d\u00f4vere v Bo\u017eiu prozrete\u013enos\u0165. Je to n\u00e1\u0161 sp\u00f4sob existencie v Eur\u00f3pe a ch\u00e1pania sveta a politiky.<\/p>\n<p>Povstanie malo aj konkr\u00e9tny politick\u00fd a vojensk\u00fd rozmer. Nebol to len prehrat\u00fd boj. Jej vypuknutie sp\u00f4sobilo z\u00e1mern\u00e9 zastavenie sovietskej ofenz\u00edvy na Visle. Geopolitick\u00e9 kalkul\u00e1cie Josifa Stalina o obsaden\u00ed cel\u00e9ho Nemecka sa stali nere\u00e1lnymi. Zatia\u013e \u010do \u010cerven\u00e1 arm\u00e1da st\u00e1la na Visle a \u010dakala na ne\u00faspech povstania, spojeneck\u00e9 arm\u00e1dy oslobodzovali Franc\u00fazsko a bl\u00ed\u017eili sa k R\u00fdnu. Z\u00e1padn\u00e1 Eur\u00f3pa sa stala s\u00fa\u010das\u0165ou slobodn\u00e9ho sveta, v\u00fdspou slobody a demokracie, chr\u00e1nenou americkou pr\u00edtomnos\u0165ou. Modern\u00e1 Eur\u00f3pa vznikla aj v\u010faka ve\u013ek\u00e9mu \u00fasiliu na\u0161ich \u013eud\u00ed. Mus\u00edme na to pam\u00e4ta\u0165 a hl\u00e1sa\u0165 to svetu.<\/p>\n<p>Pre na\u0161u vlas\u0165 a pre nasleduj\u00face gener\u00e1cie Poliakov v Po\u013esku a v zahrani\u010d\u00ed je Povstanie znakom historickej pam\u00e4te, vzorom vlastenectva a l\u00e1sky k slobode. Nebolo by povstania, keby nebolo janu\u00e1rov\u00fdch povstalcov, Pi\u0142sudsk\u00e9ho legion\u00e1rov a vojakov z vojny v roku 1920. Ich \u00fasilie st\u00e1lo pri zrode druhej republiky, ktorej 100. v\u00fdro\u010die si pripomenieme na bud\u00faci rok. Var\u0161avsk\u00e9 povstanie bolo jeho poslednou dr\u00e1mou.<\/p>\n<p>Pri pr\u00edle\u017eitosti 73. v\u00fdro\u010dia Var\u0161avsk\u00e9ho povstania vzdajme hold jeho \u00fa\u010dastn\u00edkom, ktor\u00ed padli v boji, boli zavra\u017eden\u00ed Nemcami a komunistami a zomreli doma alebo vo vyhnanstve.<\/p>\n<p>Nech dobr\u00fd P\u00e1n odmen\u00ed ich odvahu a obetavos\u0165.<\/p>\n<p>Var\u0161ava, 1. augusta 2017.<\/p>\n<p><a href=\"https:\/\/marekkuchcinski.pl\/wp-content\/uploads\/2017\/08\/mcpw.jpg\"><img fetchpriority=\"high\" decoding=\"async\" class=\"alignnone size-full wp-image-7029\" src=\"https:\/\/marekkuchcinski.pl\/wp-content\/uploads\/2017\/08\/mcpw.jpg\" alt=\"mcpw\" width=\"800\" height=\"588\" srcset=\"https:\/\/marekkuchcinski.pl\/wp-content\/uploads\/2017\/08\/mcpw.jpg 800w, https:\/\/marekkuchcinski.pl\/wp-content\/uploads\/2017\/08\/mcpw-300x221.jpg 300w, https:\/\/marekkuchcinski.pl\/wp-content\/uploads\/2017\/08\/mcpw-768x564.jpg 768w\" sizes=\"(max-width: 800px) 100vw, 800px\" \/><\/a><a href=\"https:\/\/marekkuchcinski.pl\/wp-content\/uploads\/2017\/08\/20170801_145416.jpg\"><img decoding=\"async\" class=\"alignnone wp-image-7030\" src=\"https:\/\/marekkuchcinski.pl\/wp-content\/uploads\/2017\/08\/20170801_145416.jpg\" alt=\"20170801_145416\" width=\"663\" height=\"1197\" srcset=\"https:\/\/marekkuchcinski.pl\/wp-content\/uploads\/2017\/08\/20170801_145416.jpg 443w, https:\/\/marekkuchcinski.pl\/wp-content\/uploads\/2017\/08\/20170801_145416-166x300.jpg 166w\" sizes=\"(max-width: 663px) 100vw, 663px\" \/><\/a> <a href=\"https:\/\/marekkuchcinski.pl\/wp-content\/uploads\/2017\/08\/20170801_145343.jpg\"><img decoding=\"async\" class=\"alignnone size-full wp-image-7031\" src=\"https:\/\/marekkuchcinski.pl\/wp-content\/uploads\/2017\/08\/20170801_145343.jpg\" alt=\"20170801_145343\" width=\"800\" height=\"708\" srcset=\"https:\/\/marekkuchcinski.pl\/wp-content\/uploads\/2017\/08\/20170801_145343.jpg 800w, https:\/\/marekkuchcinski.pl\/wp-content\/uploads\/2017\/08\/20170801_145343-300x266.jpg 300w, https:\/\/marekkuchcinski.pl\/wp-content\/uploads\/2017\/08\/20170801_145343-768x680.jpg 768w\" sizes=\"(max-width: 800px) 100vw, 800px\" \/><\/a> <a href=\"https:\/\/marekkuchcinski.pl\/wp-content\/uploads\/2017\/08\/20170801_145249.jpg\"><img loading=\"lazy\" decoding=\"async\" class=\"alignnone size-full wp-image-7032\" src=\"https:\/\/marekkuchcinski.pl\/wp-content\/uploads\/2017\/08\/20170801_145249.jpg\" alt=\"20170801_145249\" width=\"800\" height=\"534\" srcset=\"https:\/\/marekkuchcinski.pl\/wp-content\/uploads\/2017\/08\/20170801_145249.jpg 800w, https:\/\/marekkuchcinski.pl\/wp-content\/uploads\/2017\/08\/20170801_145249-300x200.jpg 300w, https:\/\/marekkuchcinski.pl\/wp-content\/uploads\/2017\/08\/20170801_145249-768x513.jpg 768w\" sizes=\"(max-width: 800px) 100vw, 800px\" \/><\/a><\/p>","protected":false},"excerpt":{"rendered":"<p>W 73. rocznic\u0119 Powstania Warszawskiego marsza\u0142ek Sejmu Marek Kuchci\u0144ski odda\u0142 ho\u0142d polskim lotnikom na cmentarzu wojskowym w Solym\u00e1r ko\u0142o Budapesztu. &nbsp; Podczas pa\u0144stwowych uroczysto\u015bci w imieniu Marka Kuchci\u0144skiego list odczyta\u0142 wicemarsza\u0142ek Sejmu Ryszard Terlecki. List Marsza\u0142ka Sejmu Marka Kuchci\u0144skiego z okazji 73 rocznicy powstania warszawskiego \u00a0 Szanowni Pa\u0144stwo Uczestnicy Powstania Warszawskiego, Rodziny Powsta\u0144c\u00f3w Panie i [&hellip;]<\/p>\n","protected":false},"author":6,"featured_media":7034,"comment_status":"open","ping_status":"open","sticky":false,"template":"","format":"standard","meta":{"ngg_post_thumbnail":0,"footnotes":""},"categories":[77,50,3],"tags":[],"class_list":["post-7028","post","type-post","status-publish","format-standard","has-post-thumbnail","hentry","category-wazne-daty","category-wspolpraca-miedzynarodowa","category-wydarzenia"],"_links":{"self":[{"href":"https:\/\/marekkuchcinski.pl\/sk\/wp-json\/wp\/v2\/posts\/7028","targetHints":{"allow":["GET"]}}],"collection":[{"href":"https:\/\/marekkuchcinski.pl\/sk\/wp-json\/wp\/v2\/posts"}],"about":[{"href":"https:\/\/marekkuchcinski.pl\/sk\/wp-json\/wp\/v2\/types\/post"}],"author":[{"embeddable":true,"href":"https:\/\/marekkuchcinski.pl\/sk\/wp-json\/wp\/v2\/users\/6"}],"replies":[{"embeddable":true,"href":"https:\/\/marekkuchcinski.pl\/sk\/wp-json\/wp\/v2\/comments?post=7028"}],"version-history":[{"count":1,"href":"https:\/\/marekkuchcinski.pl\/sk\/wp-json\/wp\/v2\/posts\/7028\/revisions"}],"predecessor-version":[{"id":7033,"href":"https:\/\/marekkuchcinski.pl\/sk\/wp-json\/wp\/v2\/posts\/7028\/revisions\/7033"}],"wp:featuredmedia":[{"embeddable":true,"href":"https:\/\/marekkuchcinski.pl\/sk\/wp-json\/wp\/v2\/media\/7034"}],"wp:attachment":[{"href":"https:\/\/marekkuchcinski.pl\/sk\/wp-json\/wp\/v2\/media?parent=7028"}],"wp:term":[{"taxonomy":"category","embeddable":true,"href":"https:\/\/marekkuchcinski.pl\/sk\/wp-json\/wp\/v2\/categories?post=7028"},{"taxonomy":"post_tag","embeddable":true,"href":"https:\/\/marekkuchcinski.pl\/sk\/wp-json\/wp\/v2\/tags?post=7028"}],"curies":[{"name":"wp","href":"https:\/\/api.w.org\/{rel}","templated":true}]}}