{"id":7011,"date":"2017-07-23T01:07:31","date_gmt":"2017-07-22T23:07:31","guid":{"rendered":"https:\/\/marekkuchcinski.pl\/?p=7011"},"modified":"2017-07-21T16:07:49","modified_gmt":"2017-07-21T14:07:49","slug":"list-marszalka-sejmu-okazji-swieta-policji","status":"publish","type":"post","link":"https:\/\/marekkuchcinski.pl\/sk\/wydarzenia\/list-marszalka-sejmu-okazji-swieta-policji\/","title":{"rendered":"List predsedu Sejmu pri pr\u00edle\u017eitosti D\u0148a pol\u00edcie"},"content":{"rendered":"<p>- Kr\u00e1sne a chv\u00e1lyhodn\u00e9 trad\u00edcie tvoria pevn\u00fd z\u00e1klad s\u00fa\u010dasnej form\u00e1cie. Na\u0161a pol\u00edcia dnes st\u00e1le patr\u00ed medzi najd\u00f4veryhodnej\u0161ie in\u0161tit\u00facie v spolo\u010dnosti. V\u0161etci si v\u0161ak uvedomujeme, \u017ee boj proti zlo\u010dinu v modernom svete nie je jednoduch\u00fd. Rozsah a rozmanitos\u0165 v\u00fdziev narast\u00e1. M\u00f4\u017ee im \u010deli\u0165 len dobre pripraven\u00e1 organiz\u00e1cia, ktor\u00e1 kon\u00e1 v s\u00falade s najvy\u0161\u0161\u00edmi normami a etick\u00fdmi z\u00e1sadami,\" nap\u00edsal predseda Sejmu Marek pri pr\u00edle\u017eitosti D\u0148a pol\u00edcie.<\/p>\n<p>24. j\u00fala 1919 bola zriaden\u00e1 \u0161t\u00e1tna pol\u00edcia. Ka\u017ed\u00fd rok v tento de\u0148 oslavujeme De\u0148 pol\u00edcie. Zriadil ju Sejm z\u00e1konom z 21. j\u00fala 1995.  - Sl\u00e1vnos\u0165, ktor\u00fa teraz oslavujeme, dokazuje, ak\u00e9 d\u00f4le\u017eit\u00e9 s\u00fa trad\u00edcie tohto policajn\u00e9ho zboru, ktor\u00fd vznikol v roku 1919, pre s\u00fa\u010dasnos\u0165. Sl\u00e1vnos\u0165, ktor\u00fa oslavujeme, dokazuje, ak\u00e9 d\u00f4le\u017eit\u00e9 s\u00fa pre s\u00fa\u010dasnos\u0165 trad\u00edcie tohto policajn\u00e9ho zboru, vytvoren\u00e9ho v roku 1919, ktor\u00fd dobre sl\u00fa\u017eil nez\u00e1visl\u00e9mu po\u013esk\u00e9mu \u0161t\u00e1tu - zd\u00f4raznil mar\u0161\u00e1l.<\/p>\n<p>&nbsp;<\/p>\n<p><a href=\"https:\/\/marekkuchcinski.pl\/wp-content\/uploads\/2017\/07\/Policja-Komendant-G\u0142\u00f3wny.png\"><img fetchpriority=\"high\" decoding=\"async\" class=\"alignnone wp-image-7017\" src=\"https:\/\/marekkuchcinski.pl\/wp-content\/uploads\/2017\/07\/Policja-Komendant-G\u0142\u00f3wny.png\" alt=\"Policja Komendant G\u0142\u00f3wny\" width=\"737\" height=\"1048\" srcset=\"https:\/\/marekkuchcinski.pl\/wp-content\/uploads\/2017\/07\/Policja-Komendant-G\u0142\u00f3wny.png 588w, https:\/\/marekkuchcinski.pl\/wp-content\/uploads\/2017\/07\/Policja-Komendant-G\u0142\u00f3wny-211x300.png 211w\" sizes=\"(max-width: 737px) 100vw, 737px\" \/><\/a><\/p>\n<p>&nbsp;<\/p>","protected":false},"excerpt":{"rendered":"<p>\u2013 Pi\u0119kne i chlubne tradycje stanowi\u0105 solidny fundament obecnej formacji. Dzisiaj nasza Policja wci\u0105\u017c plasuje si\u0119 w czo\u0142\u00f3wce instytucji obdarzanych najwi\u0119kszym zaufaniem spo\u0142ecznym. Wszyscy jednak zdajemy sobie spraw\u0119, \u017ce zwalczanie przest\u0119pczo\u015bci we\u00a0wsp\u00f3\u0142czesnym \u015bwiecie nie jest rzecz\u0105 \u0142atw\u0105. Ro\u015bnie bowiem skala i r\u00f3\u017cnorodno\u015b\u0107 wyzwa\u0144. Sprosta\u0107 im mo\u017ce jedynie \u015bwietnie przygotowana formacja, dzia\u0142aj\u0105ca zgodnie z najwy\u017cszymi standardami [&hellip;]<\/p>\n","protected":false},"author":6,"featured_media":7013,"comment_status":"open","ping_status":"open","sticky":false,"template":"","format":"standard","meta":{"ngg_post_thumbnail":0,"footnotes":""},"categories":[104,49,3],"tags":[],"class_list":["post-7011","post","type-post","status-publish","format-standard","has-post-thumbnail","hentry","category-lms","category-podkarpacie","category-wydarzenia"],"_links":{"self":[{"href":"https:\/\/marekkuchcinski.pl\/sk\/wp-json\/wp\/v2\/posts\/7011","targetHints":{"allow":["GET"]}}],"collection":[{"href":"https:\/\/marekkuchcinski.pl\/sk\/wp-json\/wp\/v2\/posts"}],"about":[{"href":"https:\/\/marekkuchcinski.pl\/sk\/wp-json\/wp\/v2\/types\/post"}],"author":[{"embeddable":true,"href":"https:\/\/marekkuchcinski.pl\/sk\/wp-json\/wp\/v2\/users\/6"}],"replies":[{"embeddable":true,"href":"https:\/\/marekkuchcinski.pl\/sk\/wp-json\/wp\/v2\/comments?post=7011"}],"version-history":[{"count":4,"href":"https:\/\/marekkuchcinski.pl\/sk\/wp-json\/wp\/v2\/posts\/7011\/revisions"}],"predecessor-version":[{"id":7019,"href":"https:\/\/marekkuchcinski.pl\/sk\/wp-json\/wp\/v2\/posts\/7011\/revisions\/7019"}],"wp:featuredmedia":[{"embeddable":true,"href":"https:\/\/marekkuchcinski.pl\/sk\/wp-json\/wp\/v2\/media\/7013"}],"wp:attachment":[{"href":"https:\/\/marekkuchcinski.pl\/sk\/wp-json\/wp\/v2\/media?parent=7011"}],"wp:term":[{"taxonomy":"category","embeddable":true,"href":"https:\/\/marekkuchcinski.pl\/sk\/wp-json\/wp\/v2\/categories?post=7011"},{"taxonomy":"post_tag","embeddable":true,"href":"https:\/\/marekkuchcinski.pl\/sk\/wp-json\/wp\/v2\/tags?post=7011"}],"curies":[{"name":"wp","href":"https:\/\/api.w.org\/{rel}","templated":true}]}}