{"id":6919,"date":"2017-07-09T19:10:58","date_gmt":"2017-07-09T17:10:58","guid":{"rendered":"https:\/\/marekkuchcinski.pl\/?p=6919"},"modified":"2017-07-09T19:10:58","modified_gmt":"2017-07-09T17:10:58","slug":"45-posiedzenie-sejmu","status":"publish","type":"post","link":"https:\/\/marekkuchcinski.pl\/sk\/wiesci-z-sejmu\/45-posiedzenie-sejmu\/","title":{"rendered":"45. zasadnutie Sejmu"},"content":{"rendered":"<p dir=\"ltr\">Poslanci schv\u00e1lili nieko\u013eko z\u00e1konov, na ktor\u00fdch bude teraz pracova\u0165 Sen\u00e1t. Okrem in\u00e9ho bol zmenen\u00fd a doplnen\u00fd K\u00f3dex spr\u00e1vania v oblasti priestupkov a bolo rozhodnut\u00e9 o vytvoren\u00ed Po\u013eskej agent\u00fary pre invest\u00edcie a obchod a N\u00e1rodnej agent\u00fary pre akademick\u00fa v\u00fdmenu. Sejm tie\u017e post\u00fapil z\u00e1kon povo\u013euj\u00faci pou\u017e\u00edvanie marihuany na lek\u00e1rske \u00fa\u010dely na podpis prezidentovi Po\u013eskej republiky. Zasadnutie bude pokra\u010dova\u0165 14. j\u00fala.<\/p>\n<p dir=\"ltr\">\u00a0<strong>Z\u00e1kony prijat\u00e9 po\u010das 45. zasadnutia Sejmu. Teraz sa nimi bude zaobera\u0165 Sen\u00e1t<\/strong><\/p>\n<p dir=\"ltr\">Zmena a doplnenie K\u00f3dexu spr\u00e1vania v pr\u00edpadoch priestupkov. Sejm rozhodol, \u017ee pokutu ulo\u017een\u00fa prostredn\u00edctvom pokutov\u00e9ho bloku mo\u017eno zaplati\u0165 aj bezhotovostne, a to platobnou kartou. Pracovn\u00edci s platobn\u00fdmi termin\u00e1lmi bud\u00fa povinn\u00ed informova\u0165 pokutovan\u00fdch priestupcov o tejto mo\u017enosti.<\/p>\n<p dir=\"ltr\">Zmenil sa aj z\u00e1kon o ochrane n\u00e1rokov zamestnancov v pr\u00edpade platobnej neschopnosti zamestn\u00e1vate\u013ea a z\u00e1kon o s\u00fadnych trov\u00e1ch v zamestnaneck\u00fdch veciach. V\u00fdsledkom bude r\u00fdchlej\u0161ia finan\u010dn\u00e1 pomoc pre zamestnancov, ktor\u00ed pri\u0161li o pr\u00e1cu v d\u00f4sledku ukon\u010denia \u010dinnosti zamestn\u00e1vate\u013ea.<\/p>\n<p dir=\"ltr\">Sejm tie\u017e rozhodol o zalo\u017een\u00ed akciovej spolo\u010dnosti Po\u013esk\u00e1 investi\u010dn\u00e1 a obchodn\u00e1 agent\u00fara. Agent\u00fara bude profesion\u00e1lnym subjektom, ktor\u00fd bude vykon\u00e1va\u0165 \u00falohy v oblasti propag\u00e1cie po\u013esk\u00e9ho hospod\u00e1rstva v spolupr\u00e1ci so sie\u0165ou zahrani\u010dn\u00fdch obchodn\u00fdch zast\u00fapen\u00ed. Okrem in\u00e9ho sa bude zaobera\u0165 podporou v\u00fdvozu po\u013esk\u00fdch podnikate\u013eov, propag\u00e1ciou po\u013esk\u00e9ho priemyslu a podporou po\u013esk\u00fdch invest\u00edci\u00ed doma i v zahrani\u010d\u00ed.<\/p>\n<p dir=\"ltr\">Zmeny nastali aj v programe Family500+. Sejm prijal pr\u00e1vne predpisy, ktor\u00fdmi sa program uzatv\u00e1ra a zaru\u010duje poberanie d\u00e1vok opr\u00e1vnen\u00fdmi osobami. Zmeny v programe \"Rodina 500+\" maj\u00fa vies\u0165 k tomu, \u017ee d\u00e1vky bud\u00fa dost\u00e1va\u0165 t\u00ed, ktor\u00ed na ne maj\u00fa skuto\u010dn\u00fd n\u00e1rok. Z\u00e1kladn\u00e9 princ\u00edpy programu (krit\u00e9rium nezdanenia d\u00e1vky a pr\u00edjmu) zost\u00e1vaj\u00fa nezmenen\u00e9.<\/p>\n<p dir=\"ltr\">Sejm zmenil a doplnil z\u00e1kon o z\u00e1sob\u00e1ch ropy, ropn\u00fdch v\u00fdrobkov a zemn\u00e9ho plynu. Z\u00e1kon posil\u0148uje bezpe\u010dnos\u0165 dod\u00e1vok plynu pre spotrebite\u013eov a z\u00e1rove\u0148 zav\u00e1dza zjednodu\u0161enia a u\u013eah\u010duje postupy pre dod\u00e1vate\u013eov tejto komodity.<\/p>\n<p dir=\"ltr\">Zmenou z\u00e1kona o Po\u013enohospod\u00e1rskej trhovej agent\u00fare a organiz\u00e1cii niektor\u00fdch po\u013enohospod\u00e1rskych trhov a zmenou niektor\u00fdch \u010fal\u0161\u00edch z\u00e1konov vznik\u00e1 nov\u00fd program dod\u00e1vok mlieka, ovocia a zeleniny do \u0161k\u00f4l. Zmena a doplnenie je sp\u00f4soben\u00e1 potrebou vytvori\u0165 vn\u00fatro\u0161t\u00e1tny pr\u00e1vny z\u00e1klad potrebn\u00fd na implement\u00e1ciu nov\u00e9ho programu od \u0161kolsk\u00e9ho roka 2017\/2018.<\/p>\n<p dir=\"ltr\">Sejm tie\u017e prijal pozme\u0148uj\u00face a dopl\u0148uj\u00face n\u00e1vrhy, ktor\u00e9 zefekt\u00edv\u0148uj\u00fa fungovanie bytov\u00fdch dru\u017estiev a u\u013eah\u010duj\u00fa v\u00fdstavbu nov\u00fdch n\u00e1jomn\u00fdch bytov. Z\u00e1kon stanovuje, \u017ee v zmluve o v\u00fdstavbe bytu alebo o zriaden\u00ed dru\u017estevn\u00e9ho pr\u00e1va k bytu sa uvedie bu\u010f lehota, po ktorej bude \u010dlen dru\u017estva opr\u00e1vnen\u00fd po\u017eadova\u0165 uzavretie zmluvy o prevode vlastn\u00edctva bytu, alebo v\u00fdhrada, \u017ee byt nie je predmetom predaja \u010dlenovi.<\/p>\n<p dir=\"ltr\">Sejm schv\u00e1lil aj priazniv\u00e9 zmeny z\u00e1kona o \u0161t\u00e1tnej pomoci na k\u00fapu prv\u00e9ho bytu mlad\u00fdmi \u013eu\u010fmi. Zmeny umo\u017enia pln\u00e9 vyu\u017eitie finan\u010dn\u00fdch prostriedkov vy\u010dlenen\u00fdch na program Mieszkanie dla M\u0142odych v rokoch 2017 a 2018. To znamen\u00e1, \u017ee u\u017e v auguste 2017 sa obnov\u00ed prij\u00edmanie \u017eiadost\u00ed o dot\u00e1cie s term\u00ednom platby v be\u017enom roku.<\/p>\n<p dir=\"ltr\">Zmeny a doplnenia z\u00e1kona o dani z pr\u00edjmov fyzick\u00fdch os\u00f4b a z\u00e1kona o dani z pr\u00edjmov pr\u00e1vnick\u00fdch os\u00f4b. Nov\u00e9 predpisy umo\u017e\u0148uj\u00fa spolo\u010dnostiam - u\u017e funguj\u00facim aj za\u010d\u00ednaj\u00facim - odpo\u010d\u00edta\u0165 v\u00fddavky na dlhodob\u00fd majetok do v\u00fd\u0161ky 100 000 PLN ro\u010dne. To znamen\u00e1, \u017ee jednorazov\u00e9 da\u0148ov\u00e9 zv\u00fdhodnenie m\u00f4\u017ee dosiahnu\u0165 13 500 PLN. Pod\u013ea odhadov bude m\u00f4c\u0165 t\u00fato podporu vyu\u017ei\u0165 viac ako 150 000 spolo\u010dnost\u00ed.<\/p>\n<p dir=\"ltr\">Novela z\u00e1kona - z\u00e1kon o ochrane \u017eivotn\u00e9ho prostredia. Jeho cie\u013eom je objasni\u0165 ustanovenia z\u00e1kona o ochrane \u017eivotn\u00e9ho prostredia t\u00fdkaj\u00face sa vymenovania org\u00e1nov krajsk\u00fdch fondov na ochranu \u017eivotn\u00e9ho prostredia. V n\u00e1vrhu sa upravuj\u00fa ustanovenia o in\u0161tit\u00faci\u00e1ch ochrany \u017eivotn\u00e9ho prostredia v oblasti financovania ochrany \u017eivotn\u00e9ho prostredia a vodn\u00e9ho hospod\u00e1rstva. Zmeny sa t\u00fdkaj\u00fa pravidiel vymenovania a odvolania spr\u00e1vnej rady provin\u010dn\u00e9ho fondu.<\/p>\n<p dir=\"ltr\">Zmena z\u00e1kona o z\u00e1sad\u00e1ch implement\u00e1cie programov politiky s\u00fadr\u017enosti financovan\u00fdch vo finan\u010dnom v\u00fdh\u013eade 2014 - 2020 a niektor\u00fdch \u010fal\u0161\u00edch z\u00e1konov. Hlavn\u00fdm cie\u013eom novely je zv\u00fd\u0161i\u0165 efekt\u00edvnos\u0165 \u010derpania finan\u010dn\u00fdch prostriedkov z Eur\u00f3pskej \u00fanie na roky 2014 - 2020, ako aj zjednodu\u0161i\u0165 a zefekt\u00edvni\u0165 postupy pri pod\u00e1van\u00ed \u017eiadost\u00ed o finan\u010dn\u00e9 prostriedky E\u00da. Navrhovan\u00e9 rie\u0161enia s\u00fa v\u00fdsledkom postul\u00e1tov in\u0161tit\u00faci\u00ed a subjektov zapojen\u00fdch do \u010derpania eur\u00f3pskych fondov a efektu sk\u00fasenost\u00ed s\u00favisiacich s implement\u00e1ciou opera\u010dn\u00fdch programov politiky s\u00fadr\u017enosti vo finan\u010dnej perspekt\u00edve 2014 - 2020. N\u00e1vrh z\u00e1kona je s\u00fa\u010das\u0165ou tzv. podnikate\u013eskej \u00fastavy Dva bal\u00edky: \"Podnikate\u013esk\u00e1 \u00fastava\" a \"100 zmien pre firmy\" s\u00fa ur\u010den\u00e9 na podporu rozvoja podnikania a inov\u00e1ci\u00ed. Navrhovan\u00e1 zmena a doplnenie zn\u00ed\u017ei byrokratick\u00fa z\u00e1\u0165a\u017e potenci\u00e1lnych pr\u00edjemcov a zefekt\u00edvni realiz\u00e1ciu projektov, \u010do by sa malo prejavi\u0165 v ich v\u00e4\u010d\u0161om z\u00e1ujme uch\u00e1dza\u0165 sa o peniaze E\u00da a vo vy\u0161\u0161ej kvalite predkladan\u00fdch projektov.<\/p>\n<p dir=\"ltr\">Sejm schv\u00e1lil z\u00e1kon o zriaden\u00ed N\u00e1rodnej agent\u00fary pre akademick\u00fa v\u00fdmenu. Ustanovuje sa v nich vytvorenie NAWA od 1. okt\u00f3bra 2017. Hlavn\u00fdm cie\u013eom NAWA je podporova\u0165 mobilitu akademickej obce a vytv\u00e1ra\u0165 programy na internacionaliz\u00e1ciu ponuky po\u013esk\u00fdch univerz\u00edt. Agent\u00fara m\u00e1 by\u0165 verejnou in\u0161tit\u00faciou, ktor\u00e1 m\u00e1 spolu s N\u00e1rodn\u00fdm vedeck\u00fdm centrom a N\u00e1rodn\u00fdm centrom pre v\u00fdskum a v\u00fdvoj vytvori\u0165 ucelen\u00fd syst\u00e9m verejn\u00fdch in\u0161tit\u00faci\u00ed realizuj\u00facich \u0161t\u00e1tnu politiku posil\u0148ovania postavenia po\u013eskej vedy vo svete.<\/p>\n<p dir=\"ltr\">Novela z\u00e1kona o z\u00e1sad\u00e1ch financovania vedy a niektor\u00fdch \u010fal\u0161\u00edch z\u00e1konov. Okrem in\u00e9ho umo\u017en\u00ed ministrovi vedy a vysok\u00e9ho \u0161kolstva pri rozhodovan\u00ed o zv\u00fd\u0161en\u00ed dot\u00e1cie na udr\u017eanie v\u00fdskumn\u00e9ho potenci\u00e1lu zoh\u013eadni\u0165 potreby s\u00favisiace s komercializ\u00e1ciou v\u00fdsledkov vedeck\u00e9ho v\u00fdskumu alebo v\u00fdvojov\u00fdch pr\u00e1c.<\/p>\n<p dir=\"ltr\">\u00a0<strong>Dokumenty post\u00fapen\u00e9 na \u010fal\u0161iu pr\u00e1cu vo v\u00fdboroch<\/strong><\/p>\n<p dir=\"ltr\">N\u00e1vrh novely z\u00e1kona - da\u0148ov\u00fd poriadok, z\u00e1kona o verejn\u00fdch financi\u00e1ch a z\u00e1kona - \u00favodn\u00e9 ustanovenia k z\u00e1konu o \u0161t\u00e1tnej spr\u00e1ve dan\u00ed boli na z\u00e1klade rozhodnutia poslancov predlo\u017een\u00e9 V\u00fdboru pre verejn\u00e9 financie.<\/p>\n<p dir=\"ltr\">\u00a0<strong>N\u00e1vrh z\u00e1kona, ktor\u00fd umo\u017e\u0148uje lek\u00e1rske u\u017e\u00edvanie konope, p\u00f4jde na podpis prezidentovi<\/strong><\/p>\n<p dir=\"ltr\">Pod\u013ea novej legislat\u00edvy sa konope bude m\u00f4c\u0165 pou\u017e\u00edva\u0165 na v\u00fdrobu farmaceutick\u00fdch pr\u00edpravkov. Z\u00e1kon umo\u017e\u0148uje lek\u00e1rom predp\u00edsa\u0165 liek na predpis vyroben\u00fd v lek\u00e1rni pacientom, ktor\u00ed nereaguj\u00fa na be\u017en\u00fa farmakol\u00f3giu. Suroviny sa bud\u00fa dov\u00e1\u017ea\u0165 zo zahrani\u010dia.<\/p>\n<p dir=\"ltr\">\u00a0<strong>Aktu\u00e1lne inform\u00e1cie a ot\u00e1zky k aktu\u00e1lnym t\u00e9mam<\/strong><\/p>\n<p dir=\"ltr\">Sejm si vypo\u010dul inform\u00e1ciu vl\u00e1dy o \u00fa\u010dinkoch novely z\u00e1kona o zdravotnej starostlivosti financovanej z verejn\u00fdch zdrojov, ktor\u00e1 sa t\u00fdka zavedenia syst\u00e9mu z\u00e1kladn\u00e9ho poskytovania zdravotnej starostlivosti v nemocniciach (tzv. siete nemocn\u00edc). O prezent\u00e1ciu po\u017eiadala spolo\u010dnos\u0165 KP Nowoczesna. V mene vl\u00e1dy vyst\u00fapil Piotr Gryza, \u0161t\u00e1tny podtajomn\u00edk ministerstva zdravotn\u00edctva.<\/p>\n<p dir=\"ltr\">Z\u00e1stupcovia vl\u00e1dy odpovedali aj na ot\u00e1zky poslancov Eur\u00f3pskeho parlamentu, ktor\u00e9 sa t\u00fdkali potenci\u00e1lu a mo\u017enost\u00ed vyu\u017eitia Gliwick\u00e9ho kan\u00e1la, ako aj fungovania o\u0161etrovate\u013eskej a zubnej starostlivosti v \u0161kol\u00e1ch v kontexte pl\u00e1novan\u00fdch zmien v \u0161kolstve.<\/p>\n<p dir=\"ltr\"><a href=\"https:\/\/marekkuchcinski.pl\/wp-content\/uploads\/2017\/07\/RZ__0142.jpg\"><img fetchpriority=\"high\" decoding=\"async\" class=\"alignnone size-full wp-image-6920\" src=\"https:\/\/marekkuchcinski.pl\/wp-content\/uploads\/2017\/07\/RZ__0142.jpg\" alt=\"RZ__0142\" width=\"800\" height=\"534\" srcset=\"https:\/\/marekkuchcinski.pl\/wp-content\/uploads\/2017\/07\/RZ__0142.jpg 800w, https:\/\/marekkuchcinski.pl\/wp-content\/uploads\/2017\/07\/RZ__0142-300x200.jpg 300w, https:\/\/marekkuchcinski.pl\/wp-content\/uploads\/2017\/07\/RZ__0142-768x513.jpg 768w\" sizes=\"(max-width: 800px) 100vw, 800px\" \/><\/a><\/p>","protected":false},"excerpt":{"rendered":"<p>Pos\u0142owie uchwalili szereg ustaw, nad kt\u00f3rymi prac\u0105 teraz zajmie si\u0119 Senat. Znowelizowano m.in. Kodeks post\u0119powania w sprawach o wykroczenia, a tak\u017ce zdecydowano o powstaniu Polskiej Agencji Inwestycji i Handlu Sp\u00f3\u0142ka Akcyjna oraz Narodowej Agencji wymiany Akademickiej. Sejm skierowa\u0142 te\u017c ustaw\u0119 umo\u017cliwiaj\u0105c\u0105 stosowanie marihuany w celach medycznych do podpisu przez Prezydenta RP. Posiedzenie b\u0119dzie kontynuowane 14 [&hellip;]<\/p>","protected":false},"author":6,"featured_media":6920,"comment_status":"open","ping_status":"open","sticky":false,"template":"","format":"standard","meta":{"ngg_post_thumbnail":0,"footnotes":""},"categories":[81],"tags":[],"class_list":["post-6919","post","type-post","status-publish","format-standard","has-post-thumbnail","hentry","category-wiesci-z-sejmu"],"yoast_head":"<!-- This site is optimized with the Yoast SEO plugin v24.7 - https:\/\/yoast.com\/wordpress\/plugins\/seo\/ -->\n<title>45. posiedzenie Sejmu &#8211; Marek Kuchci\u0144ski<\/title>\n<meta name=\"robots\" content=\"index, follow, max-snippet:-1, max-image-preview:large, max-video-preview:-1\" \/>\n<link rel=\"canonical\" href=\"https:\/\/marekkuchcinski.pl\/sk\/wiesci-z-sejmu\/45-posiedzenie-sejmu\/\" \/>\n<meta property=\"og:locale\" content=\"sk_SK\" \/>\n<meta property=\"og:type\" content=\"article\" \/>\n<meta property=\"og:title\" content=\"45. posiedzenie Sejmu &#8211; Marek Kuchci\u0144ski\" \/>\n<meta property=\"og:description\" content=\"Pos\u0142owie uchwalili szereg ustaw, nad kt\u00f3rymi prac\u0105 teraz zajmie si\u0119 Senat. Znowelizowano m.in. Kodeks post\u0119powania w sprawach o wykroczenia, a tak\u017ce zdecydowano o powstaniu Polskiej Agencji Inwestycji i Handlu Sp\u00f3\u0142ka Akcyjna oraz Narodowej Agencji wymiany Akademickiej. Sejm skierowa\u0142 te\u017c ustaw\u0119 umo\u017cliwiaj\u0105c\u0105 stosowanie marihuany w celach medycznych do podpisu przez Prezydenta RP. Posiedzenie b\u0119dzie kontynuowane 14 [&hellip;]\" \/>\n<meta property=\"og:url\" content=\"https:\/\/marekkuchcinski.pl\/sk\/wiesci-z-sejmu\/45-posiedzenie-sejmu\/\" \/>\n<meta property=\"og:site_name\" content=\"Marek Kuchci\u0144ski\" \/>\n<meta property=\"article:published_time\" content=\"2017-07-09T17:10:58+00:00\" \/>\n<meta property=\"og:image\" content=\"https:\/\/marekkuchcinski.pl\/wp-content\/uploads\/2017\/07\/RZ__0142.jpg\" \/>\n\t<meta property=\"og:image:width\" content=\"800\" \/>\n\t<meta property=\"og:image:height\" content=\"534\" \/>\n\t<meta property=\"og:image:type\" content=\"image\/jpeg\" \/>\n<meta name=\"author\" content=\"admin\" \/>\n<meta name=\"twitter:card\" content=\"summary_large_image\" \/>\n<meta name=\"twitter:label1\" content=\"Autor\" \/>\n\t<meta name=\"twitter:data1\" content=\"admin\" \/>\n\t<meta name=\"twitter:label2\" content=\"Predpokladan\u00fd \u010das \u010d\u00edtania\" \/>\n\t<meta name=\"twitter:data2\" content=\"6 min\u00fat\" \/>\n<script type=\"application\/ld+json\" class=\"yoast-schema-graph\">{\"@context\":\"https:\/\/schema.org\",\"@graph\":[{\"@type\":\"Article\",\"@id\":\"https:\/\/marekkuchcinski.pl\/hu\/wiesci-z-sejmu\/45-posiedzenie-sejmu\/#article\",\"isPartOf\":{\"@id\":\"https:\/\/marekkuchcinski.pl\/hu\/wiesci-z-sejmu\/45-posiedzenie-sejmu\/\"},\"author\":{\"name\":\"admin\",\"@id\":\"https:\/\/marekkuchcinski.pl\/#\/schema\/person\/6f62700996b4d950b6ea2d1183b6c6be\"},\"headline\":\"45. posiedzenie Sejmu\",\"datePublished\":\"2017-07-09T17:10:58+00:00\",\"mainEntityOfPage\":{\"@id\":\"https:\/\/marekkuchcinski.pl\/hu\/wiesci-z-sejmu\/45-posiedzenie-sejmu\/\"},\"wordCount\":1128,\"commentCount\":0,\"publisher\":{\"@id\":\"https:\/\/marekkuchcinski.pl\/#organization\"},\"image\":{\"@id\":\"https:\/\/marekkuchcinski.pl\/hu\/wiesci-z-sejmu\/45-posiedzenie-sejmu\/#primaryimage\"},\"thumbnailUrl\":\"https:\/\/marekkuchcinski.pl\/wp-content\/uploads\/2017\/07\/RZ__0142.jpg\",\"articleSection\":[\"Wie\u015bci z Sejmu\"],\"inLanguage\":\"sk-SK\",\"potentialAction\":[{\"@type\":\"CommentAction\",\"name\":\"Comment\",\"target\":[\"https:\/\/marekkuchcinski.pl\/hu\/wiesci-z-sejmu\/45-posiedzenie-sejmu\/#respond\"]}]},{\"@type\":\"WebPage\",\"@id\":\"https:\/\/marekkuchcinski.pl\/hu\/wiesci-z-sejmu\/45-posiedzenie-sejmu\/\",\"url\":\"https:\/\/marekkuchcinski.pl\/hu\/wiesci-z-sejmu\/45-posiedzenie-sejmu\/\",\"name\":\"45. posiedzenie Sejmu &#8211; Marek Kuchci\u0144ski\",\"isPartOf\":{\"@id\":\"https:\/\/marekkuchcinski.pl\/#website\"},\"primaryImageOfPage\":{\"@id\":\"https:\/\/marekkuchcinski.pl\/hu\/wiesci-z-sejmu\/45-posiedzenie-sejmu\/#primaryimage\"},\"image\":{\"@id\":\"https:\/\/marekkuchcinski.pl\/hu\/wiesci-z-sejmu\/45-posiedzenie-sejmu\/#primaryimage\"},\"thumbnailUrl\":\"https:\/\/marekkuchcinski.pl\/wp-content\/uploads\/2017\/07\/RZ__0142.jpg\",\"datePublished\":\"2017-07-09T17:10:58+00:00\",\"breadcrumb\":{\"@id\":\"https:\/\/marekkuchcinski.pl\/hu\/wiesci-z-sejmu\/45-posiedzenie-sejmu\/#breadcrumb\"},\"inLanguage\":\"sk-SK\",\"potentialAction\":[{\"@type\":\"ReadAction\",\"target\":[\"https:\/\/marekkuchcinski.pl\/hu\/wiesci-z-sejmu\/45-posiedzenie-sejmu\/\"]}]},{\"@type\":\"ImageObject\",\"inLanguage\":\"sk-SK\",\"@id\":\"https:\/\/marekkuchcinski.pl\/hu\/wiesci-z-sejmu\/45-posiedzenie-sejmu\/#primaryimage\",\"url\":\"https:\/\/marekkuchcinski.pl\/wp-content\/uploads\/2017\/07\/RZ__0142.jpg\",\"contentUrl\":\"https:\/\/marekkuchcinski.pl\/wp-content\/uploads\/2017\/07\/RZ__0142.jpg\",\"width\":800,\"height\":534},{\"@type\":\"BreadcrumbList\",\"@id\":\"https:\/\/marekkuchcinski.pl\/hu\/wiesci-z-sejmu\/45-posiedzenie-sejmu\/#breadcrumb\",\"itemListElement\":[{\"@type\":\"ListItem\",\"position\":1,\"name\":\"Strona g\u0142\u00f3wna\",\"item\":\"https:\/\/marekkuchcinski.pl\/\"},{\"@type\":\"ListItem\",\"position\":2,\"name\":\"45. posiedzenie Sejmu\"}]},{\"@type\":\"WebSite\",\"@id\":\"https:\/\/marekkuchcinski.pl\/#website\",\"url\":\"https:\/\/marekkuchcinski.pl\/\",\"name\":\"Marek Kuchci\u0144ski\",\"description\":\"Pose\u0142 na sejm RP &ndash; okr\u0119g nr 22\",\"publisher\":{\"@id\":\"https:\/\/marekkuchcinski.pl\/#organization\"},\"potentialAction\":[{\"@type\":\"SearchAction\",\"target\":{\"@type\":\"EntryPoint\",\"urlTemplate\":\"https:\/\/marekkuchcinski.pl\/?s={search_term_string}\"},\"query-input\":{\"@type\":\"PropertyValueSpecification\",\"valueRequired\":true,\"valueName\":\"search_term_string\"}}],\"inLanguage\":\"sk-SK\"},{\"@type\":\"Organization\",\"@id\":\"https:\/\/marekkuchcinski.pl\/#organization\",\"name\":\"Marek Kuchci\u0144ski\",\"url\":\"https:\/\/marekkuchcinski.pl\/\",\"logo\":{\"@type\":\"ImageObject\",\"inLanguage\":\"sk-SK\",\"@id\":\"https:\/\/marekkuchcinski.pl\/#\/schema\/logo\/image\/\",\"url\":\"https:\/\/marekkuchcinski.pl\/wp-content\/uploads\/2022\/09\/Marek.jpg\",\"contentUrl\":\"https:\/\/marekkuchcinski.pl\/wp-content\/uploads\/2022\/09\/Marek.jpg\",\"width\":1600,\"height\":971,\"caption\":\"Marek Kuchci\u0144ski\"},\"image\":{\"@id\":\"https:\/\/marekkuchcinski.pl\/#\/schema\/logo\/image\/\"}},{\"@type\":\"Person\",\"@id\":\"https:\/\/marekkuchcinski.pl\/#\/schema\/person\/6f62700996b4d950b6ea2d1183b6c6be\",\"name\":\"admin\",\"image\":{\"@type\":\"ImageObject\",\"inLanguage\":\"sk-SK\",\"@id\":\"https:\/\/marekkuchcinski.pl\/#\/schema\/person\/image\/\",\"url\":\"https:\/\/secure.gravatar.com\/avatar\/4bab693b9d55c3d6b52c0296a8765085?s=96&d=mm&r=g\",\"contentUrl\":\"https:\/\/secure.gravatar.com\/avatar\/4bab693b9d55c3d6b52c0296a8765085?s=96&d=mm&r=g\",\"caption\":\"admin\"},\"url\":\"https:\/\/marekkuchcinski.pl\/sk\/author\/marta-olejnik\/\"}]}<\/script>\n<!-- \/ Yoast SEO plugin. -->","yoast_head_json":{"title":"45. posiedzenie Sejmu &#8211; Marek Kuchci\u0144ski","robots":{"index":"index","follow":"follow","max-snippet":"max-snippet:-1","max-image-preview":"max-image-preview:large","max-video-preview":"max-video-preview:-1"},"canonical":"https:\/\/marekkuchcinski.pl\/sk\/wiesci-z-sejmu\/45-posiedzenie-sejmu\/","og_locale":"sk_SK","og_type":"article","og_title":"45. posiedzenie Sejmu &#8211; Marek Kuchci\u0144ski","og_description":"Pos\u0142owie uchwalili szereg ustaw, nad kt\u00f3rymi prac\u0105 teraz zajmie si\u0119 Senat. Znowelizowano m.in. Kodeks post\u0119powania w sprawach o wykroczenia, a tak\u017ce zdecydowano o powstaniu Polskiej Agencji Inwestycji i Handlu Sp\u00f3\u0142ka Akcyjna oraz Narodowej Agencji wymiany Akademickiej. Sejm skierowa\u0142 te\u017c ustaw\u0119 umo\u017cliwiaj\u0105c\u0105 stosowanie marihuany w celach medycznych do podpisu przez Prezydenta RP. Posiedzenie b\u0119dzie kontynuowane 14 [&hellip;]","og_url":"https:\/\/marekkuchcinski.pl\/sk\/wiesci-z-sejmu\/45-posiedzenie-sejmu\/","og_site_name":"Marek Kuchci\u0144ski","article_published_time":"2017-07-09T17:10:58+00:00","og_image":[{"width":800,"height":534,"url":"https:\/\/marekkuchcinski.pl\/wp-content\/uploads\/2017\/07\/RZ__0142.jpg","type":"image\/jpeg"}],"author":"admin","twitter_card":"summary_large_image","twitter_misc":{"Autor":"admin","Predpokladan\u00fd \u010das \u010d\u00edtania":"6 min\u00fat"},"schema":{"@context":"https:\/\/schema.org","@graph":[{"@type":"Article","@id":"https:\/\/marekkuchcinski.pl\/hu\/wiesci-z-sejmu\/45-posiedzenie-sejmu\/#article","isPartOf":{"@id":"https:\/\/marekkuchcinski.pl\/hu\/wiesci-z-sejmu\/45-posiedzenie-sejmu\/"},"author":{"name":"admin","@id":"https:\/\/marekkuchcinski.pl\/#\/schema\/person\/6f62700996b4d950b6ea2d1183b6c6be"},"headline":"45. posiedzenie Sejmu","datePublished":"2017-07-09T17:10:58+00:00","mainEntityOfPage":{"@id":"https:\/\/marekkuchcinski.pl\/hu\/wiesci-z-sejmu\/45-posiedzenie-sejmu\/"},"wordCount":1128,"commentCount":0,"publisher":{"@id":"https:\/\/marekkuchcinski.pl\/#organization"},"image":{"@id":"https:\/\/marekkuchcinski.pl\/hu\/wiesci-z-sejmu\/45-posiedzenie-sejmu\/#primaryimage"},"thumbnailUrl":"https:\/\/marekkuchcinski.pl\/wp-content\/uploads\/2017\/07\/RZ__0142.jpg","articleSection":["Wie\u015bci z Sejmu"],"inLanguage":"sk-SK","potentialAction":[{"@type":"CommentAction","name":"Comment","target":["https:\/\/marekkuchcinski.pl\/hu\/wiesci-z-sejmu\/45-posiedzenie-sejmu\/#respond"]}]},{"@type":"WebPage","@id":"https:\/\/marekkuchcinski.pl\/hu\/wiesci-z-sejmu\/45-posiedzenie-sejmu\/","url":"https:\/\/marekkuchcinski.pl\/hu\/wiesci-z-sejmu\/45-posiedzenie-sejmu\/","name":"45. posiedzenie Sejmu &#8211; Marek Kuchci\u0144ski","isPartOf":{"@id":"https:\/\/marekkuchcinski.pl\/#website"},"primaryImageOfPage":{"@id":"https:\/\/marekkuchcinski.pl\/hu\/wiesci-z-sejmu\/45-posiedzenie-sejmu\/#primaryimage"},"image":{"@id":"https:\/\/marekkuchcinski.pl\/hu\/wiesci-z-sejmu\/45-posiedzenie-sejmu\/#primaryimage"},"thumbnailUrl":"https:\/\/marekkuchcinski.pl\/wp-content\/uploads\/2017\/07\/RZ__0142.jpg","datePublished":"2017-07-09T17:10:58+00:00","breadcrumb":{"@id":"https:\/\/marekkuchcinski.pl\/hu\/wiesci-z-sejmu\/45-posiedzenie-sejmu\/#breadcrumb"},"inLanguage":"sk-SK","potentialAction":[{"@type":"ReadAction","target":["https:\/\/marekkuchcinski.pl\/hu\/wiesci-z-sejmu\/45-posiedzenie-sejmu\/"]}]},{"@type":"ImageObject","inLanguage":"sk-SK","@id":"https:\/\/marekkuchcinski.pl\/hu\/wiesci-z-sejmu\/45-posiedzenie-sejmu\/#primaryimage","url":"https:\/\/marekkuchcinski.pl\/wp-content\/uploads\/2017\/07\/RZ__0142.jpg","contentUrl":"https:\/\/marekkuchcinski.pl\/wp-content\/uploads\/2017\/07\/RZ__0142.jpg","width":800,"height":534},{"@type":"BreadcrumbList","@id":"https:\/\/marekkuchcinski.pl\/hu\/wiesci-z-sejmu\/45-posiedzenie-sejmu\/#breadcrumb","itemListElement":[{"@type":"ListItem","position":1,"name":"Strona g\u0142\u00f3wna","item":"https:\/\/marekkuchcinski.pl\/"},{"@type":"ListItem","position":2,"name":"45. posiedzenie Sejmu"}]},{"@type":"WebSite","@id":"https:\/\/marekkuchcinski.pl\/#website","url":"https:\/\/marekkuchcinski.pl\/","name":"Marek Kuchci\u0144ski","description":"Pose\u0142 na sejm RP &ndash; okr\u0119g nr 22","publisher":{"@id":"https:\/\/marekkuchcinski.pl\/#organization"},"potentialAction":[{"@type":"SearchAction","target":{"@type":"EntryPoint","urlTemplate":"https:\/\/marekkuchcinski.pl\/?s={search_term_string}"},"query-input":{"@type":"PropertyValueSpecification","valueRequired":true,"valueName":"search_term_string"}}],"inLanguage":"sk-SK"},{"@type":"Organization","@id":"https:\/\/marekkuchcinski.pl\/#organization","name":"Marek Kuchci\u0144ski","url":"https:\/\/marekkuchcinski.pl\/","logo":{"@type":"ImageObject","inLanguage":"sk-SK","@id":"https:\/\/marekkuchcinski.pl\/#\/schema\/logo\/image\/","url":"https:\/\/marekkuchcinski.pl\/wp-content\/uploads\/2022\/09\/Marek.jpg","contentUrl":"https:\/\/marekkuchcinski.pl\/wp-content\/uploads\/2022\/09\/Marek.jpg","width":1600,"height":971,"caption":"Marek Kuchci\u0144ski"},"image":{"@id":"https:\/\/marekkuchcinski.pl\/#\/schema\/logo\/image\/"}},{"@type":"Person","@id":"https:\/\/marekkuchcinski.pl\/#\/schema\/person\/6f62700996b4d950b6ea2d1183b6c6be","name":"admin","image":{"@type":"ImageObject","inLanguage":"sk-SK","@id":"https:\/\/marekkuchcinski.pl\/#\/schema\/person\/image\/","url":"https:\/\/secure.gravatar.com\/avatar\/4bab693b9d55c3d6b52c0296a8765085?s=96&d=mm&r=g","contentUrl":"https:\/\/secure.gravatar.com\/avatar\/4bab693b9d55c3d6b52c0296a8765085?s=96&d=mm&r=g","caption":"admin"},"url":"https:\/\/marekkuchcinski.pl\/sk\/author\/marta-olejnik\/"}]}},"_links":{"self":[{"href":"https:\/\/marekkuchcinski.pl\/sk\/wp-json\/wp\/v2\/posts\/6919","targetHints":{"allow":["GET"]}}],"collection":[{"href":"https:\/\/marekkuchcinski.pl\/sk\/wp-json\/wp\/v2\/posts"}],"about":[{"href":"https:\/\/marekkuchcinski.pl\/sk\/wp-json\/wp\/v2\/types\/post"}],"author":[{"embeddable":true,"href":"https:\/\/marekkuchcinski.pl\/sk\/wp-json\/wp\/v2\/users\/6"}],"replies":[{"embeddable":true,"href":"https:\/\/marekkuchcinski.pl\/sk\/wp-json\/wp\/v2\/comments?post=6919"}],"version-history":[{"count":1,"href":"https:\/\/marekkuchcinski.pl\/sk\/wp-json\/wp\/v2\/posts\/6919\/revisions"}],"predecessor-version":[{"id":6921,"href":"https:\/\/marekkuchcinski.pl\/sk\/wp-json\/wp\/v2\/posts\/6919\/revisions\/6921"}],"wp:featuredmedia":[{"embeddable":true,"href":"https:\/\/marekkuchcinski.pl\/sk\/wp-json\/wp\/v2\/media\/6920"}],"wp:attachment":[{"href":"https:\/\/marekkuchcinski.pl\/sk\/wp-json\/wp\/v2\/media?parent=6919"}],"wp:term":[{"taxonomy":"category","embeddable":true,"href":"https:\/\/marekkuchcinski.pl\/sk\/wp-json\/wp\/v2\/categories?post=6919"},{"taxonomy":"post_tag","embeddable":true,"href":"https:\/\/marekkuchcinski.pl\/sk\/wp-json\/wp\/v2\/tags?post=6919"}],"curies":[{"name":"wp","href":"https:\/\/api.w.org\/{rel}","templated":true}]}}