{"id":6834,"date":"2017-07-02T14:02:36","date_gmt":"2017-07-02T12:02:36","guid":{"rendered":"https:\/\/marekkuchcinski.pl\/?p=6834"},"modified":"2017-07-02T15:17:38","modified_gmt":"2017-07-02T13:17:38","slug":"marszalek-sejmu-jako-narody-musimy-wybrac-droge-szlachetnosci-odwaznie-chroniac-dla-czlowieka-najwazniejsze-godnosc","status":"publish","type":"post","link":"https:\/\/marekkuchcinski.pl\/sk\/wydarzenia\/marszalek-sejmu-jako-narody-musimy-wybrac-droge-szlachetnosci-odwaznie-chroniac-dla-czlowieka-najwazniejsze-godnosc\/","title":{"rendered":"Predseda Sejmu: Ako n\u00e1rody si mus\u00edme vybra\u0165 cestu \u0161\u013eachetnosti a odv\u00e1\u017ene chr\u00e1ni\u0165 to, \u010do je pre \u010dloveka najd\u00f4le\u017eitej\u0161ie: d\u00f4stojnos\u0165."},"content":{"rendered":"<p>Odovzdanie predsedn\u00edctva Vy\u0161ehradskej skupiny Ma\u010farsku sprev\u00e1dzali znamenia \u010dasu, kres\u0165ansk\u00e1 symbolika, odr\u00e1\u017eaj\u00faca silu a hodnoty nielen na\u0161ich kore\u0148ov, ale aj po\u013esko-ma\u010farsk\u00fa bl\u00edzkos\u0165 a spolo\u010dn\u00fa, neoddelite\u013en\u00fa hist\u00f3riu.<\/p>\n<p>Pri otvoren\u00ed v\u00fdstavy venovanej sv\u00e4t\u00e9mu Ladislavovi predseda Sejmu pripomenul, \u017ee <em>Kres\u0165anstvo pri\u0161lo do strednej Eur\u00f3py v storo\u010d\u00ed pred vl\u00e1dou sv\u00e4t\u00e9ho Ladislava, ke\u010f vznikli na\u0161e \u0161t\u00e1ty: Uhorsko a Po\u013esko, ale aj \u010cechy alebo Chorv\u00e1tske kr\u00e1\u013eovstvo. Sv\u00e4t\u00fd Ladislav sa stal v o\u010diach svojich s\u00fa\u010dasn\u00edkov symbolom kres\u0165ansk\u00fdch a rytierskych cnost\u00ed na cel\u00e9 st\u00e1ro\u010dia a t\u00e1to v\u00fdstava a na\u0161e dne\u0161n\u00e9 stretnutie s\u00fa toho najlep\u0161\u00edm d\u00f4kazom. Sv\u00e4t\u00fd Ladislav, ktor\u00e9ho matka bola Po\u013eka a prababi\u010dka \u010desk\u00e1 princezn\u00e1 Dabrowka, man\u017eelka prv\u00e9ho kres\u0165ansk\u00e9ho panovn\u00edka Po\u013eska - knie\u017ea\u0165a Mieszka, v sebe zosob\u0148uje hist\u00f3riu vy\u0161ehradsk\u00fdch vz\u0165ahov a spolupr\u00e1ce.<\/em><\/p>\n<p>Miesto v\u00fdstavy nebolo n\u00e1hodn\u00e9 - expoz\u00edcia st\u00e1la v Krakove medzi Kostolom sv\u00e4t\u00e9ho Andreja - jedin\u00fdm kostolom, ktor\u00fd v t\u00fdch \u010dasoch pre\u017eil vp\u00e1dy do Eur\u00f3py - a pomn\u00edkom Piotra Skargu, ktor\u00fd, ako zd\u00f4raznil re\u010dn\u00edk: <em>poukazuje na smer, ktor\u00fdm by sme sa mali ubera\u0165 ako n\u00e1rody, ktor\u00fdm z\u00e1le\u017e\u00ed na u\u0161\u013eachtilosti a odv\u00e1\u017ene chr\u00e1ni\u0165 to, \u010do je pre \u010dloveka najd\u00f4le\u017eitej\u0161ie: d\u00f4stojnos\u0165.<\/em><\/p>\n<p>Predsedu parlamentu sprev\u00e1dzal predseda ma\u010farsk\u00e9ho parlamentu<strong>\u00a0<\/strong>L\u00e1szl\u00f3 K\u00f6v\u00e9r, poslanci a ma\u010farsk\u00ed p\u00fatnici na Jasnej Hore.<\/p>\n<p><a href=\"https:\/\/marekkuchcinski.pl\/wp-content\/uploads\/2017\/07\/KU170248.jpg\"><img fetchpriority=\"high\" decoding=\"async\" class=\"alignnone size-full wp-image-6835\" src=\"https:\/\/marekkuchcinski.pl\/wp-content\/uploads\/2017\/07\/KU170248.jpg\" alt=\"KU170248\" width=\"800\" height=\"534\" srcset=\"https:\/\/marekkuchcinski.pl\/wp-content\/uploads\/2017\/07\/KU170248.jpg 800w, https:\/\/marekkuchcinski.pl\/wp-content\/uploads\/2017\/07\/KU170248-300x200.jpg 300w, https:\/\/marekkuchcinski.pl\/wp-content\/uploads\/2017\/07\/KU170248-768x513.jpg 768w\" sizes=\"(max-width: 800px) 100vw, 800px\" \/><\/a><a href=\"https:\/\/marekkuchcinski.pl\/wp-content\/uploads\/2017\/07\/KU170352.jpg\"><img decoding=\"async\" class=\"alignnone size-full wp-image-6836\" src=\"https:\/\/marekkuchcinski.pl\/wp-content\/uploads\/2017\/07\/KU170352.jpg\" alt=\"KU170352\" width=\"2736\" height=\"1824\" srcset=\"https:\/\/marekkuchcinski.pl\/wp-content\/uploads\/2017\/07\/KU170352.jpg 2048w, https:\/\/marekkuchcinski.pl\/wp-content\/uploads\/2017\/07\/KU170352-300x200.jpg 300w, https:\/\/marekkuchcinski.pl\/wp-content\/uploads\/2017\/07\/KU170352-768x512.jpg 768w, https:\/\/marekkuchcinski.pl\/wp-content\/uploads\/2017\/07\/KU170352-1024x683.jpg 1024w\" sizes=\"(max-width: 2736px) 100vw, 2736px\" \/><\/a> <a href=\"https:\/\/marekkuchcinski.pl\/wp-content\/uploads\/2017\/07\/KU170463.jpg\"><img decoding=\"async\" class=\"alignnone size-full wp-image-6871\" src=\"https:\/\/marekkuchcinski.pl\/wp-content\/uploads\/2017\/07\/KU170463.jpg\" alt=\"KU170463\" width=\"800\" height=\"535\" srcset=\"https:\/\/marekkuchcinski.pl\/wp-content\/uploads\/2017\/07\/KU170463.jpg 800w, https:\/\/marekkuchcinski.pl\/wp-content\/uploads\/2017\/07\/KU170463-300x201.jpg 300w, https:\/\/marekkuchcinski.pl\/wp-content\/uploads\/2017\/07\/KU170463-768x514.jpg 768w\" sizes=\"(max-width: 800px) 100vw, 800px\" \/><\/a><a href=\"https:\/\/marekkuchcinski.pl\/wp-content\/uploads\/2017\/07\/KU170337.jpg\"><img loading=\"lazy\" decoding=\"async\" class=\"alignnone wp-image-6837 size-full\" src=\"https:\/\/marekkuchcinski.pl\/wp-content\/uploads\/2017\/07\/KU170337-e1498996843463.jpg\" alt=\"KU170337\" width=\"1824\" height=\"2736\" srcset=\"https:\/\/marekkuchcinski.pl\/wp-content\/uploads\/2017\/07\/KU170337-e1498996843463.jpg 1365w, https:\/\/marekkuchcinski.pl\/wp-content\/uploads\/2017\/07\/KU170337-e1498996843463-200x300.jpg 200w, https:\/\/marekkuchcinski.pl\/wp-content\/uploads\/2017\/07\/KU170337-e1498996843463-768x1152.jpg 768w, https:\/\/marekkuchcinski.pl\/wp-content\/uploads\/2017\/07\/KU170337-e1498996843463-683x1024.jpg 683w\" sizes=\"(max-width: 1824px) 100vw, 1824px\" \/><\/a><a href=\"https:\/\/marekkuchcinski.pl\/wp-content\/uploads\/2017\/07\/DSCF4964.jpg\"><img loading=\"lazy\" decoding=\"async\" class=\"alignnone wp-image-6849\" src=\"https:\/\/marekkuchcinski.pl\/wp-content\/uploads\/2017\/07\/DSCF4892.jpg\" alt=\"DSCF4892\" width=\"607\" height=\"1077\" srcset=\"https:\/\/marekkuchcinski.pl\/wp-content\/uploads\/2017\/07\/DSCF4892.jpg 451w, https:\/\/marekkuchcinski.pl\/wp-content\/uploads\/2017\/07\/DSCF4892-169x300.jpg 169w\" sizes=\"(max-width: 607px) 100vw, 607px\" \/><img loading=\"lazy\" decoding=\"async\" class=\"alignnone size-full wp-image-6845\" src=\"https:\/\/marekkuchcinski.pl\/wp-content\/uploads\/2017\/07\/DSCF4964.jpg\" alt=\"DSCF4964\" width=\"800\" height=\"451\" srcset=\"https:\/\/marekkuchcinski.pl\/wp-content\/uploads\/2017\/07\/DSCF4964.jpg 800w, https:\/\/marekkuchcinski.pl\/wp-content\/uploads\/2017\/07\/DSCF4964-300x169.jpg 300w, https:\/\/marekkuchcinski.pl\/wp-content\/uploads\/2017\/07\/DSCF4964-768x433.jpg 768w\" sizes=\"(max-width: 800px) 100vw, 800px\" \/><\/a> <a href=\"https:\/\/marekkuchcinski.pl\/wp-content\/uploads\/2017\/07\/DSCF4961.jpg\"><img loading=\"lazy\" decoding=\"async\" class=\"alignnone size-full wp-image-6846\" src=\"https:\/\/marekkuchcinski.pl\/wp-content\/uploads\/2017\/07\/DSCF4961.jpg\" alt=\"DSCF4961\" width=\"800\" height=\"451\" srcset=\"https:\/\/marekkuchcinski.pl\/wp-content\/uploads\/2017\/07\/DSCF4961.jpg 800w, https:\/\/marekkuchcinski.pl\/wp-content\/uploads\/2017\/07\/DSCF4961-300x169.jpg 300w, https:\/\/marekkuchcinski.pl\/wp-content\/uploads\/2017\/07\/DSCF4961-768x433.jpg 768w\" sizes=\"(max-width: 800px) 100vw, 800px\" \/><\/a> <a href=\"https:\/\/marekkuchcinski.pl\/wp-content\/uploads\/2017\/07\/DSCF4920.jpg\"><img loading=\"lazy\" decoding=\"async\" class=\"alignnone size-full wp-image-6847\" src=\"https:\/\/marekkuchcinski.pl\/wp-content\/uploads\/2017\/07\/DSCF4920.jpg\" alt=\"DSCF4920\" width=\"800\" height=\"535\" srcset=\"https:\/\/marekkuchcinski.pl\/wp-content\/uploads\/2017\/07\/DSCF4920.jpg 800w, https:\/\/marekkuchcinski.pl\/wp-content\/uploads\/2017\/07\/DSCF4920-300x201.jpg 300w, https:\/\/marekkuchcinski.pl\/wp-content\/uploads\/2017\/07\/DSCF4920-768x514.jpg 768w\" sizes=\"(max-width: 800px) 100vw, 800px\" \/><\/a> <a href=\"https:\/\/marekkuchcinski.pl\/wp-content\/uploads\/2017\/07\/DSCF4846.jpg\"><img loading=\"lazy\" decoding=\"async\" class=\"alignnone size-full wp-image-6851\" src=\"https:\/\/marekkuchcinski.pl\/wp-content\/uploads\/2017\/07\/DSCF4846.jpg\" alt=\"DSCF4846\" width=\"800\" height=\"534\" srcset=\"https:\/\/marekkuchcinski.pl\/wp-content\/uploads\/2017\/07\/DSCF4846.jpg 800w, https:\/\/marekkuchcinski.pl\/wp-content\/uploads\/2017\/07\/DSCF4846-300x200.jpg 300w, https:\/\/marekkuchcinski.pl\/wp-content\/uploads\/2017\/07\/DSCF4846-768x513.jpg 768w\" sizes=\"(max-width: 800px) 100vw, 800px\" \/><\/a> <a href=\"https:\/\/marekkuchcinski.pl\/wp-content\/uploads\/2017\/07\/DSCF4825.jpg\"><img loading=\"lazy\" decoding=\"async\" class=\"alignnone size-full wp-image-6852\" src=\"https:\/\/marekkuchcinski.pl\/wp-content\/uploads\/2017\/07\/DSCF4825.jpg\" alt=\"DSCF4825\" width=\"800\" height=\"451\" srcset=\"https:\/\/marekkuchcinski.pl\/wp-content\/uploads\/2017\/07\/DSCF4825.jpg 800w, https:\/\/marekkuchcinski.pl\/wp-content\/uploads\/2017\/07\/DSCF4825-300x169.jpg 300w, https:\/\/marekkuchcinski.pl\/wp-content\/uploads\/2017\/07\/DSCF4825-768x433.jpg 768w\" sizes=\"(max-width: 800px) 100vw, 800px\" \/><\/a><a href=\"https:\/\/marekkuchcinski.pl\/wp-content\/uploads\/2017\/07\/KU179344.jpg\"><img loading=\"lazy\" decoding=\"async\" class=\"alignnone size-full wp-image-6839\" src=\"https:\/\/marekkuchcinski.pl\/wp-content\/uploads\/2017\/07\/KU179344.jpg\" alt=\"KU179344\" width=\"2736\" height=\"1824\" srcset=\"https:\/\/marekkuchcinski.pl\/wp-content\/uploads\/2017\/07\/KU179344.jpg 2048w, https:\/\/marekkuchcinski.pl\/wp-content\/uploads\/2017\/07\/KU179344-300x200.jpg 300w, https:\/\/marekkuchcinski.pl\/wp-content\/uploads\/2017\/07\/KU179344-768x512.jpg 768w, https:\/\/marekkuchcinski.pl\/wp-content\/uploads\/2017\/07\/KU179344-1024x683.jpg 1024w\" sizes=\"(max-width: 2736px) 100vw, 2736px\" \/><\/a> <a href=\"https:\/\/marekkuchcinski.pl\/wp-content\/uploads\/2017\/07\/KU179391.jpg\"><img loading=\"lazy\" decoding=\"async\" class=\"alignnone size-full wp-image-6838\" src=\"https:\/\/marekkuchcinski.pl\/wp-content\/uploads\/2017\/07\/KU179391.jpg\" alt=\"KU179391\" width=\"2736\" height=\"1824\" srcset=\"https:\/\/marekkuchcinski.pl\/wp-content\/uploads\/2017\/07\/KU179391.jpg 2048w, https:\/\/marekkuchcinski.pl\/wp-content\/uploads\/2017\/07\/KU179391-300x200.jpg 300w, https:\/\/marekkuchcinski.pl\/wp-content\/uploads\/2017\/07\/KU179391-768x512.jpg 768w, https:\/\/marekkuchcinski.pl\/wp-content\/uploads\/2017\/07\/KU179391-1024x683.jpg 1024w\" sizes=\"(max-width: 2736px) 100vw, 2736px\" \/><\/a> <a href=\"https:\/\/marekkuchcinski.pl\/wp-content\/uploads\/2017\/07\/KU178751.jpg\"><img loading=\"lazy\" decoding=\"async\" class=\"alignnone size-full wp-image-6841\" src=\"https:\/\/marekkuchcinski.pl\/wp-content\/uploads\/2017\/07\/KU178751.jpg\" alt=\"KU178751\" width=\"2736\" height=\"1824\" srcset=\"https:\/\/marekkuchcinski.pl\/wp-content\/uploads\/2017\/07\/KU178751.jpg 2048w, https:\/\/marekkuchcinski.pl\/wp-content\/uploads\/2017\/07\/KU178751-300x200.jpg 300w, https:\/\/marekkuchcinski.pl\/wp-content\/uploads\/2017\/07\/KU178751-768x512.jpg 768w, https:\/\/marekkuchcinski.pl\/wp-content\/uploads\/2017\/07\/KU178751-1024x683.jpg 1024w\" sizes=\"(max-width: 2736px) 100vw, 2736px\" \/><\/a><\/p>","protected":false},"excerpt":{"rendered":"<p>Przekazaniu prezydencji w Grupie Wyszehradzkiej W\u0119grom towarzyszy\u0142y znaki czasu, chrze\u015bcija\u0144ska symbolika, oddaj\u0105ca si\u0142\u0119 i warto\u015bci nie tylko naszych korzeni, ale te\u017c polsko-w\u0119gierskiej blisko\u015bci, wsp\u00f3lnej, nierozerwalnej historii. Otwieraj\u0105c wystaw\u0119 po\u015bwi\u0119con\u0105 \u015bwi\u0119temu W\u0142adys\u0142awowi, marsza\u0142ek Sejmu przypomnia\u0142, \u017ce do Europy \u015arodkowej chrze\u015bcija\u0144stwo dotar\u0142o w stuleciu poprzedzaj\u0105cym panowanie \u015bw. W\u0142adys\u0142awa, kiedy powstawa\u0142y nasze pa\u0144stwa: W\u0119gry i Polska, ale tak\u017ce [&hellip;]<\/p>\n","protected":false},"author":6,"featured_media":6871,"comment_status":"open","ping_status":"open","sticky":false,"template":"","format":"standard","meta":{"ngg_post_thumbnail":0,"footnotes":""},"categories":[50,3],"tags":[],"class_list":["post-6834","post","type-post","status-publish","format-standard","has-post-thumbnail","hentry","category-wspolpraca-miedzynarodowa","category-wydarzenia"],"_links":{"self":[{"href":"https:\/\/marekkuchcinski.pl\/sk\/wp-json\/wp\/v2\/posts\/6834","targetHints":{"allow":["GET"]}}],"collection":[{"href":"https:\/\/marekkuchcinski.pl\/sk\/wp-json\/wp\/v2\/posts"}],"about":[{"href":"https:\/\/marekkuchcinski.pl\/sk\/wp-json\/wp\/v2\/types\/post"}],"author":[{"embeddable":true,"href":"https:\/\/marekkuchcinski.pl\/sk\/wp-json\/wp\/v2\/users\/6"}],"replies":[{"embeddable":true,"href":"https:\/\/marekkuchcinski.pl\/sk\/wp-json\/wp\/v2\/comments?post=6834"}],"version-history":[{"count":6,"href":"https:\/\/marekkuchcinski.pl\/sk\/wp-json\/wp\/v2\/posts\/6834\/revisions"}],"predecessor-version":[{"id":6873,"href":"https:\/\/marekkuchcinski.pl\/sk\/wp-json\/wp\/v2\/posts\/6834\/revisions\/6873"}],"wp:featuredmedia":[{"embeddable":true,"href":"https:\/\/marekkuchcinski.pl\/sk\/wp-json\/wp\/v2\/media\/6871"}],"wp:attachment":[{"href":"https:\/\/marekkuchcinski.pl\/sk\/wp-json\/wp\/v2\/media?parent=6834"}],"wp:term":[{"taxonomy":"category","embeddable":true,"href":"https:\/\/marekkuchcinski.pl\/sk\/wp-json\/wp\/v2\/categories?post=6834"},{"taxonomy":"post_tag","embeddable":true,"href":"https:\/\/marekkuchcinski.pl\/sk\/wp-json\/wp\/v2\/tags?post=6834"}],"curies":[{"name":"wp","href":"https:\/\/api.w.org\/{rel}","templated":true}]}}