{"id":6812,"date":"2017-06-28T22:54:28","date_gmt":"2017-06-28T20:54:28","guid":{"rendered":"https:\/\/marekkuchcinski.pl\/?p=6812"},"modified":"2017-06-30T11:01:44","modified_gmt":"2017-06-30T09:01:44","slug":"6812","status":"publish","type":"post","link":"https:\/\/marekkuchcinski.pl\/sk\/wydarzenia\/6812\/","title":{"rendered":"25. zasadnutie ministrov \u017eivotn\u00e9ho prostredia Vy\u0161ehradskej skupiny"},"content":{"rendered":"<p>Po\u010das dvojd\u0148ov\u00e9ho stretnutia v Zakopanom ministri \u017eivotn\u00e9ho prostredia kraj\u00edn V4 a Bulharska diskutovali okrem in\u00e9ho o oblastiach Natura 2000, kvalite ovzdu\u0161ia, biodiverzite a v\u00fdzvach klimatickej a energetickej politiky. Po\u010das 25. zasadnutia na tejto \u00farovni vyst\u00fapil predseda Sejmu Marek Kuchci\u0144ski, ktor\u00fd pripomenul cestu, ktor\u00fa Vy\u0161ehradsk\u00e1 skupina pre\u0161la, aby sa stala v\u00fdznamn\u00fdm partnerom v Eur\u00f3pe:<br \/>\n<em>Ke\u010f sme pred pribli\u017ene desiatimi rokmi za\u010dali akt\u00edvne pracova\u0165 na spolupr\u00e1ci v r\u00e1mci strednej Eur\u00f3py, a to nielen v r\u00e1mci Vy\u0161ehradskej skupiny, in\u0161pirovali a viedli n\u00e1s ministri \u017eivotn\u00e9ho prostredia, vr\u00e1tane Karpatsk\u00e9ho dohovoru. Z\u00e1klady spolupr\u00e1ce medzi na\u0161imi krajinami, komunitami a prostred\u00edm na z\u00e1klade trvalo udr\u017eate\u013en\u00e9ho rozvoja sa tak roz\u0161\u00edrili do v\u0161etk\u00fdch oblast\u00ed na\u0161ej \u010dinnosti. V posledn\u00fdch rokoch\u00a0<span class=\"text_exposed_show\">Je zrejm\u00e9, \u017ee v\u00fdznam strednej Eur\u00f3py rastie, ak sa posiln\u00ed spolupr\u00e1ca, vr\u00e1tane spolupr\u00e1ce kraj\u00edn Vy\u0161ehradskej skupiny. A najlep\u0161ie to dokazuj\u00fa tak\u00e9 v\u00fdzvy alebo glob\u00e1lne \u00falohy, ako je klimatick\u00e1 politika alebo Natura 2000 v Eur\u00f3pe. Jasne vid\u00edme, \u017ee spolupr\u00e1ca v oblasti ochrany \u017eivotn\u00e9ho prostredia sa net\u00fdka len ochrany pr\u00edrody alebo ochrany ovzdu\u0161ia \u010di kl\u00edmy. Ak sa v\u0161ak stretneme na parlamentnej \u00farovni s hlavami \u0161t\u00e1tov, stredoeur\u00f3pskych parlamentov alebo in\u00fdmi ministrami, je jasn\u00e9, \u017ee z\u00e1kladom je \u010dlovek a odkaz na \u010dloveka a podmienky, v ktor\u00fdch \u017eije.<\/span><\/em><\/p>\n<p><a href=\"https:\/\/marekkuchcinski.pl\/wp-content\/uploads\/2017\/06\/KU178441-001.jpg\"><img fetchpriority=\"high\" decoding=\"async\" class=\"alignnone size-full wp-image-6813\" src=\"https:\/\/marekkuchcinski.pl\/wp-content\/uploads\/2017\/06\/KU178441-001.jpg\" alt=\"KU178441-001\" width=\"800\" height=\"533\" srcset=\"https:\/\/marekkuchcinski.pl\/wp-content\/uploads\/2017\/06\/KU178441-001.jpg 800w, https:\/\/marekkuchcinski.pl\/wp-content\/uploads\/2017\/06\/KU178441-001-300x200.jpg 300w, https:\/\/marekkuchcinski.pl\/wp-content\/uploads\/2017\/06\/KU178441-001-768x512.jpg 768w\" sizes=\"(max-width: 800px) 100vw, 800px\" \/><\/a> <a href=\"https:\/\/marekkuchcinski.pl\/wp-content\/uploads\/2017\/06\/KU178580.jpg\"><img decoding=\"async\" class=\"alignnone size-full wp-image-6814\" src=\"https:\/\/marekkuchcinski.pl\/wp-content\/uploads\/2017\/06\/KU178580.jpg\" alt=\"KU178580\" width=\"800\" height=\"534\" srcset=\"https:\/\/marekkuchcinski.pl\/wp-content\/uploads\/2017\/06\/KU178580.jpg 800w, https:\/\/marekkuchcinski.pl\/wp-content\/uploads\/2017\/06\/KU178580-300x200.jpg 300w, https:\/\/marekkuchcinski.pl\/wp-content\/uploads\/2017\/06\/KU178580-768x513.jpg 768w\" sizes=\"(max-width: 800px) 100vw, 800px\" \/><\/a> <a href=\"https:\/\/marekkuchcinski.pl\/wp-content\/uploads\/2017\/06\/KU178388.jpg\"><img decoding=\"async\" class=\"alignnone size-full wp-image-6815\" src=\"https:\/\/marekkuchcinski.pl\/wp-content\/uploads\/2017\/06\/KU178388.jpg\" alt=\"KU178388\" width=\"800\" height=\"534\" srcset=\"https:\/\/marekkuchcinski.pl\/wp-content\/uploads\/2017\/06\/KU178388.jpg 800w, https:\/\/marekkuchcinski.pl\/wp-content\/uploads\/2017\/06\/KU178388-300x200.jpg 300w, https:\/\/marekkuchcinski.pl\/wp-content\/uploads\/2017\/06\/KU178388-768x513.jpg 768w\" sizes=\"(max-width: 800px) 100vw, 800px\" \/><\/a><a href=\"https:\/\/marekkuchcinski.pl\/wp-content\/uploads\/2017\/06\/KU178381.jpg\"><img loading=\"lazy\" decoding=\"async\" class=\"alignnone size-full wp-image-6816\" src=\"https:\/\/marekkuchcinski.pl\/wp-content\/uploads\/2017\/06\/KU178381.jpg\" alt=\"KU178381\" width=\"2736\" height=\"1824\" srcset=\"https:\/\/marekkuchcinski.pl\/wp-content\/uploads\/2017\/06\/KU178381.jpg 2048w, https:\/\/marekkuchcinski.pl\/wp-content\/uploads\/2017\/06\/KU178381-300x200.jpg 300w, https:\/\/marekkuchcinski.pl\/wp-content\/uploads\/2017\/06\/KU178381-768x512.jpg 768w, https:\/\/marekkuchcinski.pl\/wp-content\/uploads\/2017\/06\/KU178381-1024x683.jpg 1024w\" sizes=\"(max-width: 2736px) 100vw, 2736px\" \/><\/a> <a href=\"https:\/\/marekkuchcinski.pl\/wp-content\/uploads\/2017\/06\/KU178570.jpg\"><img loading=\"lazy\" decoding=\"async\" class=\"alignnone size-full wp-image-6817\" src=\"https:\/\/marekkuchcinski.pl\/wp-content\/uploads\/2017\/06\/KU178570.jpg\" alt=\"KU178570\" width=\"2736\" height=\"1824\" srcset=\"https:\/\/marekkuchcinski.pl\/wp-content\/uploads\/2017\/06\/KU178570.jpg 2048w, https:\/\/marekkuchcinski.pl\/wp-content\/uploads\/2017\/06\/KU178570-300x200.jpg 300w, https:\/\/marekkuchcinski.pl\/wp-content\/uploads\/2017\/06\/KU178570-768x512.jpg 768w, https:\/\/marekkuchcinski.pl\/wp-content\/uploads\/2017\/06\/KU178570-1024x683.jpg 1024w\" sizes=\"(max-width: 2736px) 100vw, 2736px\" \/><\/a>Zakopan\u00e9, 25. stretnutie ministrov \u017eivotn\u00e9ho prostredia\u00a0<a class=\"_58cn\" href=\"https:\/\/www.facebook.com\/hashtag\/v4?source=feed_text&amp;story_id=1932367736979446\" data-ft=\"{&quot;tn&quot;:&quot;*N&quot;,&quot;type&quot;:104}\"><span class=\"_5afx\"><span class=\"_58cl _5afz\">#<\/span><span class=\"_58cm\">V4<\/span><\/span><\/a>\u00a0a Bulharsku.<br \/>\nKe\u010f sme pred pribli\u017ene desiatimi rokmi za\u010dali akt\u00edvne pracova\u0165 na spolupr\u00e1ci v r\u00e1mci strednej Eur\u00f3py, a to nielen v r\u00e1mci Vy\u0161ehradskej skupiny, in\u0161pirovali a viedli n\u00e1s ministri \u017eivotn\u00e9ho prostredia, vr\u00e1tane Karpatsk\u00e9ho dohovoru. Z\u00e1klady spolupr\u00e1ce medzi na\u0161imi krajinami, komunitami a prostred\u00edm na z\u00e1klade trvalo udr\u017eate\u013en\u00e9ho rozvoja sa tak roz\u0161\u00edrili do v\u0161etk\u00fdch oblast\u00ed na\u0161ej \u010dinnosti. V posledn\u00fdch rokoch\u00a0<span class=\"text_exposed_show\">Je zrejm\u00e9, \u017ee v\u00fdznam strednej Eur\u00f3py rastie, ak sa posiln\u00ed spolupr\u00e1ca, vr\u00e1tane spolupr\u00e1ce kraj\u00edn Vy\u0161ehradskej skupiny. A najlep\u0161ie to dokazuj\u00fa tak\u00e9 v\u00fdzvy alebo glob\u00e1lne \u00falohy, ako je klimatick\u00e1 politika alebo Natura 2000 v Eur\u00f3pe. Jasne vid\u00edme, \u017ee spolupr\u00e1ca v oblasti ochrany \u017eivotn\u00e9ho prostredia sa net\u00fdka len ochrany pr\u00edrody alebo ochrany ovzdu\u0161ia \u010di kl\u00edmy. Ak sa v\u0161ak stretneme na parlamentnej \u00farovni s hlavami \u0161t\u00e1tov, stredoeur\u00f3pskych parlamentov alebo in\u00fdmi ministrami, je jasn\u00e9, \u017ee z\u00e1kladom je \u010dlovek a odkaz na \u010dloveka a podmienky, v ktor\u00fdch \u017eije.<\/span><\/p>","protected":false},"excerpt":{"rendered":"<p>Podczas dwudniowych obrad w Zakopanem ministrowie \u015brodowiska grupy V4 i Bu\u0142garii rozmawiali m.in. o obszarach Natura 2000, jako\u015bci powietrza, r\u00f3\u017cnorodno\u015bci biologicznej i wyzwaniach w zakresie polityki klimatyczno-energetycznej. Podczas 25. spotkania na tym szczeblu g\u0142os zabra\u0142 marsza\u0142ek Sejmu Marek Kuchci\u0144ski, kt\u00f3ry przypomnia\u0142 drog\u0119, jak\u0105 przesz\u0142a Grupa Wyszehradzka, by sta\u0107 si\u0119 licz\u0105cym w Europie partnerem: Kilkana\u015bcie lat [&hellip;]<\/p>\n","protected":false},"author":6,"featured_media":6813,"comment_status":"open","ping_status":"open","sticky":false,"template":"","format":"standard","meta":{"ngg_post_thumbnail":0,"footnotes":""},"categories":[50,3],"tags":[],"class_list":["post-6812","post","type-post","status-publish","format-standard","has-post-thumbnail","hentry","category-wspolpraca-miedzynarodowa","category-wydarzenia"],"_links":{"self":[{"href":"https:\/\/marekkuchcinski.pl\/sk\/wp-json\/wp\/v2\/posts\/6812","targetHints":{"allow":["GET"]}}],"collection":[{"href":"https:\/\/marekkuchcinski.pl\/sk\/wp-json\/wp\/v2\/posts"}],"about":[{"href":"https:\/\/marekkuchcinski.pl\/sk\/wp-json\/wp\/v2\/types\/post"}],"author":[{"embeddable":true,"href":"https:\/\/marekkuchcinski.pl\/sk\/wp-json\/wp\/v2\/users\/6"}],"replies":[{"embeddable":true,"href":"https:\/\/marekkuchcinski.pl\/sk\/wp-json\/wp\/v2\/comments?post=6812"}],"version-history":[{"count":2,"href":"https:\/\/marekkuchcinski.pl\/sk\/wp-json\/wp\/v2\/posts\/6812\/revisions"}],"predecessor-version":[{"id":6819,"href":"https:\/\/marekkuchcinski.pl\/sk\/wp-json\/wp\/v2\/posts\/6812\/revisions\/6819"}],"wp:featuredmedia":[{"embeddable":true,"href":"https:\/\/marekkuchcinski.pl\/sk\/wp-json\/wp\/v2\/media\/6813"}],"wp:attachment":[{"href":"https:\/\/marekkuchcinski.pl\/sk\/wp-json\/wp\/v2\/media?parent=6812"}],"wp:term":[{"taxonomy":"category","embeddable":true,"href":"https:\/\/marekkuchcinski.pl\/sk\/wp-json\/wp\/v2\/categories?post=6812"},{"taxonomy":"post_tag","embeddable":true,"href":"https:\/\/marekkuchcinski.pl\/sk\/wp-json\/wp\/v2\/tags?post=6812"}],"curies":[{"name":"wp","href":"https:\/\/api.w.org\/{rel}","templated":true}]}}