{"id":6589,"date":"2017-05-29T10:34:00","date_gmt":"2017-05-29T08:34:00","guid":{"rendered":"https:\/\/marekkuchcinski.pl\/?p=6589"},"modified":"2017-05-29T10:34:00","modified_gmt":"2017-05-29T08:34:00","slug":"dobra-zmiana-podkarpaciu","status":"publish","type":"post","link":"https:\/\/marekkuchcinski.pl\/sk\/wydarzenia\/dobra-zmiana-podkarpaciu\/","title":{"rendered":"Dobr\u00e1 zmena v Podkarpatsku"},"content":{"rendered":"<p><strong>Parlamentn\u00fd klub Pr\u00e1vo a spravodlivos\u0165 na v\u00fdjazdovom zasadnut\u00ed v Strachocine prijal r\u00e1zne kroky na ur\u00fdchlenie rozvoja Podkarpatska.<\/strong><\/p>\n<p>Program strany vyz\u00fdva na udr\u017eate\u013en\u00fd a vyv\u00e1\u017een\u00fd rozvoj Po\u013eska. Zah\u0155\u0148a predov\u0161etk\u00fdm:<\/p>\n<p>- opatrenia na zv\u00fd\u0161enie dopravnej dostupnosti Podkarpatsk\u00e9ho regi\u00f3nu prostredn\u00edctvom okam\u017eitej realiz\u00e1cie cestn\u00fdch a \u017eelezni\u010dn\u00fdch invest\u00edci\u00ed, napr. Via Carpatia, rozvoj dopravn\u00fdch spojen\u00ed so Slovenskom alebo hrani\u010dn\u00fdch priechodov s Ukrajinou,<\/p>\n<p>- rekon\u0161trukcia a rozvoj ropn\u00e9ho, plyn\u00e1rensk\u00e9ho a rafin\u00e9rskeho priemyslu,<\/p>\n<p>- rozvoj po\u013enohospod\u00e1rstva, najm\u00e4 v horsk\u00fdch oblastiach, a zlep\u0161enie situ\u00e1cie rodinn\u00fdch fariem,<\/p>\n<p>- r\u00fdchla realiz\u00e1cia invest\u00edci\u00ed v oblasti vodn\u00e9ho hospod\u00e1rstva a protipovod\u0148ovej ochrany v\u00fdstavbou vodnej n\u00e1dr\u017ee K\u0105ty Myscowa,<\/p>\n<p>- spustenie \u0161portovej a turistickej infra\u0161trukt\u00fary, predov\u0161etk\u00fdm v Bieszczadoch, a rozvoj kult\u00farnych aktiv\u00edt a ochrana n\u00e1\u0161ho n\u00e1rodn\u00e9ho dedi\u010dstva,<\/p>\n<p>- zintenz\u00edvni\u0165 pr\u00e1cu na rozvoji Karp\u00e1t a medzin\u00e1rodnej spolupr\u00e1ce v s\u00favislosti s my\u0161lienkou vytvori\u0165 z regi\u00f3nu siln\u00e9 turistick\u00e9 a kult\u00farne centrum v Eur\u00f3pe.<\/p>\n<p>Strachocina, kde sa narodil sv\u00e4t\u00fd Andrej Bobola, patr\u00f3n Po\u013eska, nav\u0161t\u00edvili okrem in\u00fdch predseda Sejmu Marek Kuchci\u0144ski, predseda strany Pr\u00e1vo a spravodlivos\u0165 (PiS) Ryszard Terlecki a podpredseda Sejmu Joachim Brudzi\u0144ski a predseda strany PiS Jaros\u0142aw Kaczy\u0144ski.<\/p>\n<p>- Politici PiS sa v Strachocine stret\u00e1vaj\u00fa od roku 2005. Sv\u00e4t\u00fd Andrej Bobola je patr\u00f3nom, ktor\u00fd ve\u013emi chr\u00e1ni z\u00e1le\u017eitosti Po\u013eska - preto si ho pripom\u00edname. A je dobr\u00e9, \u017ee v Po\u013esku s\u00fa \u013eudia, ktor\u00ed sa usiluj\u00fa o to, aby bol uznan\u00fd za jedn\u00e9ho z najv\u00fdznamnej\u0161\u00edch po\u013esk\u00fdch sv\u00e4tcov,\" povedal predseda Sejmu.<\/p>\n<p>Poslanci sa z\u00fa\u010dastnili aj na om\u0161i za jednotu vlasti.<\/p>\n<p><a href=\"https:\/\/marekkuchcinski.pl\/wp-content\/uploads\/2017\/05\/DSC_0033.jpg\"><img fetchpriority=\"high\" decoding=\"async\" class=\"alignnone size-full wp-image-6590\" src=\"https:\/\/marekkuchcinski.pl\/wp-content\/uploads\/2017\/05\/DSC_0033.jpg\" alt=\"DSC_0033\" width=\"3008\" height=\"2000\" srcset=\"https:\/\/marekkuchcinski.pl\/wp-content\/uploads\/2017\/05\/DSC_0033.jpg 2048w, https:\/\/marekkuchcinski.pl\/wp-content\/uploads\/2017\/05\/DSC_0033-300x199.jpg 300w, https:\/\/marekkuchcinski.pl\/wp-content\/uploads\/2017\/05\/DSC_0033-768x511.jpg 768w, https:\/\/marekkuchcinski.pl\/wp-content\/uploads\/2017\/05\/DSC_0033-1024x681.jpg 1024w\" sizes=\"(max-width: 3008px) 100vw, 3008px\" \/><\/a> <a href=\"https:\/\/marekkuchcinski.pl\/wp-content\/uploads\/2017\/05\/DSC_0037.jpg\"><img decoding=\"async\" class=\"alignnone size-full wp-image-6591\" src=\"https:\/\/marekkuchcinski.pl\/wp-content\/uploads\/2017\/05\/DSC_0037.jpg\" alt=\"DSC_0037\" width=\"3008\" height=\"2000\" srcset=\"https:\/\/marekkuchcinski.pl\/wp-content\/uploads\/2017\/05\/DSC_0037.jpg 2048w, https:\/\/marekkuchcinski.pl\/wp-content\/uploads\/2017\/05\/DSC_0037-300x199.jpg 300w, https:\/\/marekkuchcinski.pl\/wp-content\/uploads\/2017\/05\/DSC_0037-768x511.jpg 768w, https:\/\/marekkuchcinski.pl\/wp-content\/uploads\/2017\/05\/DSC_0037-1024x681.jpg 1024w\" sizes=\"(max-width: 3008px) 100vw, 3008px\" \/><\/a> <a href=\"https:\/\/marekkuchcinski.pl\/wp-content\/uploads\/2017\/05\/DSC_0040.jpg\"><img decoding=\"async\" class=\"alignnone size-full wp-image-6592\" src=\"https:\/\/marekkuchcinski.pl\/wp-content\/uploads\/2017\/05\/DSC_0040.jpg\" alt=\"DSC_0040\" width=\"3008\" height=\"2000\" srcset=\"https:\/\/marekkuchcinski.pl\/wp-content\/uploads\/2017\/05\/DSC_0040.jpg 2048w, https:\/\/marekkuchcinski.pl\/wp-content\/uploads\/2017\/05\/DSC_0040-300x199.jpg 300w, https:\/\/marekkuchcinski.pl\/wp-content\/uploads\/2017\/05\/DSC_0040-768x511.jpg 768w, https:\/\/marekkuchcinski.pl\/wp-content\/uploads\/2017\/05\/DSC_0040-1024x681.jpg 1024w\" sizes=\"(max-width: 3008px) 100vw, 3008px\" \/><\/a> <a href=\"https:\/\/marekkuchcinski.pl\/wp-content\/uploads\/2017\/05\/DSC_0045.jpg\"><img loading=\"lazy\" decoding=\"async\" class=\"alignnone size-full wp-image-6594\" src=\"https:\/\/marekkuchcinski.pl\/wp-content\/uploads\/2017\/05\/DSC_0045.jpg\" alt=\"DSC_0045\" width=\"3008\" height=\"2000\" srcset=\"https:\/\/marekkuchcinski.pl\/wp-content\/uploads\/2017\/05\/DSC_0045.jpg 2048w, https:\/\/marekkuchcinski.pl\/wp-content\/uploads\/2017\/05\/DSC_0045-300x199.jpg 300w, https:\/\/marekkuchcinski.pl\/wp-content\/uploads\/2017\/05\/DSC_0045-768x511.jpg 768w, https:\/\/marekkuchcinski.pl\/wp-content\/uploads\/2017\/05\/DSC_0045-1024x681.jpg 1024w\" sizes=\"(max-width: 3008px) 100vw, 3008px\" \/><\/a> <a href=\"https:\/\/marekkuchcinski.pl\/wp-content\/uploads\/2017\/05\/DSC_0048.jpg\"><img loading=\"lazy\" decoding=\"async\" class=\"alignnone size-full wp-image-6596\" src=\"https:\/\/marekkuchcinski.pl\/wp-content\/uploads\/2017\/05\/DSC_0048.jpg\" alt=\"DSC_0048\" width=\"3008\" height=\"2000\" srcset=\"https:\/\/marekkuchcinski.pl\/wp-content\/uploads\/2017\/05\/DSC_0048.jpg 2048w, https:\/\/marekkuchcinski.pl\/wp-content\/uploads\/2017\/05\/DSC_0048-300x199.jpg 300w, https:\/\/marekkuchcinski.pl\/wp-content\/uploads\/2017\/05\/DSC_0048-768x511.jpg 768w, https:\/\/marekkuchcinski.pl\/wp-content\/uploads\/2017\/05\/DSC_0048-1024x681.jpg 1024w\" sizes=\"(max-width: 3008px) 100vw, 3008px\" \/><\/a><\/p>","protected":false},"excerpt":{"rendered":"<p>Podczas wyjazdowego spotkania w Strachocinie Klub Parlamentarny Prawo i Sprawiedliwo\u015b\u0107 podj\u0105\u0142 stanowcze kroki maj\u0105ce przyspieszy\u0107 rozw\u00f3j Podkarpacia. Program partii zak\u0142ada zr\u00f3wnowa\u017cony i r\u00f3wnomierny rozw\u00f3j Polski. Wpisuj\u0105 si\u0119 w niego przede wszystkim: \u2013 dzia\u0142ania na rzecz zwi\u0119kszenia dost\u0119pno\u015bci komunikacyjnej Podkarpacia poprzez niezw\u0142oczn\u0105 realizacj\u0119 inwestycji drogowych i kolejowych, m.in. Via Carpatia, rozw\u00f3j po\u0142\u0105cze\u0144 komunikacyjnych ze S\u0142owacj\u0105 czy [&hellip;]<\/p>\n","protected":false},"author":6,"featured_media":6602,"comment_status":"open","ping_status":"open","sticky":false,"template":"","format":"standard","meta":{"ngg_post_thumbnail":0,"footnotes":""},"categories":[49,3],"tags":[],"class_list":["post-6589","post","type-post","status-publish","format-standard","has-post-thumbnail","hentry","category-podkarpacie","category-wydarzenia"],"_links":{"self":[{"href":"https:\/\/marekkuchcinski.pl\/sk\/wp-json\/wp\/v2\/posts\/6589","targetHints":{"allow":["GET"]}}],"collection":[{"href":"https:\/\/marekkuchcinski.pl\/sk\/wp-json\/wp\/v2\/posts"}],"about":[{"href":"https:\/\/marekkuchcinski.pl\/sk\/wp-json\/wp\/v2\/types\/post"}],"author":[{"embeddable":true,"href":"https:\/\/marekkuchcinski.pl\/sk\/wp-json\/wp\/v2\/users\/6"}],"replies":[{"embeddable":true,"href":"https:\/\/marekkuchcinski.pl\/sk\/wp-json\/wp\/v2\/comments?post=6589"}],"version-history":[{"count":1,"href":"https:\/\/marekkuchcinski.pl\/sk\/wp-json\/wp\/v2\/posts\/6589\/revisions"}],"predecessor-version":[{"id":6603,"href":"https:\/\/marekkuchcinski.pl\/sk\/wp-json\/wp\/v2\/posts\/6589\/revisions\/6603"}],"wp:featuredmedia":[{"embeddable":true,"href":"https:\/\/marekkuchcinski.pl\/sk\/wp-json\/wp\/v2\/media\/6602"}],"wp:attachment":[{"href":"https:\/\/marekkuchcinski.pl\/sk\/wp-json\/wp\/v2\/media?parent=6589"}],"wp:term":[{"taxonomy":"category","embeddable":true,"href":"https:\/\/marekkuchcinski.pl\/sk\/wp-json\/wp\/v2\/categories?post=6589"},{"taxonomy":"post_tag","embeddable":true,"href":"https:\/\/marekkuchcinski.pl\/sk\/wp-json\/wp\/v2\/tags?post=6589"}],"curies":[{"name":"wp","href":"https:\/\/api.w.org\/{rel}","templated":true}]}}