{"id":65,"date":"2011-08-12T09:02:07","date_gmt":"2011-08-12T07:02:07","guid":{"rendered":"https:\/\/marekkuchcinski.pl\/?p=65"},"modified":"2016-08-25T17:06:39","modified_gmt":"2016-08-25T15:06:39","slug":"relacja-z-uroczystosci-10-sierpnia-w-brzozowie","status":"publish","type":"post","link":"https:\/\/marekkuchcinski.pl\/sk\/wydarzenia\/relacja-z-uroczystosci-10-sierpnia-w-brzozowie\/","title":{"rendered":"Spr\u00e1va o oslav\u00e1ch 10. augusta v Brzoz\u00f3we"},"content":{"rendered":"<p style=\"text-align: justify\"><strong>V stredu 10. augusta nav\u0161t\u00edvil podpredseda po\u013esk\u00e9ho Sejmu Marek Kuchci\u0144ski Brzoz\u00f3w, kde sa z\u00fa\u010dastnil na sv\u00e4tej om\u0161i za vlas\u0165 a za obete tragickej hav\u00e1rie pri Smolensku. <\/strong>Po bohoslu\u017ebe mar\u0161al a poslanci, ktor\u00ed ho sprev\u00e1dzali (sen\u00e1torka Alicja Zaj\u0105c, poslanec Adam \u015anie\u017cek a sen\u00e1tor Stanis\u0142aw Piotrowicz), ako aj miestni obyvatelia a aktivisti samospr\u00e1vy (vr\u00e1tane Tadeusza Pi\u00f3ra, radcu vojvodsk\u00e9ho zhroma\u017edenia, a Henryka Kozika, predsedu okresnej rady Brzoz\u00f3w) polo\u017eili vence a kvety ku kr\u00ed\u017eu v Katyni a k pam\u00e4tnej tabuli obetiam tejto najtragickej\u0161ej leteckej katastrofy v dejin\u00e1ch Po\u013eska. Mar\u0161al Kuchci\u0144ski a poslanci sa potom stretli s obyvate\u013emi mesta.<\/p>\n<p style=\"text-align: justify\">&nbsp;<\/p>\n<p style=\"text-align: justify\"><strong>Po\u010das sv\u00e4tej om\u0161e v historickom Kostole Premenenia P\u00e1na, ktor\u00fa koncelebroval Mons. Eugeniusz Nycz, predniesol mimoriadne vlasteneck\u00fa hom\u00edliu otec Pawe\u0142 Pelc.<\/strong> Apeloval na to, aby n\u00e1\u0161 ob\u010diansky postoj a l\u00e1ska k vlasti boli autentick\u00e9: \"aby vypl\u00fdvali z potreby srdca, a nie z nejak\u00e9ho kalkulu - aby to nebolo len nejak\u00e9 heslo alebo nejak\u00e1 veta vytrhnut\u00e1 z kontextu. K\u0148az upozornil, \u017ee \"str\u00e1\u017ecom a sudcom na\u0161ich s\u0155dc je Kristus, ktor\u00fd pozn\u00e1 \u013eudsk\u00e9 \u00famysly, pozn\u00e1 hodnotu na\u0161ich s\u0155dc a niekedy v bud\u00facnosti bude tieto srdcia s\u00fadi\u0165\".<\/p>\n<p style=\"text-align: justify\">&nbsp;<\/p>\n<p style=\"text-align: justify\">Posledn\u00e9 vety tejto kr\u00e1snej hom\u00edlie boli slov\u00e1 b\u00e1snika: \"Modl\u00edm sa za teba, Po\u013esko, v noci, studen\u00fd, tras\u00faci sa od strachu. Bu\u010fte mi otcom a matkou. Bu\u010fte ne\u017en\u00ed, spravodliv\u00ed a starostliv\u00ed. Bu\u010f mi vo\u0148av\u00fdm chlebom a so\u013eou. Bu\u010f pre m\u0148a len l\u00e1skou, ako je prv\u00e1 prijat\u00e1 Eucharistia.\" Nesk\u00f4r pri\u0161li desiatky obyvate\u013eov Brzozowa do miestneho \u00faradu \"Pr\u00e1vo a spravodlivos\u0165\" na otvoren\u00e9 stretnutie s mar\u0161alom Kuchci\u0144sk\u00fdm a poslancami.<\/p>\n<p style=\"text-align: justify\">{gallery}Brzozow{\/gallery}<\/p>\n<p style=\"text-align: justify\">Prv\u00e1 fotografia z\u013eava: Mar\u0161al Kuchci\u0144ski s poslancami strany Pr\u00e1vo a spravodlivos\u0165 po\u010das modlitby vedenej prel\u00e1tom E. Nyczom pri kr\u00ed\u017ei v Katyni a pam\u00e4tnej tabuli v Smolensku.<\/p>\n<p>&nbsp;<\/p>\n<p>Foto 2: Na stene kostola, ved\u013ea katynsk\u00e9ho kr\u00ed\u017ea, bola umiestnen\u00e1 pam\u00e4tn\u00e1 tabu\u013ea obetiam smolenskej katastrofy.<\/p>\n<p>&nbsp;<\/p>\n<p>Tretia fotografia: Mar\u0161al Kuchci\u0144ski po\u010das prejavu na stretnut\u00ed s obyvate\u013emi Brzozowa.&nbsp;<\/p>\n<p> <!--more--> <\/p>\n<p style=\"text-align: justify\">&nbsp;<\/p>\n<p style=\"text-align: justify\"><strong>Hlavnou t\u00e9mou stretnutia bolo zhrnutie s\u00fa\u010dasn\u00e9ho stavu objas\u0148ovania smolenskej katastrofy.<\/strong> Marek Kuchci\u0144ski vo svojom prejave zd\u00f4raznil, \u017ee \"v\u0161etky inform\u00e1cie z tzv. vl\u00e1dnych spr\u00e1v, ako aj fakty zozbieran\u00e9 Parlamentnou skupinou pre objasnenie katastrofy v Smolensku nazna\u010duj\u00fa, \u017ee pr\u00ed\u010diny tejto trag\u00e9die sa mali h\u013eada\u0165 ove\u013ea sk\u00f4r, ako do\u0161lo k ne\u0161\u0165astiu. Fakty toti\u017e dokazuj\u00fa, \u017ee tento let na oslavy v\u00fdro\u010dia do Katyne, t\u00e1to cesta po\u013esk\u00e9ho prezidenta Lecha Kaczy\u0144sk\u00e9ho a sprev\u00e1dzaj\u00facej po\u010detnej skupiny v\u00fdznamn\u00fdch predstavite\u013eov \u0161t\u00e1tnych org\u00e1nov, po\u013eskej arm\u00e1dy a spolo\u010densk\u00fdch organiz\u00e1ci\u00ed - bola \u00faplne nepripraven\u00e1 zodpovedn\u00fdmi vl\u00e1dnymi \u010dinite\u013emi a \u0161peci\u00e1lnymi slu\u017ebami. Preto tu m\u00f4\u017eeme hovori\u0165 o politickej a mor\u00e1lnej zodpovednosti s\u00fa\u010dasn\u00e9ho premi\u00e9ra po\u013eskej vl\u00e1dy a mo\u017eno e\u0161te viac ako o zodpovednosti samotn\u00fdch rusk\u00fdch org\u00e1nov. Poznanie nieko\u013eko sto rokov trvaj\u00facich po\u013esko-rusk\u00fdch vz\u0165ahov z hist\u00f3rie.<\/p>\n<p style=\"text-align: justify\">&nbsp;<\/p>\n<p style=\"text-align: justify\"><strong>Je dos\u0165 pravdepodobn\u00e9, \u017ee Rusi vyu\u017eili predsedu po\u013eskej vl\u00e1dy a jeho najbli\u017e\u0161ie okolie na to, aby vyvolali v Po\u013esku ak\u00fasi vn\u00fatorn\u00fa vojnu, bezprecedentn\u00fdm sp\u00f4sobom podkopali autoritu prezidenta Lecha Kaczy\u0144sk\u00e9ho a autoritu a d\u00f4veryhodnos\u0165 Po\u013eska na eur\u00f3pskej a medzin\u00e1rodnej sc\u00e9ne a z\u00e1rove\u0148 oslabili \u010dinnos\u0165 najd\u00f4le\u017eitej\u0161\u00edch in\u0161tit\u00faci\u00ed, ktor\u00fdch \u00falohou je stara\u0165 sa o bezpe\u010dnos\u0165 po\u013esk\u00e9ho \u0161t\u00e1tu.\" <\/strong>- \u00fadajn\u00fd re\u010dn\u00edk Kuchci\u0144ski.<\/p>\n<p style=\"text-align: justify\">&nbsp;<\/p>\n<p style=\"text-align: justify\">Pod\u013ea jeho n\u00e1zoru tak\u00e9to podkop\u00e1vanie z\u00e1kladov fungovania po\u013esk\u00e9ho \u0161t\u00e1tu, vidite\u013en\u00e9 od volieb v roku 2007, vyvol\u00e1va u mnoh\u00fdch s\u00fa\u010dasn\u00fdch gener\u00e1ci\u00ed Poliakov obavy o na\u0161u bud\u00facnos\u0165. Neschopnos\u0165 Donalda Tuska dodr\u017ea\u0165 svoje predvolebn\u00e9 s\u013euby vyvol\u00e1va u Poliakov strach o pr\u00e1cu a zabezpe\u010denie \u017eivotn\u00fdch podmienok ich rod\u00edn. Na druhej strane katastrof\u00e1lne zanedbanie bezpe\u010dnosti letu po\u013esk\u00e9ho vl\u00e1dneho lietadla a nevysvetlite\u013en\u00e9 \u00fastupky Rusku pri vy\u0161etrovan\u00ed po hav\u00e1rii vyvol\u00e1vaj\u00fa obavy o bezpe\u010dnos\u0165 Po\u013eska.<\/p>\n<p style=\"text-align: justify\">&nbsp;<\/p>\n<p style=\"text-align: justify\"><strong>V \u010fal\u0161\u00edch pr\u00edhovoroch sa sen\u00e1torka Alicja Zaj\u0105c podelila s obyvate\u013emi Brzozowa o svoje z\u00e1\u017eitky spojen\u00e9 s dr\u00e1mou straty man\u017eela, sen\u00e1tora Stanis\u0142awa Zaj\u0105ca, ktor\u00fd zahynul pri smolenskej katastrofe. Sen\u00e1tor Stanis\u0142aw Piotrowicz, dlhoro\u010dn\u00fd prokur\u00e1tor, hovoril o po\u010detn\u00fdch a priam \u0161kandal\u00f3znych pochybeniach vl\u00e1dy a jej tajn\u00fdch slu\u017eieb pri pr\u00edprave odchodu po\u013esk\u00e9ho prezidenta, najvy\u0161\u0161\u00edch velite\u013eov po\u013esk\u00fdch ozbrojen\u00fdch s\u00edl a mnoh\u00fdch predstavite\u013eov po\u013eskej \u0161t\u00e1tnej elity na oslavy v\u00fdro\u010dia v Katyni, ako aj pri veden\u00ed vy\u0161etrovania po hav\u00e1rii vl\u00e1dneho lietadla.<\/strong><\/p>","protected":false},"excerpt":{"rendered":"<p>W \u015brod\u0119, 10 sierpnia, wicemarsza\u0142ek Sejmu RP, Marek Kuchci\u0144ski go\u015bci\u0142 w&nbsp;Brzozowie, gdzie uczestniczy\u0142 w Mszy \u015bw. za Ojczyzn\u0119 i za Ofiary tragicznej katastrofy pod Smole\u0144skiem. Po nabo\u017ce\u0144stwie marsza\u0142ek oraz towarzysz\u0105cy mu parlamentarzy\u015bci (senator Alicja Zaj\u0105c, pose\u0142 Adam \u015anie\u017cek i senator Stanis\u0142aw Piotrowicz), a tak\u017ce mieszka\u0144cy oraz dzia\u0142acze samorz\u0105dowi (w tym radny Sejmiku Wojew\u00f3dzkiego \u2013 Tadeusz [&hellip;]<\/p>","protected":false},"author":6,"featured_media":0,"comment_status":"open","ping_status":"open","sticky":false,"template":"","format":"standard","meta":{"ngg_post_thumbnail":0,"footnotes":""},"categories":[3],"tags":[],"class_list":["post-65","post","type-post","status-publish","format-standard","hentry","category-wydarzenia"],"yoast_head":"<!-- This site is optimized with the Yoast SEO plugin v24.7 - https:\/\/yoast.com\/wordpress\/plugins\/seo\/ -->\n<title>Relacja z uroczysto\u015bci 10 sierpnia w Brzozowie &#8211; Marek Kuchci\u0144ski<\/title>\n<meta name=\"robots\" content=\"index, follow, max-snippet:-1, max-image-preview:large, max-video-preview:-1\" \/>\n<link rel=\"canonical\" href=\"https:\/\/marekkuchcinski.pl\/sk\/wydarzenia\/relacja-z-uroczystosci-10-sierpnia-w-brzozowie\/\" \/>\n<meta property=\"og:locale\" content=\"sk_SK\" \/>\n<meta property=\"og:type\" content=\"article\" \/>\n<meta property=\"og:title\" content=\"Relacja z uroczysto\u015bci 10 sierpnia w Brzozowie &#8211; Marek Kuchci\u0144ski\" \/>\n<meta property=\"og:description\" content=\"W \u015brod\u0119, 10 sierpnia, wicemarsza\u0142ek Sejmu RP, Marek Kuchci\u0144ski go\u015bci\u0142 w&nbsp;Brzozowie, gdzie uczestniczy\u0142 w Mszy \u015bw. za Ojczyzn\u0119 i za Ofiary tragicznej katastrofy pod Smole\u0144skiem. Po nabo\u017ce\u0144stwie marsza\u0142ek oraz towarzysz\u0105cy mu parlamentarzy\u015bci (senator Alicja Zaj\u0105c, pose\u0142 Adam \u015anie\u017cek i senator Stanis\u0142aw Piotrowicz), a tak\u017ce mieszka\u0144cy oraz dzia\u0142acze samorz\u0105dowi (w tym radny Sejmiku Wojew\u00f3dzkiego \u2013 Tadeusz [&hellip;]\" \/>\n<meta property=\"og:url\" content=\"https:\/\/marekkuchcinski.pl\/sk\/wydarzenia\/relacja-z-uroczystosci-10-sierpnia-w-brzozowie\/\" \/>\n<meta property=\"og:site_name\" content=\"Marek Kuchci\u0144ski\" \/>\n<meta property=\"article:published_time\" content=\"2011-08-12T07:02:07+00:00\" \/>\n<meta property=\"article:modified_time\" content=\"2016-08-25T15:06:39+00:00\" \/>\n<meta property=\"og:image\" content=\"https:\/\/marekkuchcinski.pl\/wp-content\/uploads\/2022\/09\/Marek.jpg\" \/>\n\t<meta property=\"og:image:width\" content=\"1600\" \/>\n\t<meta property=\"og:image:height\" content=\"971\" \/>\n\t<meta property=\"og:image:type\" content=\"image\/jpeg\" \/>\n<meta name=\"author\" content=\"admin\" \/>\n<meta name=\"twitter:card\" content=\"summary_large_image\" \/>\n<meta name=\"twitter:label1\" content=\"Autor\" \/>\n\t<meta name=\"twitter:data1\" content=\"admin\" \/>\n\t<meta name=\"twitter:label2\" content=\"Predpokladan\u00fd \u010das \u010d\u00edtania\" \/>\n\t<meta name=\"twitter:data2\" content=\"4 min\u00faty\" \/>\n<script type=\"application\/ld+json\" class=\"yoast-schema-graph\">{\"@context\":\"https:\/\/schema.org\",\"@graph\":[{\"@type\":\"Article\",\"@id\":\"https:\/\/marekkuchcinski.pl\/wydarzenia\/relacja-z-uroczystosci-10-sierpnia-w-brzozowie\/#article\",\"isPartOf\":{\"@id\":\"https:\/\/marekkuchcinski.pl\/wydarzenia\/relacja-z-uroczystosci-10-sierpnia-w-brzozowie\/\"},\"author\":{\"name\":\"admin\",\"@id\":\"https:\/\/marekkuchcinski.pl\/#\/schema\/person\/6f62700996b4d950b6ea2d1183b6c6be\"},\"headline\":\"Relacja z uroczysto\u015bci 10 sierpnia w Brzozowie\",\"datePublished\":\"2011-08-12T07:02:07+00:00\",\"dateModified\":\"2016-08-25T15:06:39+00:00\",\"mainEntityOfPage\":{\"@id\":\"https:\/\/marekkuchcinski.pl\/wydarzenia\/relacja-z-uroczystosci-10-sierpnia-w-brzozowie\/\"},\"wordCount\":826,\"commentCount\":0,\"publisher\":{\"@id\":\"https:\/\/marekkuchcinski.pl\/#organization\"},\"articleSection\":[\"Wydarzenia\"],\"inLanguage\":\"sk-SK\",\"potentialAction\":[{\"@type\":\"CommentAction\",\"name\":\"Comment\",\"target\":[\"https:\/\/marekkuchcinski.pl\/wydarzenia\/relacja-z-uroczystosci-10-sierpnia-w-brzozowie\/#respond\"]}]},{\"@type\":\"WebPage\",\"@id\":\"https:\/\/marekkuchcinski.pl\/wydarzenia\/relacja-z-uroczystosci-10-sierpnia-w-brzozowie\/\",\"url\":\"https:\/\/marekkuchcinski.pl\/wydarzenia\/relacja-z-uroczystosci-10-sierpnia-w-brzozowie\/\",\"name\":\"Relacja z uroczysto\u015bci 10 sierpnia w Brzozowie &#8211; Marek Kuchci\u0144ski\",\"isPartOf\":{\"@id\":\"https:\/\/marekkuchcinski.pl\/#website\"},\"datePublished\":\"2011-08-12T07:02:07+00:00\",\"dateModified\":\"2016-08-25T15:06:39+00:00\",\"breadcrumb\":{\"@id\":\"https:\/\/marekkuchcinski.pl\/wydarzenia\/relacja-z-uroczystosci-10-sierpnia-w-brzozowie\/#breadcrumb\"},\"inLanguage\":\"sk-SK\",\"potentialAction\":[{\"@type\":\"ReadAction\",\"target\":[\"https:\/\/marekkuchcinski.pl\/wydarzenia\/relacja-z-uroczystosci-10-sierpnia-w-brzozowie\/\"]}]},{\"@type\":\"BreadcrumbList\",\"@id\":\"https:\/\/marekkuchcinski.pl\/wydarzenia\/relacja-z-uroczystosci-10-sierpnia-w-brzozowie\/#breadcrumb\",\"itemListElement\":[{\"@type\":\"ListItem\",\"position\":1,\"name\":\"Strona g\u0142\u00f3wna\",\"item\":\"https:\/\/marekkuchcinski.pl\/\"},{\"@type\":\"ListItem\",\"position\":2,\"name\":\"Relacja z uroczysto\u015bci 10 sierpnia w Brzozowie\"}]},{\"@type\":\"WebSite\",\"@id\":\"https:\/\/marekkuchcinski.pl\/#website\",\"url\":\"https:\/\/marekkuchcinski.pl\/\",\"name\":\"Marek Kuchci\u0144ski\",\"description\":\"Pose\u0142 na sejm RP &ndash; okr\u0119g nr 22\",\"publisher\":{\"@id\":\"https:\/\/marekkuchcinski.pl\/#organization\"},\"potentialAction\":[{\"@type\":\"SearchAction\",\"target\":{\"@type\":\"EntryPoint\",\"urlTemplate\":\"https:\/\/marekkuchcinski.pl\/?s={search_term_string}\"},\"query-input\":{\"@type\":\"PropertyValueSpecification\",\"valueRequired\":true,\"valueName\":\"search_term_string\"}}],\"inLanguage\":\"sk-SK\"},{\"@type\":\"Organization\",\"@id\":\"https:\/\/marekkuchcinski.pl\/#organization\",\"name\":\"Marek Kuchci\u0144ski\",\"url\":\"https:\/\/marekkuchcinski.pl\/\",\"logo\":{\"@type\":\"ImageObject\",\"inLanguage\":\"sk-SK\",\"@id\":\"https:\/\/marekkuchcinski.pl\/#\/schema\/logo\/image\/\",\"url\":\"https:\/\/marekkuchcinski.pl\/wp-content\/uploads\/2022\/09\/Marek.jpg\",\"contentUrl\":\"https:\/\/marekkuchcinski.pl\/wp-content\/uploads\/2022\/09\/Marek.jpg\",\"width\":1600,\"height\":971,\"caption\":\"Marek Kuchci\u0144ski\"},\"image\":{\"@id\":\"https:\/\/marekkuchcinski.pl\/#\/schema\/logo\/image\/\"}},{\"@type\":\"Person\",\"@id\":\"https:\/\/marekkuchcinski.pl\/#\/schema\/person\/6f62700996b4d950b6ea2d1183b6c6be\",\"name\":\"admin\",\"image\":{\"@type\":\"ImageObject\",\"inLanguage\":\"sk-SK\",\"@id\":\"https:\/\/marekkuchcinski.pl\/#\/schema\/person\/image\/\",\"url\":\"https:\/\/secure.gravatar.com\/avatar\/4bab693b9d55c3d6b52c0296a8765085?s=96&d=mm&r=g\",\"contentUrl\":\"https:\/\/secure.gravatar.com\/avatar\/4bab693b9d55c3d6b52c0296a8765085?s=96&d=mm&r=g\",\"caption\":\"admin\"},\"url\":\"https:\/\/marekkuchcinski.pl\/sk\/author\/marta-olejnik\/\"}]}<\/script>\n<!-- \/ Yoast SEO plugin. -->","yoast_head_json":{"title":"Relacja z uroczysto\u015bci 10 sierpnia w Brzozowie &#8211; Marek Kuchci\u0144ski","robots":{"index":"index","follow":"follow","max-snippet":"max-snippet:-1","max-image-preview":"max-image-preview:large","max-video-preview":"max-video-preview:-1"},"canonical":"https:\/\/marekkuchcinski.pl\/sk\/wydarzenia\/relacja-z-uroczystosci-10-sierpnia-w-brzozowie\/","og_locale":"sk_SK","og_type":"article","og_title":"Relacja z uroczysto\u015bci 10 sierpnia w Brzozowie &#8211; Marek Kuchci\u0144ski","og_description":"W \u015brod\u0119, 10 sierpnia, wicemarsza\u0142ek Sejmu RP, Marek Kuchci\u0144ski go\u015bci\u0142 w&nbsp;Brzozowie, gdzie uczestniczy\u0142 w Mszy \u015bw. za Ojczyzn\u0119 i za Ofiary tragicznej katastrofy pod Smole\u0144skiem. Po nabo\u017ce\u0144stwie marsza\u0142ek oraz towarzysz\u0105cy mu parlamentarzy\u015bci (senator Alicja Zaj\u0105c, pose\u0142 Adam \u015anie\u017cek i senator Stanis\u0142aw Piotrowicz), a tak\u017ce mieszka\u0144cy oraz dzia\u0142acze samorz\u0105dowi (w tym radny Sejmiku Wojew\u00f3dzkiego \u2013 Tadeusz [&hellip;]","og_url":"https:\/\/marekkuchcinski.pl\/sk\/wydarzenia\/relacja-z-uroczystosci-10-sierpnia-w-brzozowie\/","og_site_name":"Marek Kuchci\u0144ski","article_published_time":"2011-08-12T07:02:07+00:00","article_modified_time":"2016-08-25T15:06:39+00:00","og_image":[{"width":1600,"height":971,"url":"https:\/\/marekkuchcinski.pl\/wp-content\/uploads\/2022\/09\/Marek.jpg","type":"image\/jpeg"}],"author":"admin","twitter_card":"summary_large_image","twitter_misc":{"Autor":"admin","Predpokladan\u00fd \u010das \u010d\u00edtania":"4 min\u00faty"},"schema":{"@context":"https:\/\/schema.org","@graph":[{"@type":"Article","@id":"https:\/\/marekkuchcinski.pl\/wydarzenia\/relacja-z-uroczystosci-10-sierpnia-w-brzozowie\/#article","isPartOf":{"@id":"https:\/\/marekkuchcinski.pl\/wydarzenia\/relacja-z-uroczystosci-10-sierpnia-w-brzozowie\/"},"author":{"name":"admin","@id":"https:\/\/marekkuchcinski.pl\/#\/schema\/person\/6f62700996b4d950b6ea2d1183b6c6be"},"headline":"Relacja z uroczysto\u015bci 10 sierpnia w Brzozowie","datePublished":"2011-08-12T07:02:07+00:00","dateModified":"2016-08-25T15:06:39+00:00","mainEntityOfPage":{"@id":"https:\/\/marekkuchcinski.pl\/wydarzenia\/relacja-z-uroczystosci-10-sierpnia-w-brzozowie\/"},"wordCount":826,"commentCount":0,"publisher":{"@id":"https:\/\/marekkuchcinski.pl\/#organization"},"articleSection":["Wydarzenia"],"inLanguage":"sk-SK","potentialAction":[{"@type":"CommentAction","name":"Comment","target":["https:\/\/marekkuchcinski.pl\/wydarzenia\/relacja-z-uroczystosci-10-sierpnia-w-brzozowie\/#respond"]}]},{"@type":"WebPage","@id":"https:\/\/marekkuchcinski.pl\/wydarzenia\/relacja-z-uroczystosci-10-sierpnia-w-brzozowie\/","url":"https:\/\/marekkuchcinski.pl\/wydarzenia\/relacja-z-uroczystosci-10-sierpnia-w-brzozowie\/","name":"Relacja z uroczysto\u015bci 10 sierpnia w Brzozowie &#8211; Marek Kuchci\u0144ski","isPartOf":{"@id":"https:\/\/marekkuchcinski.pl\/#website"},"datePublished":"2011-08-12T07:02:07+00:00","dateModified":"2016-08-25T15:06:39+00:00","breadcrumb":{"@id":"https:\/\/marekkuchcinski.pl\/wydarzenia\/relacja-z-uroczystosci-10-sierpnia-w-brzozowie\/#breadcrumb"},"inLanguage":"sk-SK","potentialAction":[{"@type":"ReadAction","target":["https:\/\/marekkuchcinski.pl\/wydarzenia\/relacja-z-uroczystosci-10-sierpnia-w-brzozowie\/"]}]},{"@type":"BreadcrumbList","@id":"https:\/\/marekkuchcinski.pl\/wydarzenia\/relacja-z-uroczystosci-10-sierpnia-w-brzozowie\/#breadcrumb","itemListElement":[{"@type":"ListItem","position":1,"name":"Strona g\u0142\u00f3wna","item":"https:\/\/marekkuchcinski.pl\/"},{"@type":"ListItem","position":2,"name":"Relacja z uroczysto\u015bci 10 sierpnia w Brzozowie"}]},{"@type":"WebSite","@id":"https:\/\/marekkuchcinski.pl\/#website","url":"https:\/\/marekkuchcinski.pl\/","name":"Marek Kuchci\u0144ski","description":"Pose\u0142 na sejm RP &ndash; okr\u0119g nr 22","publisher":{"@id":"https:\/\/marekkuchcinski.pl\/#organization"},"potentialAction":[{"@type":"SearchAction","target":{"@type":"EntryPoint","urlTemplate":"https:\/\/marekkuchcinski.pl\/?s={search_term_string}"},"query-input":{"@type":"PropertyValueSpecification","valueRequired":true,"valueName":"search_term_string"}}],"inLanguage":"sk-SK"},{"@type":"Organization","@id":"https:\/\/marekkuchcinski.pl\/#organization","name":"Marek Kuchci\u0144ski","url":"https:\/\/marekkuchcinski.pl\/","logo":{"@type":"ImageObject","inLanguage":"sk-SK","@id":"https:\/\/marekkuchcinski.pl\/#\/schema\/logo\/image\/","url":"https:\/\/marekkuchcinski.pl\/wp-content\/uploads\/2022\/09\/Marek.jpg","contentUrl":"https:\/\/marekkuchcinski.pl\/wp-content\/uploads\/2022\/09\/Marek.jpg","width":1600,"height":971,"caption":"Marek Kuchci\u0144ski"},"image":{"@id":"https:\/\/marekkuchcinski.pl\/#\/schema\/logo\/image\/"}},{"@type":"Person","@id":"https:\/\/marekkuchcinski.pl\/#\/schema\/person\/6f62700996b4d950b6ea2d1183b6c6be","name":"admin","image":{"@type":"ImageObject","inLanguage":"sk-SK","@id":"https:\/\/marekkuchcinski.pl\/#\/schema\/person\/image\/","url":"https:\/\/secure.gravatar.com\/avatar\/4bab693b9d55c3d6b52c0296a8765085?s=96&d=mm&r=g","contentUrl":"https:\/\/secure.gravatar.com\/avatar\/4bab693b9d55c3d6b52c0296a8765085?s=96&d=mm&r=g","caption":"admin"},"url":"https:\/\/marekkuchcinski.pl\/sk\/author\/marta-olejnik\/"}]}},"_links":{"self":[{"href":"https:\/\/marekkuchcinski.pl\/sk\/wp-json\/wp\/v2\/posts\/65","targetHints":{"allow":["GET"]}}],"collection":[{"href":"https:\/\/marekkuchcinski.pl\/sk\/wp-json\/wp\/v2\/posts"}],"about":[{"href":"https:\/\/marekkuchcinski.pl\/sk\/wp-json\/wp\/v2\/types\/post"}],"author":[{"embeddable":true,"href":"https:\/\/marekkuchcinski.pl\/sk\/wp-json\/wp\/v2\/users\/6"}],"replies":[{"embeddable":true,"href":"https:\/\/marekkuchcinski.pl\/sk\/wp-json\/wp\/v2\/comments?post=65"}],"version-history":[{"count":1,"href":"https:\/\/marekkuchcinski.pl\/sk\/wp-json\/wp\/v2\/posts\/65\/revisions"}],"predecessor-version":[{"id":1328,"href":"https:\/\/marekkuchcinski.pl\/sk\/wp-json\/wp\/v2\/posts\/65\/revisions\/1328"}],"wp:attachment":[{"href":"https:\/\/marekkuchcinski.pl\/sk\/wp-json\/wp\/v2\/media?parent=65"}],"wp:term":[{"taxonomy":"category","embeddable":true,"href":"https:\/\/marekkuchcinski.pl\/sk\/wp-json\/wp\/v2\/categories?post=65"},{"taxonomy":"post_tag","embeddable":true,"href":"https:\/\/marekkuchcinski.pl\/sk\/wp-json\/wp\/v2\/tags?post=65"}],"curies":[{"name":"wp","href":"https:\/\/api.w.org\/{rel}","templated":true}]}}