{"id":6483,"date":"2017-05-22T15:45:47","date_gmt":"2017-05-22T13:45:47","guid":{"rendered":"https:\/\/marekkuchcinski.pl\/?p=6483"},"modified":"2017-05-22T15:52:39","modified_gmt":"2017-05-22T13:52:39","slug":"kongres-polska-wielki-projekt","status":"publish","type":"post","link":"https:\/\/marekkuchcinski.pl\/sk\/wydarzenia\/kongres-polska-wielki-projekt\/","title":{"rendered":"Kongres Po\u013esko - Ve\u013ek\u00fd projekt"},"content":{"rendered":"<p><strong>Po\u010das tohtoro\u010dn\u00e9ho kongresu projektu Po\u013esko ve\u013ek\u00e9 predseda Sejmu Marek Kuchci\u0144ski otvoril vernis\u00e1\u017e pr\u00e1c Andrzeja Krauzeho a odovzdal mu medailu \"Odvaha a d\u00f4veryhodnos\u0165\".<\/strong><\/p>\n<p>V sobotu si cenu Lecha Kaczy\u0144sk\u00e9ho prevzali karikaturista Andrzej Krauze a jeho brat, re\u017eis\u00e9r Antoni. Po\u010das ve\u010dernej vernis\u00e1\u017ee v gal\u00e9rii Kordegarda Marek Kuchci\u0144ski zd\u00f4raznil, \u017ee sta\u010d\u00ed nahliadnu\u0165 do t\u00fd\u017edenn\u00edka, aby sme videli, ako jemne Andrzej Krauze komentuje na\u0161u realitu.<\/p>\n<p><a href=\"https:\/\/marekkuchcinski.pl\/wp-content\/uploads\/2017\/05\/DARw5WnXYAE2dkG.jpg\"><img fetchpriority=\"high\" decoding=\"async\" class=\"alignnone wp-image-6490\" src=\"https:\/\/marekkuchcinski.pl\/wp-content\/uploads\/2017\/05\/DARw5WnXYAE2dkG.jpg\" alt=\"DARw5WnXYAE2dkG\" width=\"712\" height=\"565\" srcset=\"https:\/\/marekkuchcinski.pl\/wp-content\/uploads\/2017\/05\/DARw5WnXYAE2dkG.jpg 558w, https:\/\/marekkuchcinski.pl\/wp-content\/uploads\/2017\/05\/DARw5WnXYAE2dkG-300x238.jpg 300w\" sizes=\"(max-width: 712px) 100vw, 712px\" \/><\/a><\/p>\n<p>- P\u00e1n Andrew n\u00e1s vlastne kresl\u00ed v\u0161etk\u00fdch, preto\u017ee jeho pozn\u00e1mky sa t\u00fdkaj\u00fa ka\u017ed\u00e9ho z n\u00e1s. Ukazuje na\u0161u ve\u013ekos\u0165 a malos\u0165, ukazuje na\u0161u p\u00fdchu a posmech, ale v\u017edy je to pravda.<\/p>\n<p>Predseda Sejmu upozornil aj na miesto konania v\u00fdstavy. - Sme na Krakovskom predmest\u00ed, medzi katedr\u00e1lou, n\u00e1mest\u00edm Zamkowy, hradom, dekan\u00e1tom a univerzitou, teda na mieste, kde sa ve\u013emi zvl\u00e1\u0161tnym a d\u00f4le\u017eit\u00fdm sp\u00f4sobom sp\u00e1jaj\u00fa r\u00f4zne atrib\u00faty a symboly po\u013esk\u00e9ho v\u00fdtvarn\u00e9ho umenia, na\u0161ej kr\u00e1snej kult\u00fary, - poznamenal.<\/p>\n<p><a href=\"https:\/\/marekkuchcinski.pl\/wp-content\/uploads\/2017\/05\/18557275_1912710908945129_7653784846136522944_n.jpg\"><img decoding=\"async\" class=\"alignnone size-full wp-image-6485\" src=\"https:\/\/marekkuchcinski.pl\/wp-content\/uploads\/2017\/05\/18557275_1912710908945129_7653784846136522944_n.jpg\" alt=\"18557275_1912710908945129_7653784846136522944_n\" width=\"960\" height=\"639\" srcset=\"https:\/\/marekkuchcinski.pl\/wp-content\/uploads\/2017\/05\/18557275_1912710908945129_7653784846136522944_n.jpg 960w, https:\/\/marekkuchcinski.pl\/wp-content\/uploads\/2017\/05\/18557275_1912710908945129_7653784846136522944_n-300x200.jpg 300w, https:\/\/marekkuchcinski.pl\/wp-content\/uploads\/2017\/05\/18557275_1912710908945129_7653784846136522944_n-768x511.jpg 768w\" sizes=\"(max-width: 960px) 100vw, 960px\" \/><\/a> <a href=\"https:\/\/marekkuchcinski.pl\/wp-content\/uploads\/2017\/05\/18557288_1912710912278462_6158436971168451333_n-1.jpg\"><img decoding=\"async\" class=\"alignnone size-full wp-image-6486\" src=\"https:\/\/marekkuchcinski.pl\/wp-content\/uploads\/2017\/05\/18557288_1912710912278462_6158436971168451333_n-1.jpg\" alt=\"18557288_1912710912278462_6158436971168451333_n\" width=\"960\" height=\"639\" srcset=\"https:\/\/marekkuchcinski.pl\/wp-content\/uploads\/2017\/05\/18557288_1912710912278462_6158436971168451333_n-1.jpg 960w, https:\/\/marekkuchcinski.pl\/wp-content\/uploads\/2017\/05\/18557288_1912710912278462_6158436971168451333_n-1-300x200.jpg 300w, https:\/\/marekkuchcinski.pl\/wp-content\/uploads\/2017\/05\/18557288_1912710912278462_6158436971168451333_n-1-768x511.jpg 768w\" sizes=\"(max-width: 960px) 100vw, 960px\" \/><\/a> <a href=\"https:\/\/marekkuchcinski.pl\/wp-content\/uploads\/2017\/05\/18582395_1912710915611795_4776337381995764317_n.jpg\"><img loading=\"lazy\" decoding=\"async\" class=\"alignnone size-full wp-image-6487\" src=\"https:\/\/marekkuchcinski.pl\/wp-content\/uploads\/2017\/05\/18582395_1912710915611795_4776337381995764317_n.jpg\" alt=\"18582395_1912710915611795_4776337381995764317_n\" width=\"639\" height=\"960\" srcset=\"https:\/\/marekkuchcinski.pl\/wp-content\/uploads\/2017\/05\/18582395_1912710915611795_4776337381995764317_n.jpg 639w, https:\/\/marekkuchcinski.pl\/wp-content\/uploads\/2017\/05\/18582395_1912710915611795_4776337381995764317_n-200x300.jpg 200w\" sizes=\"(max-width: 639px) 100vw, 639px\" \/><\/a> <a href=\"https:\/\/marekkuchcinski.pl\/wp-content\/uploads\/2017\/05\/18557020_1912710918945128_6241477588930681819_n-Kopia.jpg\"><img loading=\"lazy\" decoding=\"async\" class=\"alignnone size-full wp-image-6488\" src=\"https:\/\/marekkuchcinski.pl\/wp-content\/uploads\/2017\/05\/18557020_1912710918945128_6241477588930681819_n-Kopia.jpg\" alt=\"18557020_1912710918945128_6241477588930681819_n - Kopia\" width=\"960\" height=\"639\" srcset=\"https:\/\/marekkuchcinski.pl\/wp-content\/uploads\/2017\/05\/18557020_1912710918945128_6241477588930681819_n-Kopia.jpg 960w, https:\/\/marekkuchcinski.pl\/wp-content\/uploads\/2017\/05\/18557020_1912710918945128_6241477588930681819_n-Kopia-300x200.jpg 300w, https:\/\/marekkuchcinski.pl\/wp-content\/uploads\/2017\/05\/18557020_1912710918945128_6241477588930681819_n-Kopia-768x511.jpg 768w\" sizes=\"(max-width: 960px) 100vw, 960px\" \/><\/a><\/p>\n<p>Opozi\u010dn\u00e1 aktivistka Irena Lasota v nede\u013eu nechala svojho brata odovzda\u0165 predsedovi Sejmu medailu za odvahu a d\u00f4veryhodnos\u0165.<\/p>\n<p><a href=\"https:\/\/marekkuchcinski.pl\/wp-content\/uploads\/2017\/05\/RZ__1846.jpg\"><img loading=\"lazy\" decoding=\"async\" class=\"alignnone size-full wp-image-6496\" src=\"https:\/\/marekkuchcinski.pl\/wp-content\/uploads\/2017\/05\/RZ__1846.jpg\" alt=\"RZ__1846\" width=\"2835\" height=\"1890\" srcset=\"https:\/\/marekkuchcinski.pl\/wp-content\/uploads\/2017\/05\/RZ__1846.jpg 2048w, https:\/\/marekkuchcinski.pl\/wp-content\/uploads\/2017\/05\/RZ__1846-300x200.jpg 300w, https:\/\/marekkuchcinski.pl\/wp-content\/uploads\/2017\/05\/RZ__1846-768x512.jpg 768w, https:\/\/marekkuchcinski.pl\/wp-content\/uploads\/2017\/05\/RZ__1846-1024x683.jpg 1024w\" sizes=\"(max-width: 2835px) 100vw, 2835px\" \/><\/a><\/p>\n<p>- Irena je charizmatick\u00e1 osobnos\u0165, ktor\u00fa mo\u017eno n\u00e1js\u0165 v\u0161ade tam, kde s\u00fa sloboda a demokracia d\u00f4le\u017eit\u00e9. Chcel by som za to po\u010fakova\u0165 Irene a porote, \u017ee ocenila tak\u00e9ho \u010dloveka, ktor\u00fd zvy\u0161uje povedomie na r\u00f4znych miestach, nielen v strednej Eur\u00f3pe, preto\u017ee hovor\u00edme aj o Kube a \u00e1zijsk\u00fdch krajin\u00e1ch alebo n\u00e1rodoch bojuj\u00facich za slobodu v \u00c1zii. Preb\u00fadza n\u00e1rodn\u00e9 povedomie a ukazuje, \u017ee podpora, pomoc a solidarita s\u00fa najlep\u0161\u00edm sp\u00f4sobom, ako by\u0165 slobodn\u00fdm \u010dlovekom,\" povedal predseda Sejmu.<\/p>\n<p><a href=\"https:\/\/marekkuchcinski.pl\/wp-content\/uploads\/2017\/05\/RZ__1735.jpg\"><img loading=\"lazy\" decoding=\"async\" class=\"alignnone size-full wp-image-6495\" src=\"https:\/\/marekkuchcinski.pl\/wp-content\/uploads\/2017\/05\/RZ__1735.jpg\" alt=\"RZ__1735\" width=\"3360\" height=\"2240\" srcset=\"https:\/\/marekkuchcinski.pl\/wp-content\/uploads\/2017\/05\/RZ__1735.jpg 2048w, https:\/\/marekkuchcinski.pl\/wp-content\/uploads\/2017\/05\/RZ__1735-300x200.jpg 300w, https:\/\/marekkuchcinski.pl\/wp-content\/uploads\/2017\/05\/RZ__1735-768x512.jpg 768w, https:\/\/marekkuchcinski.pl\/wp-content\/uploads\/2017\/05\/RZ__1735-1024x683.jpg 1024w\" sizes=\"(max-width: 3360px) 100vw, 3360px\" \/><\/a><a href=\"https:\/\/marekkuchcinski.pl\/wp-content\/uploads\/2017\/05\/RZ__1672.jpg\"><img loading=\"lazy\" decoding=\"async\" class=\"alignnone size-full wp-image-6494\" src=\"https:\/\/marekkuchcinski.pl\/wp-content\/uploads\/2017\/05\/RZ__1672.jpg\" alt=\"RZ__1672\" width=\"2835\" height=\"1890\" srcset=\"https:\/\/marekkuchcinski.pl\/wp-content\/uploads\/2017\/05\/RZ__1672.jpg 2048w, https:\/\/marekkuchcinski.pl\/wp-content\/uploads\/2017\/05\/RZ__1672-300x200.jpg 300w, https:\/\/marekkuchcinski.pl\/wp-content\/uploads\/2017\/05\/RZ__1672-768x512.jpg 768w, https:\/\/marekkuchcinski.pl\/wp-content\/uploads\/2017\/05\/RZ__1672-1024x683.jpg 1024w\" sizes=\"(max-width: 2835px) 100vw, 2835px\" \/><\/a><a href=\"https:\/\/marekkuchcinski.pl\/wp-content\/uploads\/2017\/05\/RZ__1636.jpg\"><img loading=\"lazy\" decoding=\"async\" class=\"alignnone size-full wp-image-6492\" src=\"https:\/\/marekkuchcinski.pl\/wp-content\/uploads\/2017\/05\/RZ__1636.jpg\" alt=\"RZ__1636\" width=\"2835\" height=\"1890\" srcset=\"https:\/\/marekkuchcinski.pl\/wp-content\/uploads\/2017\/05\/RZ__1636.jpg 2048w, https:\/\/marekkuchcinski.pl\/wp-content\/uploads\/2017\/05\/RZ__1636-300x200.jpg 300w, https:\/\/marekkuchcinski.pl\/wp-content\/uploads\/2017\/05\/RZ__1636-768x512.jpg 768w, https:\/\/marekkuchcinski.pl\/wp-content\/uploads\/2017\/05\/RZ__1636-1024x683.jpg 1024w\" sizes=\"(max-width: 2835px) 100vw, 2835px\" \/><\/a><\/p>","protected":false},"excerpt":{"rendered":"<p>Podczas tegorocznej edycji kongresu Polska Wielki Projekt marsza\u0142ek Sejmu Marek Kuchci\u0144ski otworzy\u0142 wernisa\u017c prac Andrzeja Krauzego oraz wr\u0119czy\u0142 medal \u201eOdwaga i Wiarygodno\u015b\u0107\u201d. W sobot\u0119 Andrzej Krauze, rysownik, razem ze swoim bratem re\u017cyserem Antonim odebrali Nagrod\u0119 im. Lecha Kaczy\u0144skiego. Podczas wieczornego wernisa\u017cu w galerii Kordegarda Marek Kuchci\u0144ski podkre\u015bla\u0142, \u017ce wystarczy si\u0119gn\u0105\u0107 do kt\u00f3rego\u015b z tygodnik\u00f3w, by [&hellip;]<\/p>\n","protected":false},"author":6,"featured_media":6484,"comment_status":"open","ping_status":"open","sticky":false,"template":"","format":"standard","meta":{"ngg_post_thumbnail":0,"footnotes":""},"categories":[49,3],"tags":[],"class_list":["post-6483","post","type-post","status-publish","format-standard","has-post-thumbnail","hentry","category-podkarpacie","category-wydarzenia"],"_links":{"self":[{"href":"https:\/\/marekkuchcinski.pl\/sk\/wp-json\/wp\/v2\/posts\/6483","targetHints":{"allow":["GET"]}}],"collection":[{"href":"https:\/\/marekkuchcinski.pl\/sk\/wp-json\/wp\/v2\/posts"}],"about":[{"href":"https:\/\/marekkuchcinski.pl\/sk\/wp-json\/wp\/v2\/types\/post"}],"author":[{"embeddable":true,"href":"https:\/\/marekkuchcinski.pl\/sk\/wp-json\/wp\/v2\/users\/6"}],"replies":[{"embeddable":true,"href":"https:\/\/marekkuchcinski.pl\/sk\/wp-json\/wp\/v2\/comments?post=6483"}],"version-history":[{"count":5,"href":"https:\/\/marekkuchcinski.pl\/sk\/wp-json\/wp\/v2\/posts\/6483\/revisions"}],"predecessor-version":[{"id":6501,"href":"https:\/\/marekkuchcinski.pl\/sk\/wp-json\/wp\/v2\/posts\/6483\/revisions\/6501"}],"wp:featuredmedia":[{"embeddable":true,"href":"https:\/\/marekkuchcinski.pl\/sk\/wp-json\/wp\/v2\/media\/6484"}],"wp:attachment":[{"href":"https:\/\/marekkuchcinski.pl\/sk\/wp-json\/wp\/v2\/media?parent=6483"}],"wp:term":[{"taxonomy":"category","embeddable":true,"href":"https:\/\/marekkuchcinski.pl\/sk\/wp-json\/wp\/v2\/categories?post=6483"},{"taxonomy":"post_tag","embeddable":true,"href":"https:\/\/marekkuchcinski.pl\/sk\/wp-json\/wp\/v2\/tags?post=6483"}],"curies":[{"name":"wp","href":"https:\/\/api.w.org\/{rel}","templated":true}]}}