{"id":6345,"date":"2017-05-09T16:32:33","date_gmt":"2017-05-09T14:32:33","guid":{"rendered":"https:\/\/marekkuchcinski.pl\/?p=6345"},"modified":"2017-05-09T16:32:33","modified_gmt":"2017-05-09T14:32:33","slug":"marszalek-sejmu-tym-roku-podejmujemy-szereg-inicjatyw-o-charakterze-regionalnym-zwiazanym-naszym-wspolistnieniem-europie","status":"publish","type":"post","link":"https:\/\/marekkuchcinski.pl\/sk\/wydarzenia\/marszalek-sejmu-tym-roku-podejmujemy-szereg-inicjatyw-o-charakterze-regionalnym-zwiazanym-naszym-wspolistnieniem-europie\/","title":{"rendered":"Predseda Sejmu: V tomto roku podnik\u00e1me nieko\u013eko iniciat\u00edv region\u00e1lneho charakteru, ktor\u00e9 s\u00favisia s na\u0161\u00edm spolu\u017eit\u00edm v Eur\u00f3pe"},"content":{"rendered":"<p>Sejm Po\u013eskej republiky bude pokra\u010dova\u0165 a rozv\u00edja\u0165 svoju \u010dinnos\u0165 vo v\u0161etk\u00fdch doteraj\u0161\u00edch smeroch a posil\u0148ova\u0165 ju vo v\u0161etk\u00fdch oblastiach a oblastiach, ktor\u00e9 s\u00fa relevantn\u00e9 pre s\u00fa\u010dasn\u00e9 medzin\u00e1rodn\u00e9 prostredie,\" povedal mar\u0161al Snemu po\u010das stretnutia s diplomatick\u00fdm zborom pri pr\u00edle\u017eitosti D\u0148a \u00fastavy 3. m\u00e1ja. - Dnes je potrebn\u00e9 pripomen\u00fa\u0165, \u017ee \u00dastava 3. m\u00e1ja bola projektom eur\u00f3pskeho charakteru, preto\u017ee upravovala spolu\u017eitie Po\u013eska a Litvy nov\u00fdm sp\u00f4sobom,\" povedal predseda parlamentu.<\/p>\n<p>Marek Kuchci\u0144ski zd\u00f4raznil, \u017ee ako predseda Sejmu sa z\u00fa\u010dast\u0148uje na medzin\u00e1rodn\u00fdch stretnutiach multilater\u00e1lneho a bilater\u00e1lneho charakteru vr\u00e1tane zasadnut\u00ed predsedov parlamentov Eur\u00f3pskej \u00fanie. Pripomenul tie\u017e projekt obnovy \u00danie, ktor\u00fd Po\u013esko predlo\u017eilo na zasadnut\u00ed v Luxemburgu, a to \"Eur\u00f3pa solidarity. Bezpe\u010dnos\u0165, hranice, obnoven\u00e9 in\u0161tit\u00facie\".<\/p>\n<p>Ke\u010f\u017ee si uvedomujem, \u017ee Eur\u00f3pa je ove\u013ea \u0161ir\u0161ia ako Eur\u00f3pska \u00fania, inicioval som stretnutie predsedov parlamentov kraj\u00edn strednej a v\u00fdchodnej Eur\u00f3py, ktor\u00e9 nie s\u00fa \u010dlenmi E\u00da. Konferencia sa konala v Sejme koncom augusta minul\u00e9ho roka a potvrdila opodstatnenos\u0165 tejto iniciat\u00edvy. Preto aj tento rok prij\u00edmame nieko\u013eko region\u00e1lnych iniciat\u00edv t\u00fdkaj\u00facich sa n\u00e1\u0161ho spolu\u017eitia v Eur\u00f3pe. Ide o ment\u00e1lnu, kult\u00farnu a politick\u00fa bl\u00edzkos\u0165,\" ubezpe\u010dil predseda parlamentu.<\/p>\n<p>Sejm Po\u013eskej republiky na \u010dele s mar\u0161alom Kuchci\u0144sk\u00fdm vedie akt\u00edvnu zahrani\u010dn\u00fa politiku a parlamentn\u00e1 diplomacia nadob\u00fada \u010doraz v\u00e4\u010d\u0161\u00ed v\u00fdznam. - Uplynul\u00fd rok 2016 bol rokom 1050. v\u00fdro\u010dia krstu Po\u013eska - pri tejto pr\u00edle\u017eitosti sa v Poznani konalo N\u00e1rodn\u00e9 zhroma\u017edenie a cel\u00fd rok bol pln\u00fd po\u010detn\u00fdch iniciat\u00edv pripom\u00ednaj\u00facich toto v\u00fdznamn\u00e9 v\u00fdro\u010die, uviedol predseda Sejmu. Pripomenul tie\u017e po\u010detn\u00e9 ofici\u00e1lne a neform\u00e1lne bilater\u00e1lne stretnutia s predsedami parlamentov takmer v\u0161etk\u00fdch eur\u00f3pskych kraj\u00edn, \u00fa\u010das\u0165 po\u013esk\u00e9ho Sejmu na oslav\u00e1ch Roku po\u013esko-ma\u010farskej solidarity a D\u0148och po\u013esko-ma\u010farsk\u00e9ho priate\u013estva, podp\u00edsanie dohody o strategickej spolupr\u00e1ci medzi po\u013esk\u00fdm a ma\u010farsk\u00fdm parlamentom a projekt Karpatsk\u00e1 Eur\u00f3pa za \u00fa\u010dasti poslancov z kraj\u00edn strednej a v\u00fdchodnej Eur\u00f3py, po\u010detn\u00e9 \u0161tvorstrann\u00e9 stretnutia predsedov parlamentov kraj\u00edn Vy\u0161ehradskej skupiny, stretnutia predsedn\u00edctiev po\u013esk\u00e9ho Sejmu s predsedn\u00edctvami in\u00fdch parlamentov, bilater\u00e1lne skupiny a parlamentn\u00e9 f\u00f3ra, spolupr\u00e1ca v r\u00e1mci bilater\u00e1lnych aj multilater\u00e1lnych parlamentn\u00fdch zhroma\u017eden\u00ed, n\u00e1v\u0161teva deleg\u00e1cie po\u013esko-bieloruskej parlamentnej skupiny v Bielorusku, aktivity v r\u00e1mci parlamentn\u00e9ho rozmeru Weimarsk\u00e9ho trojuholn\u00edka.<\/p>\n<p><a href=\"https:\/\/marekkuchcinski.pl\/wp-content\/uploads\/2017\/05\/RZ__1017.jpg\"><img fetchpriority=\"high\" decoding=\"async\" class=\"alignnone size-full wp-image-6346\" src=\"https:\/\/marekkuchcinski.pl\/wp-content\/uploads\/2017\/05\/RZ__1017.jpg\" alt=\"RZ__1017\" width=\"3360\" height=\"2240\" srcset=\"https:\/\/marekkuchcinski.pl\/wp-content\/uploads\/2017\/05\/RZ__1017.jpg 2048w, https:\/\/marekkuchcinski.pl\/wp-content\/uploads\/2017\/05\/RZ__1017-300x200.jpg 300w, https:\/\/marekkuchcinski.pl\/wp-content\/uploads\/2017\/05\/RZ__1017-768x512.jpg 768w, https:\/\/marekkuchcinski.pl\/wp-content\/uploads\/2017\/05\/RZ__1017-1024x683.jpg 1024w\" sizes=\"(max-width: 3360px) 100vw, 3360px\" \/><\/a><\/p>\n<p>&nbsp;<\/p>","protected":false},"excerpt":{"rendered":"<p>Sejm Rzeczypospolitej Polskiej b\u0119dzie kontynuowa\u0142 i rozwija\u0142 swoj\u0105 aktywno\u015b\u0107 na wszystkich istniej\u0105cych kierunkach oraz wzmacnia\u0142 j\u0105 we wszystkich dziedzinach i obszarach, kt\u00f3re s\u0105 istotne dla wsp\u00f3\u0142czesnego \u015brodowiska mi\u0119dzynarodowego \u2013 powiedzia\u0142 marsza\u0142ek Sejmu podczas spotkania z korpusem dyplomatycznym z okazji \u015awi\u0119ta Konstytucji 3 maja. \u2013 Dzisiaj warto pami\u0119ta\u0107, \u017ce Konstytucja 3 maja by\u0142a projektem o\u00a0charakterze unijnym, [&hellip;]<\/p>\n","protected":false},"author":6,"featured_media":6347,"comment_status":"open","ping_status":"open","sticky":false,"template":"","format":"standard","meta":{"ngg_post_thumbnail":0,"footnotes":""},"categories":[50,3],"tags":[],"class_list":["post-6345","post","type-post","status-publish","format-standard","has-post-thumbnail","hentry","category-wspolpraca-miedzynarodowa","category-wydarzenia"],"_links":{"self":[{"href":"https:\/\/marekkuchcinski.pl\/sk\/wp-json\/wp\/v2\/posts\/6345","targetHints":{"allow":["GET"]}}],"collection":[{"href":"https:\/\/marekkuchcinski.pl\/sk\/wp-json\/wp\/v2\/posts"}],"about":[{"href":"https:\/\/marekkuchcinski.pl\/sk\/wp-json\/wp\/v2\/types\/post"}],"author":[{"embeddable":true,"href":"https:\/\/marekkuchcinski.pl\/sk\/wp-json\/wp\/v2\/users\/6"}],"replies":[{"embeddable":true,"href":"https:\/\/marekkuchcinski.pl\/sk\/wp-json\/wp\/v2\/comments?post=6345"}],"version-history":[{"count":1,"href":"https:\/\/marekkuchcinski.pl\/sk\/wp-json\/wp\/v2\/posts\/6345\/revisions"}],"predecessor-version":[{"id":6348,"href":"https:\/\/marekkuchcinski.pl\/sk\/wp-json\/wp\/v2\/posts\/6345\/revisions\/6348"}],"wp:featuredmedia":[{"embeddable":true,"href":"https:\/\/marekkuchcinski.pl\/sk\/wp-json\/wp\/v2\/media\/6347"}],"wp:attachment":[{"href":"https:\/\/marekkuchcinski.pl\/sk\/wp-json\/wp\/v2\/media?parent=6345"}],"wp:term":[{"taxonomy":"category","embeddable":true,"href":"https:\/\/marekkuchcinski.pl\/sk\/wp-json\/wp\/v2\/categories?post=6345"},{"taxonomy":"post_tag","embeddable":true,"href":"https:\/\/marekkuchcinski.pl\/sk\/wp-json\/wp\/v2\/tags?post=6345"}],"curies":[{"name":"wp","href":"https:\/\/api.w.org\/{rel}","templated":true}]}}