{"id":6322,"date":"2017-05-08T11:02:28","date_gmt":"2017-05-08T09:02:28","guid":{"rendered":"https:\/\/marekkuchcinski.pl\/?p=6322"},"modified":"2017-05-09T09:23:01","modified_gmt":"2017-05-09T07:23:01","slug":"papieski-odpust-maryjny-ku-czci-najswietszej-maryi-panny-laskawej-lwowskiej","status":"publish","type":"post","link":"https:\/\/marekkuchcinski.pl\/sk\/wydarzenia\/papieski-odpust-maryjny-ku-czci-najswietszej-maryi-panny-laskawej-lwowskiej\/","title":{"rendered":"P\u00e1pe\u017esk\u00fd odpustov\u00fd sviatok Panny M\u00e1rie \u013dvovskej"},"content":{"rendered":"<p>U\u017e osem rokov prich\u00e1dzaj\u00fa 7. m\u00e1ja do sv\u00e4tyne Panny M\u00e1rie Milosrdnej t\u00ed, ktor\u00ed ka\u017ed\u00fd de\u0148 pracuj\u00fa v prospech svojich mal\u00fdch domovov. Tento rok sa pred z\u00e1zra\u010dn\u00fdm obrazom Panny M\u00e1rie Milostivej zo \u013dvovskej katedr\u00e1ly modlil mar\u0161al Sejmu Marek Kuchci\u0144ski, poslanci, predstavitelia samospr\u00e1vy z Lubelsk\u00e9ho a Podkarpatsk\u00e9ho vojvodstva. Predseda Sejmu odhalil bustu sv\u00e4t\u00e9ho brata Alberta a hovoril o jedine\u010dnosti lubaczowskej zeme:  - Brat Albert tu zalo\u017eil svoju pustov\u0148u, p\u00f4sobil tu a p\u00f4sob\u00ed tu - povedal Marek Kuchci\u0144ski.<\/p>\n<p>Po\u010das sl\u00e1vnosti bola otvoren\u00e1 aj v\u00fdstava venovan\u00e1 sv\u00e4t\u00e9mu Albertovi Chmielowsk\u00e9mu.<\/p>\n<p>P\u00e1pe\u017e Benedikt XVI. vyhl\u00e1sil P\u00e1pe\u017esk\u00fd mari\u00e1nsky odpust ku cti Panny M\u00e1rie Milostivej zo \u013dvova.<\/p>\n<p><em>Foto: Marcin Materniak<\/em><\/p>\n<p><em>Hlavn\u00e1 fotografia: Rafa\u0142 Morawski<\/em><\/p>\n<p><a href=\"https:\/\/marekkuchcinski.pl\/wp-content\/uploads\/2017\/05\/18301463_1308030789305031_7123598255944387678_n-1.jpg\"><img fetchpriority=\"high\" decoding=\"async\" class=\"alignnone size-full wp-image-6324\" src=\"https:\/\/marekkuchcinski.pl\/wp-content\/uploads\/2017\/05\/18301463_1308030789305031_7123598255944387678_n-1.jpg\" alt=\"18301463_1308030789305031_7123598255944387678_n\" width=\"960\" height=\"640\" srcset=\"https:\/\/marekkuchcinski.pl\/wp-content\/uploads\/2017\/05\/18301463_1308030789305031_7123598255944387678_n-1.jpg 960w, https:\/\/marekkuchcinski.pl\/wp-content\/uploads\/2017\/05\/18301463_1308030789305031_7123598255944387678_n-1-300x200.jpg 300w, https:\/\/marekkuchcinski.pl\/wp-content\/uploads\/2017\/05\/18301463_1308030789305031_7123598255944387678_n-1-768x512.jpg 768w\" sizes=\"(max-width: 960px) 100vw, 960px\" \/><\/a><a href=\"https:\/\/marekkuchcinski.pl\/wp-content\/uploads\/2017\/05\/012.jpg\"><img decoding=\"async\" class=\"alignnone size-full wp-image-6335\" src=\"https:\/\/marekkuchcinski.pl\/wp-content\/uploads\/2017\/05\/012.jpg\" alt=\"012\" width=\"3888\" height=\"2592\" srcset=\"https:\/\/marekkuchcinski.pl\/wp-content\/uploads\/2017\/05\/012.jpg 2048w, https:\/\/marekkuchcinski.pl\/wp-content\/uploads\/2017\/05\/012-300x200.jpg 300w, https:\/\/marekkuchcinski.pl\/wp-content\/uploads\/2017\/05\/012-768x512.jpg 768w, https:\/\/marekkuchcinski.pl\/wp-content\/uploads\/2017\/05\/012-1024x683.jpg 1024w\" sizes=\"(max-width: 3888px) 100vw, 3888px\" \/><\/a>Predseda Sejmu:<em> Dnes sa z\u00fa\u010dast\u0148ujeme na odpustovej sl\u00e1vnosti venovanej ve\u013ekej veci. Z poh\u013eadu 1050 rokov existencie po\u013esk\u00e9ho \u0161t\u00e1tu je to \u010fal\u0161\u00ed d\u00f4kaz, \u017ee dejiny Po\u013eska a budovanie po\u013esk\u00e9ho n\u00e1roda s\u00fa neoddelite\u013ene spojen\u00e9 s kres\u0165anstvom, katolicizmom a in\u0161tit\u00faciou katol\u00edckej cirkvi.<\/em><\/p>\n<p><a href=\"https:\/\/marekkuchcinski.pl\/wp-content\/uploads\/2017\/05\/028.jpg\"><img decoding=\"async\" class=\"alignnone size-full wp-image-6336\" src=\"https:\/\/marekkuchcinski.pl\/wp-content\/uploads\/2017\/05\/028.jpg\" alt=\"028\" width=\"3888\" height=\"2592\" srcset=\"https:\/\/marekkuchcinski.pl\/wp-content\/uploads\/2017\/05\/028.jpg 2048w, https:\/\/marekkuchcinski.pl\/wp-content\/uploads\/2017\/05\/028-300x200.jpg 300w, https:\/\/marekkuchcinski.pl\/wp-content\/uploads\/2017\/05\/028-768x512.jpg 768w, https:\/\/marekkuchcinski.pl\/wp-content\/uploads\/2017\/05\/028-1024x683.jpg 1024w\" sizes=\"(max-width: 3888px) 100vw, 3888px\" \/><\/a><a href=\"https:\/\/marekkuchcinski.pl\/wp-content\/uploads\/2017\/05\/029.jpg\"><img loading=\"lazy\" decoding=\"async\" class=\"alignnone size-full wp-image-6337\" src=\"https:\/\/marekkuchcinski.pl\/wp-content\/uploads\/2017\/05\/029.jpg\" alt=\"029\" width=\"3487\" height=\"2325\" srcset=\"https:\/\/marekkuchcinski.pl\/wp-content\/uploads\/2017\/05\/029.jpg 2048w, https:\/\/marekkuchcinski.pl\/wp-content\/uploads\/2017\/05\/029-300x200.jpg 300w, https:\/\/marekkuchcinski.pl\/wp-content\/uploads\/2017\/05\/029-768x512.jpg 768w, https:\/\/marekkuchcinski.pl\/wp-content\/uploads\/2017\/05\/029-1024x683.jpg 1024w\" sizes=\"(max-width: 3487px) 100vw, 3487px\" \/><\/a><a href=\"https:\/\/marekkuchcinski.pl\/wp-content\/uploads\/2017\/05\/18268571_1308030875971689_818503331092786679_n-1.jpg\"><img loading=\"lazy\" decoding=\"async\" class=\"alignnone size-full wp-image-6332\" src=\"https:\/\/marekkuchcinski.pl\/wp-content\/uploads\/2017\/05\/18268571_1308030875971689_818503331092786679_n-1.jpg\" alt=\"18268571_1308030875971689_818503331092786679_n\" width=\"960\" height=\"628\" srcset=\"https:\/\/marekkuchcinski.pl\/wp-content\/uploads\/2017\/05\/18268571_1308030875971689_818503331092786679_n-1.jpg 960w, https:\/\/marekkuchcinski.pl\/wp-content\/uploads\/2017\/05\/18268571_1308030875971689_818503331092786679_n-1-300x196.jpg 300w, https:\/\/marekkuchcinski.pl\/wp-content\/uploads\/2017\/05\/18268571_1308030875971689_818503331092786679_n-1-768x502.jpg 768w\" sizes=\"(max-width: 960px) 100vw, 960px\" \/><\/a><\/p>","protected":false},"excerpt":{"rendered":"<p>Od o\u015bmiu lat, 7 maja, do Sanktuarium Matki Bo\u017cej \u0141askawej przyje\u017cd\u017caj\u0105 ci, kt\u00f3rzy na co dzie\u0144 pracuj\u0105 na rzecz Ma\u0142ych Ojczyzn. W tym roku przed cudownym obrazem Matki Boskiej z lwowskiej katedry,\u00a0modli\u0142 si\u0119 marsza\u0142ek Sejmu Marek Kuchci\u0144ski, pos\u0142owie, samorz\u0105dowcy z wojew\u00f3dztwa lubelskiego i podkarpackiego.\u00a0Marsza\u0142ek Sejmu ods\u0142onili popiersie \u015bw. Brata Alberta, m\u00f3wi\u0105c o wyj\u0105tkowo\u015bci ziemi lubaczowskiej: [&hellip;]<\/p>\n","protected":false},"author":6,"featured_media":6343,"comment_status":"open","ping_status":"open","sticky":false,"template":"","format":"standard","meta":{"ngg_post_thumbnail":0,"footnotes":""},"categories":[49,3],"tags":[],"class_list":["post-6322","post","type-post","status-publish","format-standard","has-post-thumbnail","hentry","category-podkarpacie","category-wydarzenia"],"_links":{"self":[{"href":"https:\/\/marekkuchcinski.pl\/sk\/wp-json\/wp\/v2\/posts\/6322","targetHints":{"allow":["GET"]}}],"collection":[{"href":"https:\/\/marekkuchcinski.pl\/sk\/wp-json\/wp\/v2\/posts"}],"about":[{"href":"https:\/\/marekkuchcinski.pl\/sk\/wp-json\/wp\/v2\/types\/post"}],"author":[{"embeddable":true,"href":"https:\/\/marekkuchcinski.pl\/sk\/wp-json\/wp\/v2\/users\/6"}],"replies":[{"embeddable":true,"href":"https:\/\/marekkuchcinski.pl\/sk\/wp-json\/wp\/v2\/comments?post=6322"}],"version-history":[{"count":7,"href":"https:\/\/marekkuchcinski.pl\/sk\/wp-json\/wp\/v2\/posts\/6322\/revisions"}],"predecessor-version":[{"id":6344,"href":"https:\/\/marekkuchcinski.pl\/sk\/wp-json\/wp\/v2\/posts\/6322\/revisions\/6344"}],"wp:featuredmedia":[{"embeddable":true,"href":"https:\/\/marekkuchcinski.pl\/sk\/wp-json\/wp\/v2\/media\/6343"}],"wp:attachment":[{"href":"https:\/\/marekkuchcinski.pl\/sk\/wp-json\/wp\/v2\/media?parent=6322"}],"wp:term":[{"taxonomy":"category","embeddable":true,"href":"https:\/\/marekkuchcinski.pl\/sk\/wp-json\/wp\/v2\/categories?post=6322"},{"taxonomy":"post_tag","embeddable":true,"href":"https:\/\/marekkuchcinski.pl\/sk\/wp-json\/wp\/v2\/tags?post=6322"}],"curies":[{"name":"wp","href":"https:\/\/api.w.org\/{rel}","templated":true}]}}