{"id":6155,"date":"2017-04-20T11:23:27","date_gmt":"2017-04-20T09:23:27","guid":{"rendered":"https:\/\/marekkuchcinski.pl\/?p=6155"},"modified":"2017-04-20T11:56:23","modified_gmt":"2017-04-20T09:56:23","slug":"marszalek-sejmu-tablica-ktora-odslonimy-swiadczy-o-sile-ludzkiej-dziejowej-solidarnosci-miedzy-wegrami-polakami","status":"publish","type":"post","link":"https:\/\/marekkuchcinski.pl\/sk\/wydarzenia\/marszalek-sejmu-tablica-ktora-odslonimy-swiadczy-o-sile-ludzkiej-dziejowej-solidarnosci-miedzy-wegrami-polakami\/","title":{"rendered":"Predseda Sejmu: Nech pam\u00e4tn\u00e1 tabu\u013ea, ktor\u00fa odhal\u00edme, sved\u010d\u00ed o \u013eudskej sile a historickej solidarite medzi Ma\u010farmi a Poliakmi"},"content":{"rendered":"<p><strong>Mimoriadnu podporu, ktor\u00fa si Poliaci a Ma\u010fari poskytovali v \u010dasoch totalitnej poroby a poh\u0155dania, vr\u00e1tane osobitn\u00e9ho gesta Solidarno\u015b\u0107 Walcz\u0105ca v roku 1986, pripom\u00edna pam\u00e4tn\u00e1 tabu\u013ea, na ktorej je text:<\/strong><\/p>\n<p>Tu 23. okt\u00f3bra 1986, v de\u0148 30. v\u00fdro\u010dia ma\u010farsk\u00e9ho povstania v roku 1956, aktivisti z organiz\u00e1cie Solidarno\u015b\u0107 Walcz\u0105ca rozvinuli transparent pripom\u00ednaj\u00faci udalosti na Dunaji. Toto gesto bolo z\u00e1rove\u0148 d\u00f4kazom l\u00e1sky oboch n\u00e1rodov k slobode a symbolom boja proti komunistick\u00e9mu re\u017eimu v roku 1956 i v predve\u010der jeho p\u00e1du.<\/p>\n<p>Pam\u00e4tn\u00fa tabu\u013eu na mieste, kde aktivisti Solidarity vykonali tento odv\u00e1\u017eny bratsk\u00fd \u010din, odhalil predseda Sejmu Marek Kuchci\u0144ski spolu s predsedom ma\u010farsk\u00e9ho parlamentu L\u00e1szl\u00f3om K\u00f6v\u00e9rom, ktor\u00fd bol na svojej prvej ofici\u00e1lnej n\u00e1v\u0161teve Po\u013eska.<\/p>\n<p>Predsedovia parlamentov zd\u00f4raznili podobn\u00e9 sk\u00fasenosti na\u0161ich kraj\u00edn a ve\u013ek\u00fa t\u00fa\u017ebu po slobode, ktor\u00e1 sp\u00e1ja Po\u013esko a Ma\u010farsko. Pod\u013ea mar\u0161ala je na\u0161ou povinnos\u0165ou pam\u00e4ta\u0165 na komunistick\u00e9 vl\u00e1dy, ma\u010farsk\u00fdch povstalcov a aktivistov hnutia Solidarita. Pripomen\u00fa\u0165 si silu \u013eudskej a historickej solidarity.<\/p>\n<p>- Je pravdepodobn\u00e9, \u017ee obaja aktivisti hnutia Solidarita si nemysleli, \u017ee ohlasuj\u00fa historick\u00fd prelom, ktor\u00fd nastane v Po\u013esku a Ma\u010farsku. \"Viac ako \u0161tvr\u0165storo\u010die sme spolo\u010dne a solid\u00e1rne kr\u00e1\u010dali po ceste k slobode a suverenite, po ceste k \u010dlenstvu v Severoatlantickej aliancii a Eur\u00f3pskej \u00fanii,\" povedal Kuchci\u0144ski.<\/p>\n<p>- Nech Boh d\u00e1, aby sa toto priate\u013estvo, ktor\u00e9 bolo zmiernen\u00e9 b\u00farkami dej\u00edn, na\u010falej \u017eivilo ako predt\u00fdm.\" - L\u00e1szl\u00f3 K\u00f6v\u00e9r povedal.<\/p>\n<p><em>Foto: Rafa\u0142 Zambrzycki<\/em><\/p>\n<p><a href=\"https:\/\/marekkuchcinski.pl\/wp-content\/uploads\/2017\/04\/RZ__0937-1-1.jpg\"><img fetchpriority=\"high\" decoding=\"async\" class=\"alignnone size-full wp-image-6156\" src=\"https:\/\/marekkuchcinski.pl\/wp-content\/uploads\/2017\/04\/RZ__0937-1-1.jpg\" alt=\"RZ__0937 (1) (1)\" width=\"2471\" height=\"1727\" srcset=\"https:\/\/marekkuchcinski.pl\/wp-content\/uploads\/2017\/04\/RZ__0937-1-1.jpg 2048w, https:\/\/marekkuchcinski.pl\/wp-content\/uploads\/2017\/04\/RZ__0937-1-1-300x210.jpg 300w, https:\/\/marekkuchcinski.pl\/wp-content\/uploads\/2017\/04\/RZ__0937-1-1-768x537.jpg 768w, https:\/\/marekkuchcinski.pl\/wp-content\/uploads\/2017\/04\/RZ__0937-1-1-1024x716.jpg 1024w\" sizes=\"(max-width: 2471px) 100vw, 2471px\" \/><\/a><a href=\"https:\/\/marekkuchcinski.pl\/wp-content\/uploads\/2017\/04\/RZ__0952.jpg\"><img decoding=\"async\" class=\"alignnone size-full wp-image-6160\" src=\"https:\/\/marekkuchcinski.pl\/wp-content\/uploads\/2017\/04\/RZ__0952.jpg\" alt=\"RZ__0952\" width=\"2126\" height=\"1417\" srcset=\"https:\/\/marekkuchcinski.pl\/wp-content\/uploads\/2017\/04\/RZ__0952.jpg 2048w, https:\/\/marekkuchcinski.pl\/wp-content\/uploads\/2017\/04\/RZ__0952-300x200.jpg 300w, https:\/\/marekkuchcinski.pl\/wp-content\/uploads\/2017\/04\/RZ__0952-768x512.jpg 768w, https:\/\/marekkuchcinski.pl\/wp-content\/uploads\/2017\/04\/RZ__0952-1024x683.jpg 1024w\" sizes=\"(max-width: 2126px) 100vw, 2126px\" \/><\/a> <a href=\"https:\/\/marekkuchcinski.pl\/wp-content\/uploads\/2017\/04\/RZ__0890.jpg\"><img decoding=\"async\" class=\"alignnone size-full wp-image-6161\" src=\"https:\/\/marekkuchcinski.pl\/wp-content\/uploads\/2017\/04\/RZ__0890.jpg\" alt=\"RZ__0890\" width=\"3360\" height=\"2240\" srcset=\"https:\/\/marekkuchcinski.pl\/wp-content\/uploads\/2017\/04\/RZ__0890.jpg 2048w, https:\/\/marekkuchcinski.pl\/wp-content\/uploads\/2017\/04\/RZ__0890-300x200.jpg 300w, https:\/\/marekkuchcinski.pl\/wp-content\/uploads\/2017\/04\/RZ__0890-768x512.jpg 768w, https:\/\/marekkuchcinski.pl\/wp-content\/uploads\/2017\/04\/RZ__0890-1024x683.jpg 1024w\" sizes=\"(max-width: 3360px) 100vw, 3360px\" \/><\/a><a href=\"https:\/\/marekkuchcinski.pl\/wp-content\/uploads\/2017\/04\/RZ__1000.jpg\"><img loading=\"lazy\" decoding=\"async\" class=\"alignnone size-full wp-image-6162\" src=\"https:\/\/marekkuchcinski.pl\/wp-content\/uploads\/2017\/04\/RZ__1000.jpg\" alt=\"RZ__1000\" width=\"3360\" height=\"2240\" srcset=\"https:\/\/marekkuchcinski.pl\/wp-content\/uploads\/2017\/04\/RZ__1000.jpg 2048w, https:\/\/marekkuchcinski.pl\/wp-content\/uploads\/2017\/04\/RZ__1000-300x200.jpg 300w, https:\/\/marekkuchcinski.pl\/wp-content\/uploads\/2017\/04\/RZ__1000-768x512.jpg 768w, https:\/\/marekkuchcinski.pl\/wp-content\/uploads\/2017\/04\/RZ__1000-1024x683.jpg 1024w\" sizes=\"(max-width: 3360px) 100vw, 3360px\" \/><\/a><a href=\"https:\/\/marekkuchcinski.pl\/wp-content\/uploads\/2017\/04\/RZ__1060.jpg\"><img loading=\"lazy\" decoding=\"async\" class=\"alignnone size-full wp-image-6159\" src=\"https:\/\/marekkuchcinski.pl\/wp-content\/uploads\/2017\/04\/RZ__1060.jpg\" alt=\"RZ__1060\" width=\"2835\" height=\"1890\" srcset=\"https:\/\/marekkuchcinski.pl\/wp-content\/uploads\/2017\/04\/RZ__1060.jpg 2048w, https:\/\/marekkuchcinski.pl\/wp-content\/uploads\/2017\/04\/RZ__1060-300x200.jpg 300w, https:\/\/marekkuchcinski.pl\/wp-content\/uploads\/2017\/04\/RZ__1060-768x512.jpg 768w, https:\/\/marekkuchcinski.pl\/wp-content\/uploads\/2017\/04\/RZ__1060-1024x683.jpg 1024w\" sizes=\"(max-width: 2835px) 100vw, 2835px\" \/><\/a><\/p>","protected":false},"excerpt":{"rendered":"<p>Niezwyk\u0142e wsparcie, jakie nie\u015bli sobie Polacy i W\u0119grzy w czasach totalitarnego zniewolenia i pogardy, w tym szczeg\u00f3lny gest Solidarno\u015bci Walcz\u0105cej z 1986 roku upami\u0119tniono tablic\u0105, na kt\u00f3rej tekst g\u0142osi: W tym miejscu, 23 pa\u017adziernika 1986 r., w 30. rocznic\u0119 powstania w\u0119gierskiego 1956 roku dzia\u0142acze Solidarno\u015bci Walcz\u0105cej rozwiesili transparent, przywo\u0142uj\u0105c tamtejsze wydarzenia znad Dunaju. Gest ten [&hellip;]<\/p>\n","protected":false},"author":6,"featured_media":6156,"comment_status":"open","ping_status":"open","sticky":false,"template":"","format":"standard","meta":{"ngg_post_thumbnail":0,"footnotes":""},"categories":[77,81,50,3],"tags":[],"class_list":["post-6155","post","type-post","status-publish","format-standard","has-post-thumbnail","hentry","category-wazne-daty","category-wiesci-z-sejmu","category-wspolpraca-miedzynarodowa","category-wydarzenia"],"_links":{"self":[{"href":"https:\/\/marekkuchcinski.pl\/sk\/wp-json\/wp\/v2\/posts\/6155","targetHints":{"allow":["GET"]}}],"collection":[{"href":"https:\/\/marekkuchcinski.pl\/sk\/wp-json\/wp\/v2\/posts"}],"about":[{"href":"https:\/\/marekkuchcinski.pl\/sk\/wp-json\/wp\/v2\/types\/post"}],"author":[{"embeddable":true,"href":"https:\/\/marekkuchcinski.pl\/sk\/wp-json\/wp\/v2\/users\/6"}],"replies":[{"embeddable":true,"href":"https:\/\/marekkuchcinski.pl\/sk\/wp-json\/wp\/v2\/comments?post=6155"}],"version-history":[{"count":5,"href":"https:\/\/marekkuchcinski.pl\/sk\/wp-json\/wp\/v2\/posts\/6155\/revisions"}],"predecessor-version":[{"id":6165,"href":"https:\/\/marekkuchcinski.pl\/sk\/wp-json\/wp\/v2\/posts\/6155\/revisions\/6165"}],"wp:featuredmedia":[{"embeddable":true,"href":"https:\/\/marekkuchcinski.pl\/sk\/wp-json\/wp\/v2\/media\/6156"}],"wp:attachment":[{"href":"https:\/\/marekkuchcinski.pl\/sk\/wp-json\/wp\/v2\/media?parent=6155"}],"wp:term":[{"taxonomy":"category","embeddable":true,"href":"https:\/\/marekkuchcinski.pl\/sk\/wp-json\/wp\/v2\/categories?post=6155"},{"taxonomy":"post_tag","embeddable":true,"href":"https:\/\/marekkuchcinski.pl\/sk\/wp-json\/wp\/v2\/tags?post=6155"}],"curies":[{"name":"wp","href":"https:\/\/api.w.org\/{rel}","templated":true}]}}