{"id":61,"date":"2011-08-09T12:49:30","date_gmt":"2011-08-09T10:49:30","guid":{"rendered":"https:\/\/marekkuchcinski.pl\/?p=61"},"modified":"2016-08-25T17:06:40","modified_gmt":"2016-08-25T15:06:40","slug":"porownanie-cen-za-rzadow-pis-i-po","status":"publish","type":"post","link":"https:\/\/marekkuchcinski.pl\/sk\/wydarzenia\/porownanie-cen-za-rzadow-pis-i-po\/","title":{"rendered":"Porovnanie cien medzi vl\u00e1dami z\u00e1konov a spravodlivosti"},"content":{"rendered":"<p>&nbsp;<\/p>\n<p><span style=\"font-size: 14px;\"><span style=\"color: rgb(0, 0, 128);\"><strong>Porovnanie maloobchodn\u00fdch cien niektor\u00fdch potrav\u00edn <\/strong><\/span><\/span><\/p>\n<p>&nbsp;<\/p>\n<p><strong>Porovnanie PiS - PO: <\/strong><\/p>\n<p><strong>september 2007 a\u017e j\u00fan 2011<\/strong><\/p>\n<p>&nbsp;<\/p>\n<p><strong>P\u0161eni\u010dn\u00fd a ra\u017en\u00fd chlieb na 0,5 kg<\/strong><\/p>\n<p><strong>Porovnanie pr\u00e1va a spravodlivosti<\/strong>september 2007 - 1,65 PLN, j\u00fan 2011 - 2,23 PLN<\/p>\n<p><strong>Zv\u00fd\u0161enie pre D. Tusk +35% (+\u00a30.58)<\/strong><\/p>\n<p>&nbsp;<\/p>\n<p><strong>P\u0161eni\u010dn\u00e1 m\u00faka \"Pozna\u0144ska\" na 1 kg <\/strong><\/p>\n<p><strong>Porovnanie pr\u00e1va a spravodlivosti<\/strong>september 2007 - 1,76 PLN, j\u00fan 2011 - 2,33 PLN<\/p>\n<p><strong>zv\u00fd\u0161enie pre D. Tusk +33% (+\u00a30.57)<\/strong><\/p>\n<p>&nbsp;<\/p>\n<p><strong>Mazursk\u00e9 ja\u010dmenn\u00e9 kr\u00fapy na 0,5 kg <\/strong><\/p>\n<p><strong>Porovnanie pr\u00e1va a spravodlivosti<\/strong>september 2007 - 1,76 PLN, j\u00fan 2011 - 2,06 PLN<\/p>\n<p><strong>Zv\u00fd\u0161enie pre D. Tusk +17% (+\u00a30.30)<\/strong><\/p>\n<p>&nbsp;<\/p>\n<p><strong>Hov\u00e4dzie m\u00e4so s kos\u0165ou (roastbeef), na 1 kg<\/strong><\/p>\n<p><strong>Porovnanie pr\u00e1va a spravodlivosti<\/strong>september 2007 - 17,67 PLN, j\u00fan 2011 - 22,04 PLN<\/p>\n<p><strong>Zv\u00fd\u0161enie pre D. Tusk +25% (+4,37 PLN)<\/strong><\/p>\n<p>&nbsp;<\/p>\n<p><strong>Vykosten\u00e9 hov\u00e4dzie m\u00e4so (zadn\u00e9) na 1 kg<\/strong><\/p>\n<p><strong>Porovnanie pr\u00e1va a spravodlivosti<\/strong>september 2007 - 22,92 PLN, j\u00fan 2011 - 28,87 PLN<\/p>\n<p><strong>Zv\u00fd\u0161enie pre D. Tusk +26% (+\u00a35.95)<\/strong><\/p>\n<p>&nbsp;<\/p>\n<p><strong>Brav\u010dov\u00e9 m\u00e4so s kos\u0165ou (stredn\u00e1 panenka) na 1 kg<\/strong><\/p>\n<p><strong>Porovnanie pr\u00e1va a spravodlivosti<\/strong>september 2007 - 14,43 PLN, j\u00fan 2011 - 14,35 PLN<\/p>\n<p><strong>pokles pre D. Tusk -0,6% (-0,08 PLN)<\/strong><\/p>\n<p>&nbsp;<\/p>\n<p><strong>Vypitvan\u00e9 kur\u010dat\u00e1 na 1 kg<\/strong><\/p>\n<p><strong>Porovnanie pr\u00e1va a spravodlivosti<\/strong>september 2007 - 6,55 PLN, j\u00fan 2011 - 6,92 PLN<\/p>\n<p><strong>Zv\u00fd\u0161enie pre D. Tusk +6% (+\u00a30.37)<\/strong><\/p>\n<p>&nbsp;<\/p>\n<p><strong>Varen\u00e1 brav\u010dov\u00e1 \u0161unka na 1 kg<\/strong><\/p>\n<p><strong>Porovnanie pr\u00e1va a spravodlivosti<\/strong>september 2007 - 20,22 PLN, j\u00fan 2011 - 22,07 PLN<\/p>\n<p><strong>Zv\u00fd\u0161enie pre D. Tuska +9% (+1,85 PLN)<\/strong><\/p>\n<p>&nbsp;<\/p>\n<p><strong>Hydinov\u00e1 panenka na 1 kg<\/strong><\/p>\n<p><strong>Porovnanie pr\u00e1va a spravodlivosti<\/strong>september 2007 - 16,22 PLN, j\u00fan 2011 - 17,56 PLN<\/p>\n<p><strong>Zv\u00fd\u0161enie pre D. Tuska +8% (+1,34 PLN)<\/strong><\/p>\n<p>&nbsp;<\/p>\n<p><strong>Mrazen\u00e9 fil\u00e9 zo \u0161\u0165ukozubca na 1 kg<\/strong><\/p>\n<p><strong>Porovnanie pr\u00e1va a spravodlivosti<\/strong>september 2007 - 13,65 PLN, j\u00fan 2011 - 18,69 PLN<\/p>\n<p><strong>Zv\u00fd\u0161enie pre D. Tusk +37% (+\u00a35.04)<\/strong><\/p>\n<p>&nbsp;<\/p>\n<p><strong>Pitie kravsk\u00e9ho mlieka s obsahom tuku 3-3,5%, <\/strong><\/p>\n<p><strong>sterilizovan\u00e9 na 1 liter<\/strong><\/p>\n<p><strong>Porovnanie pr\u00e1va a spravodlivosti<\/strong>september 2007 - 2,63 PLN, j\u00fan 2011 - 2,75 PLN<\/p>\n<p><strong>zv\u00fd\u0161enie pre D. Tusk +5% (+0,12 PLN)<\/strong><\/p>\n<p>&nbsp;<\/p>\n<p><strong>Polotu\u010dn\u00fd tvaroh na 1 kg<\/strong><\/p>\n<p><strong>Porovnanie pr\u00e1va a spravodlivosti<\/strong>september 2007 - 10,64 PLN, j\u00fan 2011 - 12,50 PLN<\/p>\n<p><strong>Zv\u00fd\u0161enie pre D. Tuska +17% (+1,86 PLN)<\/strong><\/p>\n<p>&nbsp;<\/p>\n<p><strong>\u010cerstv\u00e9 slepa\u010die vajcia - na 1 kus<\/strong><\/p>\n<p><strong>Porovnanie pr\u00e1va a spravodlivosti<\/strong>september 2007 - 0,36 PLN, j\u00fan 2011 - 0,44 PLN<\/p>\n<p><strong>Zv\u00fd\u0161enie pre D. Tusk +22% (+\u00a30.08)<\/strong><\/p>\n<p>&nbsp;<\/p>\n<p><strong>\u010cerstv\u00e9 maslo s obsahom tuku 82,5% na 200 g&nbsp; <\/strong><\/p>\n<p><strong>Porovnanie pr\u00e1va a spravodlivosti<\/strong>september 2007 - 3,70 PLN, j\u00fan 2011 - 4,74 PLN<\/p>\n<p><strong>Zv\u00fd\u0161enie pre D. Tuska +28% (+1,04 PLN)<\/strong><\/p>\n<p>&nbsp;<\/p>\n<p><strong>Dom\u00e1ci repkov\u00fd olej na 1 liter <\/strong><\/p>\n<p><strong>Porovnanie pr\u00e1va a spravodlivosti<\/strong>september 2007 - 4,90 PLN, j\u00fan 2011 - 6,82 PLN<\/p>\n<p><strong>Zv\u00fd\u0161enie pre D. Tuska +39% (+1,92 PLN)<\/strong><\/p>\n<p>&nbsp;<\/p>\n<p><strong>Jablk\u00e1 na 1 kg<\/strong><\/p>\n<p><strong>Porovnanie pr\u00e1va a spravodlivosti<\/strong>september 2007 - 3,61 PLN, j\u00fan 2011 - 4,77 PLN<\/p>\n<p><strong>Zv\u00fd\u0161enie pre D. Tuska +32% (+1,16 PLN)<\/strong><\/p>\n<p>&nbsp;<\/p>\n<p><strong>Mrkva na 1 kg<\/strong><\/p>\n<p><strong>Porovnanie pr\u00e1va a spravodlivosti<\/strong>september 2007 - 1,56 PLN, j\u00fan 2011 - 2,76 PLN<\/p>\n<p><strong>Zv\u00fd\u0161enie pre D. Tuska +77% (+1,20 PLN)<\/strong><\/p>\n<p>&nbsp;<\/p>\n<p><strong>Cibu\u013ea na 1 kg<\/strong><\/p>\n<p><strong>Porovnanie pr\u00e1va a spravodlivosti<\/strong>september 2007 - 1,79 PLN, j\u00fan 2011 - 2,88 PLN<\/p>\n<p><strong>Zv\u00fd\u0161enie pre D. Tuska +61% (+1,09 PLN)<\/strong><\/p>\n<p>&nbsp;<\/p>\n<p><strong>Zemiaky na 1 kg<\/strong><\/p>\n<p><strong>Porovnanie pr\u00e1va a spravodlivosti<\/strong>september 2007 - 0,76 PLN, j\u00fan 2011 - 2,00 PLN<\/p>\n<p><strong>zv\u00fd\u0161enie pre D. Tuska +163% (+1,24 PLN)<\/strong><\/p>\n<p>&nbsp;<\/p>\n<p><strong>Biely kry\u0161t\u00e1lov\u00fd cukor, na 1 kg<\/strong><\/p>\n<p><strong>Porovnanie pr\u00e1va a spravodlivosti<\/strong>september 2007 - 2,93 PLN, j\u00fan 2011 - 4,26 PLN<\/p>\n<p><strong>Zv\u00fd\u0161enie pre D. Tuska +45% (+1,33 PLN)<\/strong><\/p>\n<p>&nbsp;<\/p>\n<p><span style=\"color: rgb(0, 0, 128);\"><span style=\"font-size: 14px;\"><strong>Porovnanie nomin\u00e1lnych cien niektor\u00fdch polo\u017eiek <\/strong><\/span><\/span><\/p>\n<p><span style=\"color: rgb(0, 0, 128);\"><span style=\"font-size: 14px;\"><strong>verejn\u00e9 slu\u017eby a slu\u017eby <\/strong><\/span><\/span><\/p>\n<p>&nbsp;<\/p>\n<p><strong>p\u00e1nsky oblek - cena za 1 sadu<\/strong><\/p>\n<p><strong>Porovnanie pr\u00e1va a spravodlivosti<\/strong>september 2007 - 457,01 PLN, j\u00fan 2011 - 469,47 PLN<\/p>\n<p><strong>za PO drah\u0161ie o +3% (+12,46 PLN)<\/strong><\/p>\n<p>&nbsp;<\/p>\n<p><strong>P\u00e1nske bavlnen\u00e9 tri\u010dko Elan s dlh\u00fdm ruk\u00e1vom<\/strong><\/p>\n<p><strong>Porovnanie pr\u00e1va a spravodlivosti<\/strong>september 2007 - 84,25 PLN, j\u00fan 2011 - 87,38 PLN<\/p>\n<p><strong>pre PO na \u00farovni +4% ( +3,13 PLN)<\/strong><\/p>\n<p>&nbsp;<\/p>\n<p><strong>p\u00e1nske ko\u017een\u00e9 poltop\u00e1nky na neko\u017eenej podr\u00e1\u017eke - za 1 p\u00e1r<\/strong><\/p>\n<p><strong>Porovnanie pr\u00e1va a spravodlivosti<\/strong>september 2007 - 150,69 PLN, j\u00fan 2011 - 168,49 PLN<\/p>\n<p><strong>pre PO drah\u0161ie o +12% (+17,8 PLN)<\/strong><\/p>\n<p>&nbsp;<\/p>\n<p><strong>elektrina pre dom\u00e1cnosti (tarifa G-11) <\/strong><\/p>\n<p><strong>na 1 kWh <\/strong><\/p>\n<p><strong>Porovnanie pr\u00e1va a spravodlivosti<\/strong>september 2007 - 0,45 PLN, j\u00fan 2011 - 0,63 PLN<\/p>\n<p><strong>na PO drah\u0161ie o + 40%. (+0,18 PLN)<\/strong><\/p>\n<p>&nbsp;<\/p>\n<p><strong>zemn\u00fd plyn s vysok\u00fdm obsahom met\u00e1nu zo siete pre dom\u00e1cnosti <\/strong><\/p>\n<p><strong>(tarifa W-1) na 1 meter kubick\u00fd <\/strong><\/p>\n<p><strong>Porovnanie pr\u00e1va a spravodlivosti<\/strong>september 2007 - 2,01 PLN, j\u00fan 2011 - 2,54 PLN<\/p>\n<p><strong>pre PO n\u00e1rast o +26% (+0,53 PLN)<\/strong><\/p>\n<p>&nbsp;<\/p>\n<p><strong>tepl\u00e1 voda - na 1 kubick\u00fd meter<\/strong><\/p>\n<p><strong>Porovnanie pr\u00e1va a spravodlivosti<\/strong>september 2007 - 14,83 PLN, j\u00fan 2011 - 18,31 PLN<\/p>\n<p><strong>pre PO n\u00e1rast o +23% (+3,48 PLN)<\/strong><\/p>\n<p>&nbsp;<\/p>\n<p><strong>\u00fastredn\u00e9 vykurovanie obydl\u00ed <\/strong><\/p>\n<p><strong>na meter \u0161tvorcov\u00fd podlahovej plochy<\/strong><\/p>\n<p><strong>Porovnanie pr\u00e1va a spravodlivosti<\/strong>september 2007 - 3,09 PLN, j\u00fan 2011 - 3,64 PLN<\/p>\n<p><strong>pre PO n\u00e1rast o +18% (+0,55 PLN)<\/strong><\/p>\n<p>&nbsp;<\/p>\n<p><strong>Chladni\u010dka s mrazni\u010dkou pre dom\u00e1cnos\u0165, objem pribli\u017ene 300 l.<\/strong><\/p>\n<p><strong>Porovnanie pr\u00e1va a spravodlivosti<\/strong>september 2007 - 1223 PLN, j\u00fan 2011 - 1091,90 PLN<\/p>\n<p><strong>pre PO lacnej\u0161ie o -11% (-131,1 PLN)<\/strong><\/p>\n<p>&nbsp;<\/p>\n<p><strong>vys\u00e1va\u010d pre dom\u00e1cnos\u0165<\/strong><\/p>\n<p><strong>Porovnanie pr\u00e1va a spravodlivosti<\/strong>september 2007 - 317,19 PLN, j\u00fan 2011 - 348,76 PLN<\/p>\n<p><strong>Zv\u00fd\u0161enie PO o +10% (+31,57 GBP)<\/strong><\/p>\n<p>&nbsp;<\/p>\n<p><strong>prac\u00ed pr\u00e1\u0161ok na 400 g <\/strong><\/p>\n<p><strong>Porovnanie pr\u00e1va a spravodlivosti<\/strong>september 2007 - 4,03 PLN, j\u00fan 2011 - 4,44 PLN<\/p>\n<p><strong>PO vzr\u00e1stli o +10% (+0,41 PLN)<\/strong><\/p>\n<p>&nbsp;<\/p>\n<p><strong>pranie poste\u013enej bielizne s mang\u013eom na 1 kg<\/strong><\/p>\n<p><strong>Porovnanie pr\u00e1va a spravodlivosti<\/strong>september 2007 - 7,48 PLN, j\u00fan 2011 - 9,84 PLN<\/p>\n<p><strong>pre PO n\u00e1rast o +32% (+2,36 PLN)<\/strong><\/p>\n<p>&nbsp;<\/p>\n<p><strong>stretnutie so \u0161pecialistom 2. \u00farovne<\/strong><\/p>\n<p><strong>Porovnanie pr\u00e1va a spravodlivosti<\/strong>september 2007 - 55,23 PLN, j\u00fan 2011 - 72,79 PLN<\/p>\n<p><strong>pre PO n\u00e1rast o +31% (+17,56 PLN)<\/strong><\/p>\n<p>&nbsp;<\/p>\n<p><strong>motorov\u00fd benz\u00edn euro-super (95 okt\u00e1nov) na 1 liter<\/strong><\/p>\n<p><strong>Porovnanie pr\u00e1va a spravodlivosti<\/strong>september 2007 - 4,36 PLN, j\u00fan 2011 - 5,13 PLN<\/p>\n<p><strong>pre PO n\u00e1rast o +18% (+0,77 PLN)<\/strong><\/p>\n<p>&nbsp;<\/p>\n<p><strong>be\u017en\u00fd cestovn\u00fd l\u00edstok na cestu r\u00fdchlikom PKP SA kl. 2 <\/strong><\/p>\n<p><strong>vo vzdialenosti 181-200 km BZ<\/strong><\/p>\n<p><strong>Porovnanie pr\u00e1va a spravodlivosti<\/strong>september 2007 - 36 PLN, j\u00fan 2011 - 40,20 PLN<\/p>\n<p><strong>pre PO o +12% PLN 4,00 (+4,20 PLN)<\/strong><\/p>\n<p>&nbsp;<\/p>\n<p><strong>be\u017en\u00fd jednorazov\u00fd cestovn\u00fd l\u00edstok na be\u017en\u00fa autobusov\u00fa dopravu&nbsp; <\/strong><\/p>\n<p><strong>do vzdialenosti 41-50 km<\/strong><\/p>\n<p><strong>Porovnanie pr\u00e1va a spravodlivosti<\/strong>september 2007 - 8,75 PLN, j\u00fan 2011 - 10,72 PLN<\/p>\n<p><strong>pre PO zv\u00fd\u0161enie o +23% (+1,97 PLN)<\/strong><\/p>\n<p>&nbsp;<\/p>\n<p><strong>be\u017en\u00fd jednorazov\u00fd cestovn\u00fd l\u00edstok na cestu mestsk\u00fdm autobusom<\/strong><\/p>\n<p><strong>Porovnanie pr\u00e1va a spravodlivosti<\/strong>september 2007 - 2,01 PLN, j\u00fan 2011 - 2,30 PLN<\/p>\n<p><strong>pre PO n\u00e1rast o +14% (+0,29 PLN)<\/strong><\/p>\n<p>&nbsp;<\/p>\n<p><strong>cestovn\u00e9 za osobn\u00fa taxislu\u017ebu, denn\u00e1 sadzba za 5 km<\/strong><\/p>\n<p><strong>Porovnanie pr\u00e1va a spravodlivosti<\/strong>september 2007 - 13,38 PLN, j\u00fan 2011 - 15,41 PLN<\/p>\n<p><strong>pre PO n\u00e1rast o +15% (+2,03 PLN)<\/strong><\/p>\n<p>&nbsp;<\/p>\n<p><strong>l\u00edstok do kina<\/strong><\/p>\n<p><strong>Porovnanie pr\u00e1va a spravodlivosti<\/strong>september 2007 - 13,52 PLN, j\u00fan 2011 - 15,60 PLN<\/p>\n<p><strong>pre PO drah\u0161ie o +15% (+ 2,08 PLN)<\/strong><\/p>\n<p>&nbsp;<\/p>\n<p><strong>gazeta dziennik lokalny<\/strong><\/p>\n<p><strong>Porovnanie pr\u00e1va a spravodlivosti<\/strong>september 2007 - 1,32 PLN, j\u00fan 2011 - 1,75 PLN<\/p>\n<p><strong>pre PO zv\u00fd\u0161enie o +33% (+0,43 PLN)<\/strong><\/p>\n<p>&nbsp;<\/p>\n<p><strong>trval\u00e1 ondul\u00e1cia d\u00e1mskych vlasov za studena<\/strong><\/p>\n<p><strong>Porovnanie pr\u00e1va a spravodlivosti<\/strong>september 2007 - 54,79 PLN, j\u00fan 2011 - 66,27 PLN<\/p>\n<p><strong>pre PO o +21% (+11,48 PLN)<\/strong><\/p>\n<p>&nbsp;<\/p>\n<p><strong>p\u00e1nske strihy<\/strong><\/p>\n<p><strong>Porovnanie pr\u00e1va a spravodlivosti<\/strong>september 2007 - 12,24 PLN, j\u00fan 2011 - 15,35 PLN<\/p>\n<p><strong>pre PO n\u00e1rast o +25% (+3,11 PLN)<\/strong><\/p>\n<p>&nbsp;<\/p>\n<p><strong>zubn\u00e1 pasta, 125 ml<\/strong><\/p>\n<p><strong>Porovnanie PiS - PO:<\/strong> september 2007 - 8,27 PLN, j\u00fan 2011 - 8,48 PLN<\/p>\n<p><strong>pre PO zv\u00fd\u0161enie o +3% (+0,21 PLN)<\/strong><\/p>\n<p>&nbsp;<\/p>\n<p>Zdroj: publik\u00e1cia \u010cS\u00da \"Ceny v n\u00e1rodnom hospod\u00e1rstve\".<\/p>","protected":false},"excerpt":{"rendered":"<p>&nbsp; Por\u00f3wnanie cen detalicznych niekt\u00f3rych artyku\u0142\u00f3w \u017cywno\u015bciowych &nbsp; Por\u00f3wnanie PiS &#8211; PO: wrzesie\u0144 2007 z czerwcem 2011 &nbsp; Chleb pszenno-\u017cytni za 0,5 kg Por\u00f3wnanie PiS &#8211; PO: wrzesie\u0144 2007 &#8211; 1,65 z\u0142, czerwiec 2011 &#8211; 2,23 z\u0142 wzrost za D. Tuska +35% (+0,58 z\u0142) &nbsp; M\u0105ka pszenna \u201ePozna\u0144ska\u201d za 1 kg Por\u00f3wnanie PiS &#8211; PO: [&hellip;]<\/p>","protected":false},"author":6,"featured_media":0,"comment_status":"open","ping_status":"open","sticky":false,"template":"","format":"standard","meta":{"ngg_post_thumbnail":0,"footnotes":""},"categories":[3],"tags":[],"class_list":["post-61","post","type-post","status-publish","format-standard","hentry","category-wydarzenia"],"yoast_head":"<!-- This site is optimized with the Yoast SEO plugin v24.7 - https:\/\/yoast.com\/wordpress\/plugins\/seo\/ -->\n<title>Por\u00f3wnanie cen za rz\u0105d\u00f3w PiS i PO &#8211; Marek Kuchci\u0144ski<\/title>\n<meta name=\"robots\" content=\"index, follow, max-snippet:-1, max-image-preview:large, max-video-preview:-1\" \/>\n<link rel=\"canonical\" href=\"https:\/\/marekkuchcinski.pl\/sk\/wydarzenia\/porownanie-cen-za-rzadow-pis-i-po\/\" \/>\n<meta property=\"og:locale\" content=\"sk_SK\" \/>\n<meta property=\"og:type\" content=\"article\" \/>\n<meta property=\"og:title\" content=\"Por\u00f3wnanie cen za rz\u0105d\u00f3w PiS i PO &#8211; Marek Kuchci\u0144ski\" \/>\n<meta property=\"og:description\" content=\"&nbsp; Por\u00f3wnanie cen detalicznych niekt\u00f3rych artyku\u0142\u00f3w \u017cywno\u015bciowych &nbsp; Por\u00f3wnanie PiS &#8211; PO: wrzesie\u0144 2007 z czerwcem 2011 &nbsp; Chleb pszenno-\u017cytni za 0,5 kg Por\u00f3wnanie PiS &#8211; PO: wrzesie\u0144 2007 &#8211; 1,65 z\u0142, czerwiec 2011 &#8211; 2,23 z\u0142 wzrost za D. Tuska +35% (+0,58 z\u0142) &nbsp; M\u0105ka pszenna \u201ePozna\u0144ska\u201d za 1 kg Por\u00f3wnanie PiS &#8211; PO: [&hellip;]\" \/>\n<meta property=\"og:url\" content=\"https:\/\/marekkuchcinski.pl\/sk\/wydarzenia\/porownanie-cen-za-rzadow-pis-i-po\/\" \/>\n<meta property=\"og:site_name\" content=\"Marek Kuchci\u0144ski\" \/>\n<meta property=\"article:published_time\" content=\"2011-08-09T10:49:30+00:00\" \/>\n<meta property=\"article:modified_time\" content=\"2016-08-25T15:06:40+00:00\" \/>\n<meta property=\"og:image\" content=\"https:\/\/marekkuchcinski.pl\/wp-content\/uploads\/2022\/09\/Marek.jpg\" \/>\n\t<meta property=\"og:image:width\" content=\"1600\" \/>\n\t<meta property=\"og:image:height\" content=\"971\" \/>\n\t<meta property=\"og:image:type\" content=\"image\/jpeg\" \/>\n<meta name=\"author\" content=\"admin\" \/>\n<meta name=\"twitter:card\" content=\"summary_large_image\" \/>\n<meta name=\"twitter:label1\" content=\"Autor\" \/>\n\t<meta name=\"twitter:data1\" content=\"admin\" \/>\n\t<meta name=\"twitter:label2\" content=\"Predpokladan\u00fd \u010das \u010d\u00edtania\" \/>\n\t<meta name=\"twitter:data2\" content=\"5 min\u00fat\" \/>\n<script type=\"application\/ld+json\" class=\"yoast-schema-graph\">{\"@context\":\"https:\/\/schema.org\",\"@graph\":[{\"@type\":\"Article\",\"@id\":\"https:\/\/marekkuchcinski.pl\/hu\/wydarzenia\/porownanie-cen-za-rzadow-pis-i-po\/#article\",\"isPartOf\":{\"@id\":\"https:\/\/marekkuchcinski.pl\/hu\/wydarzenia\/porownanie-cen-za-rzadow-pis-i-po\/\"},\"author\":{\"name\":\"admin\",\"@id\":\"https:\/\/marekkuchcinski.pl\/#\/schema\/person\/6f62700996b4d950b6ea2d1183b6c6be\"},\"headline\":\"Por\u00f3wnanie cen za rz\u0105d\u00f3w PiS i PO\",\"datePublished\":\"2011-08-09T10:49:30+00:00\",\"dateModified\":\"2016-08-25T15:06:40+00:00\",\"mainEntityOfPage\":{\"@id\":\"https:\/\/marekkuchcinski.pl\/hu\/wydarzenia\/porownanie-cen-za-rzadow-pis-i-po\/\"},\"wordCount\":1112,\"commentCount\":0,\"publisher\":{\"@id\":\"https:\/\/marekkuchcinski.pl\/#organization\"},\"articleSection\":[\"Wydarzenia\"],\"inLanguage\":\"sk-SK\",\"potentialAction\":[{\"@type\":\"CommentAction\",\"name\":\"Comment\",\"target\":[\"https:\/\/marekkuchcinski.pl\/hu\/wydarzenia\/porownanie-cen-za-rzadow-pis-i-po\/#respond\"]}]},{\"@type\":\"WebPage\",\"@id\":\"https:\/\/marekkuchcinski.pl\/hu\/wydarzenia\/porownanie-cen-za-rzadow-pis-i-po\/\",\"url\":\"https:\/\/marekkuchcinski.pl\/hu\/wydarzenia\/porownanie-cen-za-rzadow-pis-i-po\/\",\"name\":\"Por\u00f3wnanie cen za rz\u0105d\u00f3w PiS i PO &#8211; Marek Kuchci\u0144ski\",\"isPartOf\":{\"@id\":\"https:\/\/marekkuchcinski.pl\/#website\"},\"datePublished\":\"2011-08-09T10:49:30+00:00\",\"dateModified\":\"2016-08-25T15:06:40+00:00\",\"breadcrumb\":{\"@id\":\"https:\/\/marekkuchcinski.pl\/hu\/wydarzenia\/porownanie-cen-za-rzadow-pis-i-po\/#breadcrumb\"},\"inLanguage\":\"sk-SK\",\"potentialAction\":[{\"@type\":\"ReadAction\",\"target\":[\"https:\/\/marekkuchcinski.pl\/hu\/wydarzenia\/porownanie-cen-za-rzadow-pis-i-po\/\"]}]},{\"@type\":\"BreadcrumbList\",\"@id\":\"https:\/\/marekkuchcinski.pl\/hu\/wydarzenia\/porownanie-cen-za-rzadow-pis-i-po\/#breadcrumb\",\"itemListElement\":[{\"@type\":\"ListItem\",\"position\":1,\"name\":\"Strona g\u0142\u00f3wna\",\"item\":\"https:\/\/marekkuchcinski.pl\/\"},{\"@type\":\"ListItem\",\"position\":2,\"name\":\"Por\u00f3wnanie cen za rz\u0105d\u00f3w PiS i PO\"}]},{\"@type\":\"WebSite\",\"@id\":\"https:\/\/marekkuchcinski.pl\/#website\",\"url\":\"https:\/\/marekkuchcinski.pl\/\",\"name\":\"Marek Kuchci\u0144ski\",\"description\":\"Pose\u0142 na sejm RP &ndash; okr\u0119g nr 22\",\"publisher\":{\"@id\":\"https:\/\/marekkuchcinski.pl\/#organization\"},\"potentialAction\":[{\"@type\":\"SearchAction\",\"target\":{\"@type\":\"EntryPoint\",\"urlTemplate\":\"https:\/\/marekkuchcinski.pl\/?s={search_term_string}\"},\"query-input\":{\"@type\":\"PropertyValueSpecification\",\"valueRequired\":true,\"valueName\":\"search_term_string\"}}],\"inLanguage\":\"sk-SK\"},{\"@type\":\"Organization\",\"@id\":\"https:\/\/marekkuchcinski.pl\/#organization\",\"name\":\"Marek Kuchci\u0144ski\",\"url\":\"https:\/\/marekkuchcinski.pl\/\",\"logo\":{\"@type\":\"ImageObject\",\"inLanguage\":\"sk-SK\",\"@id\":\"https:\/\/marekkuchcinski.pl\/#\/schema\/logo\/image\/\",\"url\":\"https:\/\/marekkuchcinski.pl\/wp-content\/uploads\/2022\/09\/Marek.jpg\",\"contentUrl\":\"https:\/\/marekkuchcinski.pl\/wp-content\/uploads\/2022\/09\/Marek.jpg\",\"width\":1600,\"height\":971,\"caption\":\"Marek Kuchci\u0144ski\"},\"image\":{\"@id\":\"https:\/\/marekkuchcinski.pl\/#\/schema\/logo\/image\/\"}},{\"@type\":\"Person\",\"@id\":\"https:\/\/marekkuchcinski.pl\/#\/schema\/person\/6f62700996b4d950b6ea2d1183b6c6be\",\"name\":\"admin\",\"image\":{\"@type\":\"ImageObject\",\"inLanguage\":\"sk-SK\",\"@id\":\"https:\/\/marekkuchcinski.pl\/#\/schema\/person\/image\/\",\"url\":\"https:\/\/secure.gravatar.com\/avatar\/4bab693b9d55c3d6b52c0296a8765085?s=96&d=mm&r=g\",\"contentUrl\":\"https:\/\/secure.gravatar.com\/avatar\/4bab693b9d55c3d6b52c0296a8765085?s=96&d=mm&r=g\",\"caption\":\"admin\"},\"url\":\"https:\/\/marekkuchcinski.pl\/sk\/author\/marta-olejnik\/\"}]}<\/script>\n<!-- \/ Yoast SEO plugin. -->","yoast_head_json":{"title":"Por\u00f3wnanie cen za rz\u0105d\u00f3w PiS i PO &#8211; Marek Kuchci\u0144ski","robots":{"index":"index","follow":"follow","max-snippet":"max-snippet:-1","max-image-preview":"max-image-preview:large","max-video-preview":"max-video-preview:-1"},"canonical":"https:\/\/marekkuchcinski.pl\/sk\/wydarzenia\/porownanie-cen-za-rzadow-pis-i-po\/","og_locale":"sk_SK","og_type":"article","og_title":"Por\u00f3wnanie cen za rz\u0105d\u00f3w PiS i PO &#8211; Marek Kuchci\u0144ski","og_description":"&nbsp; Por\u00f3wnanie cen detalicznych niekt\u00f3rych artyku\u0142\u00f3w \u017cywno\u015bciowych &nbsp; Por\u00f3wnanie PiS &#8211; PO: wrzesie\u0144 2007 z czerwcem 2011 &nbsp; Chleb pszenno-\u017cytni za 0,5 kg Por\u00f3wnanie PiS &#8211; PO: wrzesie\u0144 2007 &#8211; 1,65 z\u0142, czerwiec 2011 &#8211; 2,23 z\u0142 wzrost za D. Tuska +35% (+0,58 z\u0142) &nbsp; M\u0105ka pszenna \u201ePozna\u0144ska\u201d za 1 kg Por\u00f3wnanie PiS &#8211; PO: [&hellip;]","og_url":"https:\/\/marekkuchcinski.pl\/sk\/wydarzenia\/porownanie-cen-za-rzadow-pis-i-po\/","og_site_name":"Marek Kuchci\u0144ski","article_published_time":"2011-08-09T10:49:30+00:00","article_modified_time":"2016-08-25T15:06:40+00:00","og_image":[{"width":1600,"height":971,"url":"https:\/\/marekkuchcinski.pl\/wp-content\/uploads\/2022\/09\/Marek.jpg","type":"image\/jpeg"}],"author":"admin","twitter_card":"summary_large_image","twitter_misc":{"Autor":"admin","Predpokladan\u00fd \u010das \u010d\u00edtania":"5 min\u00fat"},"schema":{"@context":"https:\/\/schema.org","@graph":[{"@type":"Article","@id":"https:\/\/marekkuchcinski.pl\/hu\/wydarzenia\/porownanie-cen-za-rzadow-pis-i-po\/#article","isPartOf":{"@id":"https:\/\/marekkuchcinski.pl\/hu\/wydarzenia\/porownanie-cen-za-rzadow-pis-i-po\/"},"author":{"name":"admin","@id":"https:\/\/marekkuchcinski.pl\/#\/schema\/person\/6f62700996b4d950b6ea2d1183b6c6be"},"headline":"Por\u00f3wnanie cen za rz\u0105d\u00f3w PiS i PO","datePublished":"2011-08-09T10:49:30+00:00","dateModified":"2016-08-25T15:06:40+00:00","mainEntityOfPage":{"@id":"https:\/\/marekkuchcinski.pl\/hu\/wydarzenia\/porownanie-cen-za-rzadow-pis-i-po\/"},"wordCount":1112,"commentCount":0,"publisher":{"@id":"https:\/\/marekkuchcinski.pl\/#organization"},"articleSection":["Wydarzenia"],"inLanguage":"sk-SK","potentialAction":[{"@type":"CommentAction","name":"Comment","target":["https:\/\/marekkuchcinski.pl\/hu\/wydarzenia\/porownanie-cen-za-rzadow-pis-i-po\/#respond"]}]},{"@type":"WebPage","@id":"https:\/\/marekkuchcinski.pl\/hu\/wydarzenia\/porownanie-cen-za-rzadow-pis-i-po\/","url":"https:\/\/marekkuchcinski.pl\/hu\/wydarzenia\/porownanie-cen-za-rzadow-pis-i-po\/","name":"Por\u00f3wnanie cen za rz\u0105d\u00f3w PiS i PO &#8211; Marek Kuchci\u0144ski","isPartOf":{"@id":"https:\/\/marekkuchcinski.pl\/#website"},"datePublished":"2011-08-09T10:49:30+00:00","dateModified":"2016-08-25T15:06:40+00:00","breadcrumb":{"@id":"https:\/\/marekkuchcinski.pl\/hu\/wydarzenia\/porownanie-cen-za-rzadow-pis-i-po\/#breadcrumb"},"inLanguage":"sk-SK","potentialAction":[{"@type":"ReadAction","target":["https:\/\/marekkuchcinski.pl\/hu\/wydarzenia\/porownanie-cen-za-rzadow-pis-i-po\/"]}]},{"@type":"BreadcrumbList","@id":"https:\/\/marekkuchcinski.pl\/hu\/wydarzenia\/porownanie-cen-za-rzadow-pis-i-po\/#breadcrumb","itemListElement":[{"@type":"ListItem","position":1,"name":"Strona g\u0142\u00f3wna","item":"https:\/\/marekkuchcinski.pl\/"},{"@type":"ListItem","position":2,"name":"Por\u00f3wnanie cen za rz\u0105d\u00f3w PiS i PO"}]},{"@type":"WebSite","@id":"https:\/\/marekkuchcinski.pl\/#website","url":"https:\/\/marekkuchcinski.pl\/","name":"Marek Kuchci\u0144ski","description":"Pose\u0142 na sejm RP &ndash; okr\u0119g nr 22","publisher":{"@id":"https:\/\/marekkuchcinski.pl\/#organization"},"potentialAction":[{"@type":"SearchAction","target":{"@type":"EntryPoint","urlTemplate":"https:\/\/marekkuchcinski.pl\/?s={search_term_string}"},"query-input":{"@type":"PropertyValueSpecification","valueRequired":true,"valueName":"search_term_string"}}],"inLanguage":"sk-SK"},{"@type":"Organization","@id":"https:\/\/marekkuchcinski.pl\/#organization","name":"Marek Kuchci\u0144ski","url":"https:\/\/marekkuchcinski.pl\/","logo":{"@type":"ImageObject","inLanguage":"sk-SK","@id":"https:\/\/marekkuchcinski.pl\/#\/schema\/logo\/image\/","url":"https:\/\/marekkuchcinski.pl\/wp-content\/uploads\/2022\/09\/Marek.jpg","contentUrl":"https:\/\/marekkuchcinski.pl\/wp-content\/uploads\/2022\/09\/Marek.jpg","width":1600,"height":971,"caption":"Marek Kuchci\u0144ski"},"image":{"@id":"https:\/\/marekkuchcinski.pl\/#\/schema\/logo\/image\/"}},{"@type":"Person","@id":"https:\/\/marekkuchcinski.pl\/#\/schema\/person\/6f62700996b4d950b6ea2d1183b6c6be","name":"admin","image":{"@type":"ImageObject","inLanguage":"sk-SK","@id":"https:\/\/marekkuchcinski.pl\/#\/schema\/person\/image\/","url":"https:\/\/secure.gravatar.com\/avatar\/4bab693b9d55c3d6b52c0296a8765085?s=96&d=mm&r=g","contentUrl":"https:\/\/secure.gravatar.com\/avatar\/4bab693b9d55c3d6b52c0296a8765085?s=96&d=mm&r=g","caption":"admin"},"url":"https:\/\/marekkuchcinski.pl\/sk\/author\/marta-olejnik\/"}]}},"_links":{"self":[{"href":"https:\/\/marekkuchcinski.pl\/sk\/wp-json\/wp\/v2\/posts\/61","targetHints":{"allow":["GET"]}}],"collection":[{"href":"https:\/\/marekkuchcinski.pl\/sk\/wp-json\/wp\/v2\/posts"}],"about":[{"href":"https:\/\/marekkuchcinski.pl\/sk\/wp-json\/wp\/v2\/types\/post"}],"author":[{"embeddable":true,"href":"https:\/\/marekkuchcinski.pl\/sk\/wp-json\/wp\/v2\/users\/6"}],"replies":[{"embeddable":true,"href":"https:\/\/marekkuchcinski.pl\/sk\/wp-json\/wp\/v2\/comments?post=61"}],"version-history":[{"count":1,"href":"https:\/\/marekkuchcinski.pl\/sk\/wp-json\/wp\/v2\/posts\/61\/revisions"}],"predecessor-version":[{"id":1332,"href":"https:\/\/marekkuchcinski.pl\/sk\/wp-json\/wp\/v2\/posts\/61\/revisions\/1332"}],"wp:attachment":[{"href":"https:\/\/marekkuchcinski.pl\/sk\/wp-json\/wp\/v2\/media?parent=61"}],"wp:term":[{"taxonomy":"category","embeddable":true,"href":"https:\/\/marekkuchcinski.pl\/sk\/wp-json\/wp\/v2\/categories?post=61"},{"taxonomy":"post_tag","embeddable":true,"href":"https:\/\/marekkuchcinski.pl\/sk\/wp-json\/wp\/v2\/tags?post=61"}],"curies":[{"name":"wp","href":"https:\/\/api.w.org\/{rel}","templated":true}]}}