{"id":6051,"date":"2017-04-16T08:04:48","date_gmt":"2017-04-16T06:04:48","guid":{"rendered":"https:\/\/marekkuchcinski.pl\/?p=6051"},"modified":"2017-04-17T10:43:39","modified_gmt":"2017-04-17T08:43:39","slug":"sniadanie-wielkanocne-caritas-archidiecezji-przemyskiej","status":"publish","type":"post","link":"https:\/\/marekkuchcinski.pl\/sk\/wydarzenia\/sniadanie-wielkanocne-caritas-archidiecezji-przemyskiej\/","title":{"rendered":"Ve\u013ekono\u010dn\u00e9 ra\u0148ajky Caritas Przemy\u0161lskej arcidiec\u00e9zy"},"content":{"rendered":"<p>V predve\u010der sl\u00e1vnosti Kristovho zm\u0155tvychvstania, na Bielu sobotu \u00a0<a style=\"font-style: inherit; font-weight: inherit;\" href=\"http:\/\/www.przemysl.caritas.pl\/\">Caritas Przemy\u0161lskej arcidiec\u00e9zy<\/a>\u00a0zorganizovala ve\u013ekono\u010dn\u00e9 ra\u0148ajky pre \u013eud\u00ed bez domova, osamel\u00fdch a t\u00fdch, ktor\u00ed potrebuj\u00fa osobitn\u00fa pomoc, z mesta Przemysl a jeho okolia. Na stretnut\u00ed sa z\u00fa\u010dastnil przemysk\u00fd arcibiskup metropolita Adam Szal, ktor\u00fd po\u017eehnal jedlo na ve\u013ekono\u010dn\u00fd st\u00f4l a v\u0161etk\u00fdm pr\u00edtomn\u00fdm za\u017eelal ve\u013ekono\u010dn\u00e9 sviatky. Ve\u013ekono\u010dn\u00e9 \u017eelania vyslovil aj predseda po\u013esk\u00e9ho Sejmu -\u00a0<strong style=\"font-style: inherit;\">Marek Kuchci\u0144ski<\/strong>, z\u00e1stupca mar\u0161ala Podkarpatskej oblasti -\u00a0<strong style=\"font-style: inherit;\">Lucjan Ku\u017aniar<\/strong>\u00a0a prim\u00e1tor mesta Przemy\u015bl -\u00a0<strong style=\"font-style: inherit;\">Robert Choma<\/strong>, Przemysl Starost -\u00a0<strong style=\"font-style: inherit;\">Jan P\u0105czek\u00a0<\/strong>a hlavn\u00fd velite\u013e \u017eelezni\u010dnej pol\u00edcie -<strong>\u00a0<\/strong><strong style=\"font-style: inherit;\">Jozef Hal\u00edk<\/strong>.<\/p>\n<p>- Chcel by som v\u00e1m \u010do najsrde\u010dnej\u0161ie popria\u0165 zdravie, pokoj a ve\u013ek\u00fa n\u00e1dej, \u017ee d\u00f4jde k zmen\u00e1m a \u017ee \u0161t\u00e1tne org\u00e1ny sa bud\u00fa o v\u0161etk\u00fdch obyvate\u013eov na\u0161ej vlasti stara\u0165 s \u010doraz v\u00e4\u010d\u0161ou silou - povedal mar\u0161al Kuchci\u0144ski.<\/p>\n<p>Na z\u00e1ver\u00a0<strong style=\"font-style: inherit;\">P\u00e1ter Artur Janiec<\/strong>, riadite\u013e Caritas Przemy\u015blskej arcidiec\u00e9zy, pozval v\u0161etk\u00fdch k sl\u00e1vnostn\u00e9mu stolu.<\/p>\n<p><em>Text: R\u00e1dio Fara<\/em><\/p>\n<p><a href=\"https:\/\/marekkuchcinski.pl\/wp-content\/uploads\/2017\/04\/1-C9d4LteXUAAAjKH-1.jpg\"><img fetchpriority=\"high\" decoding=\"async\" class=\"alignnone wp-image-6058\" src=\"https:\/\/marekkuchcinski.pl\/wp-content\/uploads\/2017\/04\/1-C9d4LteXUAAAjKH-1.jpg\" alt=\"1-C9d4LteXUAAAjKH\" width=\"1207\" height=\"1127\" srcset=\"https:\/\/marekkuchcinski.pl\/wp-content\/uploads\/2017\/04\/1-C9d4LteXUAAAjKH-1.jpg 879w, https:\/\/marekkuchcinski.pl\/wp-content\/uploads\/2017\/04\/1-C9d4LteXUAAAjKH-1-300x280.jpg 300w, https:\/\/marekkuchcinski.pl\/wp-content\/uploads\/2017\/04\/1-C9d4LteXUAAAjKH-1-768x717.jpg 768w\" sizes=\"(max-width: 1207px) 100vw, 1207px\" \/><\/a><em>Foto: Facebook Caritas<\/em><a href=\"https:\/\/marekkuchcinski.pl\/wp-content\/uploads\/2017\/04\/58f22aae3bd59_p.jpg\"><img decoding=\"async\" class=\"alignnone wp-image-6054\" src=\"https:\/\/marekkuchcinski.pl\/wp-content\/uploads\/2017\/04\/58f22aae3bd59_p.jpg\" alt=\"58f22aae3bd59_p\" width=\"1177\" height=\"872\" srcset=\"https:\/\/marekkuchcinski.pl\/wp-content\/uploads\/2017\/04\/58f22aae3bd59_p.jpg 780w, https:\/\/marekkuchcinski.pl\/wp-content\/uploads\/2017\/04\/58f22aae3bd59_p-300x222.jpg 300w, https:\/\/marekkuchcinski.pl\/wp-content\/uploads\/2017\/04\/58f22aae3bd59_p-768x568.jpg 768w\" sizes=\"(max-width: 1177px) 100vw, 1177px\" \/><\/a><\/p>\n<div class=\"fotoContentStream\">\n<p class=\"autor\"><em>foto: \u0141ukasz Solski, Nowiny24<\/em><\/p>\n<\/div>","protected":false},"excerpt":{"rendered":"<p>W przededniu Uroczysto\u015bci Zmartwychwstania Pa\u0144skiego, tj. w Wielk\u0105 Sobot\u0119 \u00a0Caritas Archidiecezji Przemyskiej\u00a0zorganizowa\u0142a \u015bniadanie wielkanocne dla os\u00f3b bezdomnych, samotnych i potrzebuj\u0105cych szczeg\u00f3lnej pomocy, pochodz\u0105cych z terenu miasta Przemy\u015bla i okolic. W spotkaniu uczestniczy\u0142 Metropolita Przemyski abp Adam Szal, kt\u00f3ry pob\u0142ogos\u0142awi\u0142 pokarmy na st\u00f3\u0142 wielkanocny oraz z\u0142o\u017cy\u0142 wszystkim obecnym \u017cyczenia \u015bwi\u0105teczne. \u017byczenia Wielkanocne z\u0142o\u017cyli r\u00f3wnie\u017c Marsza\u0142ek Sejmu [&hellip;]<\/p>\n","protected":false},"author":6,"featured_media":6057,"comment_status":"open","ping_status":"open","sticky":false,"template":"","format":"standard","meta":{"ngg_post_thumbnail":0,"footnotes":""},"categories":[49,3],"tags":[],"class_list":["post-6051","post","type-post","status-publish","format-standard","has-post-thumbnail","hentry","category-podkarpacie","category-wydarzenia"],"_links":{"self":[{"href":"https:\/\/marekkuchcinski.pl\/sk\/wp-json\/wp\/v2\/posts\/6051","targetHints":{"allow":["GET"]}}],"collection":[{"href":"https:\/\/marekkuchcinski.pl\/sk\/wp-json\/wp\/v2\/posts"}],"about":[{"href":"https:\/\/marekkuchcinski.pl\/sk\/wp-json\/wp\/v2\/types\/post"}],"author":[{"embeddable":true,"href":"https:\/\/marekkuchcinski.pl\/sk\/wp-json\/wp\/v2\/users\/6"}],"replies":[{"embeddable":true,"href":"https:\/\/marekkuchcinski.pl\/sk\/wp-json\/wp\/v2\/comments?post=6051"}],"version-history":[{"count":8,"href":"https:\/\/marekkuchcinski.pl\/sk\/wp-json\/wp\/v2\/posts\/6051\/revisions"}],"predecessor-version":[{"id":6077,"href":"https:\/\/marekkuchcinski.pl\/sk\/wp-json\/wp\/v2\/posts\/6051\/revisions\/6077"}],"wp:featuredmedia":[{"embeddable":true,"href":"https:\/\/marekkuchcinski.pl\/sk\/wp-json\/wp\/v2\/media\/6057"}],"wp:attachment":[{"href":"https:\/\/marekkuchcinski.pl\/sk\/wp-json\/wp\/v2\/media?parent=6051"}],"wp:term":[{"taxonomy":"category","embeddable":true,"href":"https:\/\/marekkuchcinski.pl\/sk\/wp-json\/wp\/v2\/categories?post=6051"},{"taxonomy":"post_tag","embeddable":true,"href":"https:\/\/marekkuchcinski.pl\/sk\/wp-json\/wp\/v2\/tags?post=6051"}],"curies":[{"name":"wp","href":"https:\/\/api.w.org\/{rel}","templated":true}]}}