{"id":6033,"date":"2017-04-13T14:45:39","date_gmt":"2017-04-13T12:45:39","guid":{"rendered":"https:\/\/marekkuchcinski.pl\/?p=6033"},"modified":"2017-04-14T09:57:46","modified_gmt":"2017-04-14T07:57:46","slug":"74-rocznica-ujawnienia-zbrodni-katynskiej","status":"publish","type":"post","link":"https:\/\/marekkuchcinski.pl\/sk\/wazne-daty\/74-rocznica-ujawnienia-zbrodni-katynskiej\/","title":{"rendered":"74. v\u00fdro\u010die odhalenia katy\u0148sk\u00e9ho masakru"},"content":{"rendered":"<p>De\u0148 spomienky na katy\u0148sk\u00fd masaker pripad\u00e1 na v\u00fdro\u010die zverejnenia prv\u00fdch inform\u00e1ci\u00ed o objaven\u00ed masov\u00fdch hrobov po\u013esk\u00fdch d\u00f4stojn\u00edkov nemeckou agent\u00farou Transocean.<\/p>\n<p>Na najvy\u0161\u0161ej \u00farovni ruskej vl\u00e1dy - Stalin, Berija, Merkulov, Rajohman - bolo v marci 1940 prijat\u00e9 rozhodnutie o vyvra\u017eden\u00ed vojnov\u00fdch zajatcov zadr\u017eiavan\u00fdch v t\u00e1boroch v Kozelsku, Starobelsku a Osta\u0161kove ako vyhl\u00e1sen\u00fdch nepriate\u013eov sovietskej moci, ktor\u00ed neprejavili n\u00e1dej na zlep\u0161enie. O mesiac nesk\u00f4r sa za\u010dala likvid\u00e1cia t\u00e1borov.<\/p>\n<p>Viac ako 20 000 po\u013esk\u00fdch d\u00f4stojn\u00edkov, elita po\u013eskej spolo\u010dnosti, bolo zavra\u017eden\u00fdch v mene chorej politiky. Rusi sa k tomuto zlo\u010dinu dlh\u00e9 roky neprizn\u00e1vali a v Po\u013esku za komunistickej \u00e9ry hrozilo, \u017ee sa o \u0148om bude hovori\u0165. Tento zlo\u010din, ktor\u00fd je genoc\u00eddou, vojnov\u00fdm zlo\u010dinom a zlo\u010dinom proti \u013eudskosti, st\u00e1le nie je objasnen\u00fd.<\/p>\n<p><a href=\"https:\/\/marekkuchcinski.pl\/wp-content\/uploads\/2017\/04\/C9PHWvXXsAEmOjb.png\"><img fetchpriority=\"high\" decoding=\"async\" class=\"alignnone size-full wp-image-6038\" src=\"https:\/\/marekkuchcinski.pl\/wp-content\/uploads\/2017\/04\/C9PHWvXXsAEmOjb.png\" alt=\"C9PHWvXXsAEmOjb\" width=\"1200\" height=\"675\" srcset=\"https:\/\/marekkuchcinski.pl\/wp-content\/uploads\/2017\/04\/C9PHWvXXsAEmOjb.png 1200w, https:\/\/marekkuchcinski.pl\/wp-content\/uploads\/2017\/04\/C9PHWvXXsAEmOjb-300x169.png 300w, https:\/\/marekkuchcinski.pl\/wp-content\/uploads\/2017\/04\/C9PHWvXXsAEmOjb-768x432.png 768w, https:\/\/marekkuchcinski.pl\/wp-content\/uploads\/2017\/04\/C9PHWvXXsAEmOjb-1024x576.png 1024w\" sizes=\"(max-width: 1200px) 100vw, 1200px\" \/><\/a><\/p>\n<p>&nbsp;<\/p>","protected":false},"excerpt":{"rendered":"<p>Dzie\u0144 Pami\u0119ci Ofiar Zbrodni Katy\u0144skiej przypada w rocznic\u0119 opublikowania przez niemieck\u0105 Agencj\u0119 Transocean\u00a0pierwszych informacji o odkryciu masowych grob\u00f3w polskich oficer\u00f3w. Na najwy\u017cszym szczeblu w\u0142adz rosyjskich \u2013 Stalin, Beria, Mierku\u0142ow, Rajohman \u2013 w marcu 1940 roku zapad\u0142a decyzja o zamordowaniu je\u0144c\u00f3w przetrzymywanych w obozach w Kozielsku, Starobielsku i Ostaszkowie jako zdeklarowanych i nierokuj\u0105cych nadziei poprawy wrog\u00f3w [&hellip;]<\/p>\n","protected":false},"author":6,"featured_media":6034,"comment_status":"open","ping_status":"open","sticky":false,"template":"","format":"standard","meta":{"ngg_post_thumbnail":0,"footnotes":""},"categories":[77],"tags":[],"class_list":["post-6033","post","type-post","status-publish","format-standard","has-post-thumbnail","hentry","category-wazne-daty"],"_links":{"self":[{"href":"https:\/\/marekkuchcinski.pl\/sk\/wp-json\/wp\/v2\/posts\/6033","targetHints":{"allow":["GET"]}}],"collection":[{"href":"https:\/\/marekkuchcinski.pl\/sk\/wp-json\/wp\/v2\/posts"}],"about":[{"href":"https:\/\/marekkuchcinski.pl\/sk\/wp-json\/wp\/v2\/types\/post"}],"author":[{"embeddable":true,"href":"https:\/\/marekkuchcinski.pl\/sk\/wp-json\/wp\/v2\/users\/6"}],"replies":[{"embeddable":true,"href":"https:\/\/marekkuchcinski.pl\/sk\/wp-json\/wp\/v2\/comments?post=6033"}],"version-history":[{"count":3,"href":"https:\/\/marekkuchcinski.pl\/sk\/wp-json\/wp\/v2\/posts\/6033\/revisions"}],"predecessor-version":[{"id":6039,"href":"https:\/\/marekkuchcinski.pl\/sk\/wp-json\/wp\/v2\/posts\/6033\/revisions\/6039"}],"wp:featuredmedia":[{"embeddable":true,"href":"https:\/\/marekkuchcinski.pl\/sk\/wp-json\/wp\/v2\/media\/6034"}],"wp:attachment":[{"href":"https:\/\/marekkuchcinski.pl\/sk\/wp-json\/wp\/v2\/media?parent=6033"}],"wp:term":[{"taxonomy":"category","embeddable":true,"href":"https:\/\/marekkuchcinski.pl\/sk\/wp-json\/wp\/v2\/categories?post=6033"},{"taxonomy":"post_tag","embeddable":true,"href":"https:\/\/marekkuchcinski.pl\/sk\/wp-json\/wp\/v2\/tags?post=6033"}],"curies":[{"name":"wp","href":"https:\/\/api.w.org\/{rel}","templated":true}]}}