{"id":569,"date":"2015-11-04T18:15:08","date_gmt":"2015-11-04T17:15:08","guid":{"rendered":"https:\/\/marekkuchcinski.pl\/wrzesien-2013\/"},"modified":"2016-08-25T16:58:23","modified_gmt":"2016-08-25T14:58:23","slug":"wrzesien-2013","status":"publish","type":"post","link":"https:\/\/marekkuchcinski.pl\/sk\/bez-kategorii\/wrzesien-2013\/","title":{"rendered":"SEPTEMBER 2013"},"content":{"rendered":"<p><strong>1. septembra 2013<\/strong><\/p>\n<p>9.00-12.00, okres Kolbuszowa, otvoren\u00e9 stretnutie s obyvate\u013emi<\/p>\n<p>14.00-17.00 Ropczycko-s\u0119dziszowski okres - Ostr\u00f3w\/Ocieka, otvoren\u00e9 stretnutie s obyvate\u013emi, komunitn\u00e9 do\u017einky<\/p>\n<p>  <!--more-->  <\/p>\n<p><strong>2. septembra 2013<\/strong><\/p>\n<p>13.00 Rzesz\u00f3w, tla\u010dov\u00e1 konferencia za \u00fa\u010dasti: poslanec Stanis\u0142aw O\u017c\u00f3g, poslanec Kazimierz Moskal, sen\u00e1tor Zdzis\u0142aw Pupa, t\u00e9ma dopl\u0148uj\u00face vo\u013eby do Sen\u00e1tu, predstavenie kandid\u00e1ta<\/p>\n<p>17.00-18.30 Okres Kolbuszowa, Cmolas, samospr\u00e1vne kult\u00farne centrum, otvoren\u00e9 stretnutie s obyvate\u013emi<\/p>\n<p>19.00-20.00 Okres Kolbuszowa, Wola Rani\u017cowska, Dom hasi\u010dov, otvoren\u00e9 stretnutie s obyvate\u013emi<\/p>\n<p><strong>3. septembra 2013<\/strong><\/p>\n<p>Ekonomick\u00e9 f\u00f3rum v Krynici. Stretnutie s deleg\u00e1ciou slovensk\u00fdch poslancov, t\u00e9ma: Politick\u00e1 spolupr\u00e1ca v karpatskom priestore.<\/p>\n<p>Stretnutie s podpredsedom Sen\u00e1tu \u010ceskej republiky Politick\u00e1 spolupr\u00e1ca v karpatskom priestore<\/p>\n<p>Stretnutie s deleg\u00e1ciou ma\u010farsk\u00fdch poslancov, t\u00e9ma: Politick\u00e1 spolupr\u00e1ca v karpatskom priestore<\/p>\n<p><strong>4. septembra 2013<\/strong><\/p>\n<p>Ekonomick\u00e9 f\u00f3rum v Krynici. Konferencia \"Karpatsk\u00e1 Eur\u00f3pa\" v r\u00e1mci Ekonomick\u00e9ho f\u00f3ra<\/p>\n<p><strong>6. septembra 2013<\/strong><\/p>\n<p>19.00-20.30 Ropczycko-s\u0119dziszowski okres, Lubzina, otvoren\u00e9 stretnutie s obyvate\u013emi<\/p>\n<p><strong>7. septembra 2013<\/strong><\/p>\n<p>Rzesz\u00f3w, s\u00e1la Podpromie 2. ro\u010dn\u00edk \"F\u00f3ra alpsko-karpatskej spolupr\u00e1ce\", panel: Eur\u00f3pska politick\u00e1 a hospod\u00e1rska spolupr\u00e1ca pre Alpy a Karpaty<\/p>\n<p>17.00-18.00 okres Podd\u0119bice, hala OSP v Podd\u0119biciach, otvoren\u00e9 stretnutie s obyvate\u013emi<\/p>\n<p>18.30 - 20.20, zgierski poviat, Sala w Sp\u00f3\u0142dzielni Mieszkaniowej w Ozorkowie, otvoren\u00e9 stretnutie s obyvate\u013emi<\/p>\n<p><strong>8. septembra 2013<\/strong><\/p>\n<p>12.15-13.30, okres Warszewice, do\u017einkov\u00e9 sl\u00e1vnosti, otvoren\u00e9 stretnutie s obyvate\u013emi<\/p>\n<p>14.30-15.30 \u0141ask county, \u0141ask Ransom, do\u017einky, otvoren\u00e9 stretnutie s obyvate\u013emi<\/p>\n<p>16.30-17.30 Wielu\u0144ski okres, Skomlin, do\u017einky , otvoren\u00e9 stretnutie s obyvate\u013emi<\/p>\n<p><strong>9. septembra 2013<\/strong><\/p>\n<p>16:30 Okres Zdu\u0144ska Wola, Zdu\u0144ska Wola - Pam\u00e4tn\u00e9 centrum sv\u00e4t\u00e9ho Maximili\u00e1na Kolbeho, otvoren\u00e9 stretnutie t\u00e9ma: diskusia o Po\u013esku, nezamestnanosti, zdravotn\u00edctve, vzdel\u00e1van\u00ed<\/p>\n<p>18.30-20.00 okres Sieradz, Sieradz, farsk\u00fd \u00farad V\u0161etk\u00fdch sv\u00e4t\u00fdch, polo\u017eenie kvetov k pam\u00e4tn\u00edku obetiam smolenskej katastrofy, otvoren\u00e9 stretnutie s obyvate\u013emi<\/p>\n<p><strong>10. septembra 2013<\/strong><\/p>\n<p>Var\u0161ava Spomienka na smolensk\u00fa katastrofu - om\u0161a o 8.00 hod. v Semin\u00e1rnom kostole, polo\u017eenie kvetov a zap\u00e1lenie symbolick\u00fdch svie\u010dok v Prezidentskom pal\u00e1ci a na vojenskom cintor\u00edne Pow\u0105zki<\/p>\n<p>17.00 Zasadnutie parlamentn\u00e9ho klubu Pr\u00e1vo a spravodlivos\u0165<\/p>\n<p><strong>11. septembra 2013<\/strong><\/p>\n<p>Zasadnutie po\u013esk\u00e9ho Sejmu<\/p>\n<p>Var\u0161ava, po\u013esk\u00fd parlament, otvorenie v\u00fdstavy a konferencie k 330. v\u00fdro\u010diu Vikt\u00f3rie Viedenskej<\/p>\n<p><strong>12. septembra 2013<\/strong><\/p>\n<p>Zasadnutie po\u013esk\u00e9ho Sejmu<\/p>\n<p><strong>13. septembra 2013<\/strong><\/p>\n<p>Zasadnutie po\u013esk\u00e9ho Sejmu<\/p>\n<p><strong>14. septembra 2013<\/strong><\/p>\n<p>Var\u0161ava, po\u013esk\u00fd parlament, konferencia \"Pr\u00e1ca a mzdy, \u0161t\u00e1t a trh\"<\/p>\n<p><strong>15. septembra 2013<\/strong><\/p>\n<p>Cz\u0119stochowa, Jasn\u00e1 Hora, 31. n\u00e1rodn\u00e1 p\u00fa\u0165 pracuj\u00faceho \u013eudu<\/p>\n<p><strong>20. septembra 2013<\/strong><\/p>\n<p>10.00 Przemy\u015bl, slu\u017eba poslanca v poslaneckej kancel\u00e1rii<\/p>\n<p><strong>21. septembra 2013<\/strong><\/p>\n<p>12:30, okres Jaros\u0142aw, Jaros\u0142aw, \u0161portov\u00e1 hala, otvoren\u00e9 stretnutie s obyvate\u013emi na t\u00e9mu: rozhovory o Po\u013esku, politick\u00e1 situ\u00e1cia v krajine, programov\u00e9 predpoklady PiS<\/p>\n<p>18:30, Korzenna, hasi\u010dsk\u00e1 stanica, otvoren\u00e9 stretnutie s obyvate\u013emi, t\u00e9ma: diskusia o Po\u013esku, politick\u00e1 situ\u00e1cia v krajine, programov\u00e9 predpoklady PiS<\/p>\n<p><strong>22. septembra 2013<\/strong><\/p>\n<p>18.00 Tatrza\u0144ski pov. Zakopan\u00e9, hotel Versailles, otvoren\u00e9 stretnutie s obyvate\u013emi, t\u00e9ma: diskusia o Po\u013esku, politick\u00e1 situ\u00e1cia v krajine, predpoklady programu Pr\u00e1vo a spravodlivos\u0165<\/p>\n<p><strong>23. septembra 2013<\/strong><\/p>\n<p>10.45-15.30 Var\u0161ava, Wolski cintor\u00edn, Sejm Po\u013eskej republiky, z\u00e1stupcovia ukrajinskej demokratickej opoz\u00edcie, t\u00e9ma: Nadviazanie trvalej spolupr\u00e1ce medzi stranou Pr\u00e1vo a spravodlivos\u0165 a ukrajinskou demokratickou opoz\u00edciou.<\/p>\n<p><strong>24. septembra 2013<\/strong><\/p>\n<p>18.00 Zasadnutie parlamentn\u00e9ho klubu Pr\u00e1vo a spravodlivos\u0165<\/p>\n<p><strong>25. septembra 2013<\/strong><\/p>\n<p>Zasadnutie po\u013esk\u00e9ho Sejmu<\/p>\n<p>Var\u0161ava, Sejm RP, Otvorenie v\u00fdstavy obrazov \u00fa\u010dastn\u00edkov Komunitn\u00e9ho centra svojpomoci v Sochaczewe pri pr\u00edle\u017eitosti 15. v\u00fdro\u010dia jeho zalo\u017eenia<\/p>\n<p><strong>26. septembra 2013<\/strong><\/p>\n<p>Zasadnutie po\u013esk\u00e9ho Sejmu<\/p>\n<p>Var\u0161ava, Sejm Po\u013eskej republiky, otvorenie v\u00fdstavy \"Paleta farieb pohrani\u010dia\". \"Paleta farieb pohrani\u010dia\".<\/p>\n<p><strong>27. septembra 2013<\/strong><\/p>\n<p>Zasadnutie po\u013esk\u00e9ho Sejmu<\/p>\n<p><strong>28. septembra 2013<\/strong><\/p>\n<p>13.00 h, okres Bielsk - GOK, otvoren\u00e9 stretnutie s obyvate\u013emi, t\u00e9ma: diskusia o Po\u013esku, politick\u00e1 situ\u00e1cia v krajine, programov\u00e9 predpoklady PiS<\/p>\n<p>16.00 okres Golub-Dobrzy\u0144, Golub-Dobrzy\u0144, radnica, otvoren\u00e9 stretnutie s obyvate\u013emi, t\u00e9ma: diskusia o Po\u013esku, politick\u00e1 situ\u00e1cia v krajine, programov\u00e9 predpoklady PiS<\/p>\n<p>18.30 W\u0105brze\u017ano, W\u0105brze\u017ano - banketov\u00e1 sie\u0148 Malta, otvoren\u00e9 stretnutie s obyvate\u013emi, t\u00e9ma: diskusia o Po\u013esku, politick\u00e1 situ\u00e1cia v krajine, programov\u00e9 predpoklady PiS<\/p>\n<p><strong>29. septembra 2013<\/strong><\/p>\n<p>13:00 Gniezno, Gniezno - Sala Medyka, otvoren\u00e9 stretnutie s obyvate\u013emi, t\u00e9ma: diskusia o Po\u013esku, politick\u00e1 situ\u00e1cia v krajine, predpoklady programu Pr\u00e1vo a spravodlivos\u0165<\/p>\n<p>16:00, okres Konin, Wilczyn - kult\u00farne centrum obce, otvoren\u00e9 stretnutie s obyvate\u013emi, t\u00e9ma: diskusia o Po\u013esku, politick\u00e1 situ\u00e1cia v krajine, programov\u00e9 predpoklady Pr\u00e1va a spravodlivosti<\/p>\n<p>19.00 Kolski poviat, Ko\u0142o - Kult\u00farne centrum, otvoren\u00e9 stretnutie s obyvate\u013emi, t\u00e9ma: diskusia o Po\u013esku, politick\u00e1 situ\u00e1cia v krajine, programov\u00e9 predpoklady PiS<\/p>\n<p>Gniezna, stretnutie s otcom Janom Kasprowiczom, far\u00e1rom gniezenskej katedr\u00e1ly, a n\u00e1v\u0161teva Arcidiec\u00e9zneho arch\u00edvu, obozn\u00e1menie sa s projektom \"Invent\u00e1r gniezenskej katedr\u00e1lnej kni\u017enice\" a my\u0161lienkou zriadenia Patron\u00e1tu pokladov Slova.<\/p>\n<p><strong>30. septembra 2013<\/strong><\/p>\n<p>17:00 Przeworsk, zasadnutie predstavenstva okresu 22-Krosno<\/p>\n<p>&nbsp;<\/p>","protected":false},"excerpt":{"rendered":"<p>1 wrze\u015bnia 2013 godz. 9.00-12.00 pow. kolbuszowski, Kolbuszowa, spotkanie otwarte, wyborcze z mieszka\u0144cami godz. 14.00-17.00 pow. ropczycko-s\u0119dziszowski&nbsp; &#8211; Ostr\u00f3w\/Ocieka, spotkanie otwarte, wyborcze z mieszka\u0144cami, do\u017cynki gminne<\/p>","protected":false},"author":6,"featured_media":0,"comment_status":"open","ping_status":"open","sticky":false,"template":"","format":"standard","meta":{"ngg_post_thumbnail":0,"footnotes":""},"categories":[1],"tags":[],"class_list":["post-569","post","type-post","status-publish","format-standard","hentry","category-bez-kategorii"],"yoast_head":"<!-- This site is optimized with the Yoast SEO plugin v24.7 - https:\/\/yoast.com\/wordpress\/plugins\/seo\/ -->\n<title>WRZESIE\u0143 2013 &#8211; Marek Kuchci\u0144ski<\/title>\n<meta name=\"robots\" content=\"index, follow, max-snippet:-1, max-image-preview:large, max-video-preview:-1\" \/>\n<link rel=\"canonical\" href=\"https:\/\/marekkuchcinski.pl\/sk\/bez-kategorii\/wrzesien-2013\/\" \/>\n<meta property=\"og:locale\" content=\"sk_SK\" \/>\n<meta property=\"og:type\" content=\"article\" \/>\n<meta property=\"og:title\" content=\"WRZESIE\u0143 2013 &#8211; Marek Kuchci\u0144ski\" \/>\n<meta property=\"og:description\" content=\"1 wrze\u015bnia 2013 godz. 9.00-12.00 pow. kolbuszowski, Kolbuszowa, spotkanie otwarte, wyborcze z mieszka\u0144cami godz. 14.00-17.00 pow. ropczycko-s\u0119dziszowski&nbsp; &#8211; Ostr\u00f3w\/Ocieka, spotkanie otwarte, wyborcze z mieszka\u0144cami, do\u017cynki gminne\" \/>\n<meta property=\"og:url\" content=\"https:\/\/marekkuchcinski.pl\/sk\/bez-kategorii\/wrzesien-2013\/\" \/>\n<meta property=\"og:site_name\" content=\"Marek Kuchci\u0144ski\" \/>\n<meta property=\"article:published_time\" content=\"2015-11-04T17:15:08+00:00\" \/>\n<meta property=\"article:modified_time\" content=\"2016-08-25T14:58:23+00:00\" \/>\n<meta property=\"og:image\" content=\"https:\/\/marekkuchcinski.pl\/wp-content\/uploads\/2022\/09\/Marek.jpg\" \/>\n\t<meta property=\"og:image:width\" content=\"1600\" \/>\n\t<meta property=\"og:image:height\" content=\"971\" \/>\n\t<meta property=\"og:image:type\" content=\"image\/jpeg\" \/>\n<meta name=\"author\" content=\"admin\" \/>\n<meta name=\"twitter:card\" content=\"summary_large_image\" \/>\n<meta name=\"twitter:label1\" content=\"Autor\" \/>\n\t<meta name=\"twitter:data1\" content=\"admin\" \/>\n\t<meta name=\"twitter:label2\" content=\"Predpokladan\u00fd \u010das \u010d\u00edtania\" \/>\n\t<meta name=\"twitter:data2\" content=\"4 min\u00faty\" \/>\n<script type=\"application\/ld+json\" class=\"yoast-schema-graph\">{\"@context\":\"https:\/\/schema.org\",\"@graph\":[{\"@type\":\"Article\",\"@id\":\"https:\/\/marekkuchcinski.pl\/bez-kategorii\/wrzesien-2013\/#article\",\"isPartOf\":{\"@id\":\"https:\/\/marekkuchcinski.pl\/bez-kategorii\/wrzesien-2013\/\"},\"author\":{\"name\":\"admin\",\"@id\":\"https:\/\/marekkuchcinski.pl\/#\/schema\/person\/6f62700996b4d950b6ea2d1183b6c6be\"},\"headline\":\"WRZESIE\u0143 2013\",\"datePublished\":\"2015-11-04T17:15:08+00:00\",\"dateModified\":\"2016-08-25T14:58:23+00:00\",\"mainEntityOfPage\":{\"@id\":\"https:\/\/marekkuchcinski.pl\/bez-kategorii\/wrzesien-2013\/\"},\"wordCount\":845,\"commentCount\":0,\"publisher\":{\"@id\":\"https:\/\/marekkuchcinski.pl\/#organization\"},\"articleSection\":[\"Bez kategorii\"],\"inLanguage\":\"sk-SK\",\"potentialAction\":[{\"@type\":\"CommentAction\",\"name\":\"Comment\",\"target\":[\"https:\/\/marekkuchcinski.pl\/bez-kategorii\/wrzesien-2013\/#respond\"]}]},{\"@type\":\"WebPage\",\"@id\":\"https:\/\/marekkuchcinski.pl\/bez-kategorii\/wrzesien-2013\/\",\"url\":\"https:\/\/marekkuchcinski.pl\/bez-kategorii\/wrzesien-2013\/\",\"name\":\"WRZESIE\u0143 2013 &#8211; Marek Kuchci\u0144ski\",\"isPartOf\":{\"@id\":\"https:\/\/marekkuchcinski.pl\/#website\"},\"datePublished\":\"2015-11-04T17:15:08+00:00\",\"dateModified\":\"2016-08-25T14:58:23+00:00\",\"breadcrumb\":{\"@id\":\"https:\/\/marekkuchcinski.pl\/bez-kategorii\/wrzesien-2013\/#breadcrumb\"},\"inLanguage\":\"sk-SK\",\"potentialAction\":[{\"@type\":\"ReadAction\",\"target\":[\"https:\/\/marekkuchcinski.pl\/bez-kategorii\/wrzesien-2013\/\"]}]},{\"@type\":\"BreadcrumbList\",\"@id\":\"https:\/\/marekkuchcinski.pl\/bez-kategorii\/wrzesien-2013\/#breadcrumb\",\"itemListElement\":[{\"@type\":\"ListItem\",\"position\":1,\"name\":\"Strona g\u0142\u00f3wna\",\"item\":\"https:\/\/marekkuchcinski.pl\/\"},{\"@type\":\"ListItem\",\"position\":2,\"name\":\"WRZESIE\u0143 2013\"}]},{\"@type\":\"WebSite\",\"@id\":\"https:\/\/marekkuchcinski.pl\/#website\",\"url\":\"https:\/\/marekkuchcinski.pl\/\",\"name\":\"Marek Kuchci\u0144ski\",\"description\":\"Pose\u0142 na sejm RP &ndash; okr\u0119g nr 22\",\"publisher\":{\"@id\":\"https:\/\/marekkuchcinski.pl\/#organization\"},\"potentialAction\":[{\"@type\":\"SearchAction\",\"target\":{\"@type\":\"EntryPoint\",\"urlTemplate\":\"https:\/\/marekkuchcinski.pl\/?s={search_term_string}\"},\"query-input\":{\"@type\":\"PropertyValueSpecification\",\"valueRequired\":true,\"valueName\":\"search_term_string\"}}],\"inLanguage\":\"sk-SK\"},{\"@type\":\"Organization\",\"@id\":\"https:\/\/marekkuchcinski.pl\/#organization\",\"name\":\"Marek Kuchci\u0144ski\",\"url\":\"https:\/\/marekkuchcinski.pl\/\",\"logo\":{\"@type\":\"ImageObject\",\"inLanguage\":\"sk-SK\",\"@id\":\"https:\/\/marekkuchcinski.pl\/#\/schema\/logo\/image\/\",\"url\":\"https:\/\/marekkuchcinski.pl\/wp-content\/uploads\/2022\/09\/Marek.jpg\",\"contentUrl\":\"https:\/\/marekkuchcinski.pl\/wp-content\/uploads\/2022\/09\/Marek.jpg\",\"width\":1600,\"height\":971,\"caption\":\"Marek Kuchci\u0144ski\"},\"image\":{\"@id\":\"https:\/\/marekkuchcinski.pl\/#\/schema\/logo\/image\/\"}},{\"@type\":\"Person\",\"@id\":\"https:\/\/marekkuchcinski.pl\/#\/schema\/person\/6f62700996b4d950b6ea2d1183b6c6be\",\"name\":\"admin\",\"image\":{\"@type\":\"ImageObject\",\"inLanguage\":\"sk-SK\",\"@id\":\"https:\/\/marekkuchcinski.pl\/#\/schema\/person\/image\/\",\"url\":\"https:\/\/secure.gravatar.com\/avatar\/4bab693b9d55c3d6b52c0296a8765085?s=96&d=mm&r=g\",\"contentUrl\":\"https:\/\/secure.gravatar.com\/avatar\/4bab693b9d55c3d6b52c0296a8765085?s=96&d=mm&r=g\",\"caption\":\"admin\"},\"url\":\"https:\/\/marekkuchcinski.pl\/sk\/author\/marta-olejnik\/\"}]}<\/script>\n<!-- \/ Yoast SEO plugin. -->","yoast_head_json":{"title":"WRZESIE\u0143 2013 &#8211; Marek Kuchci\u0144ski","robots":{"index":"index","follow":"follow","max-snippet":"max-snippet:-1","max-image-preview":"max-image-preview:large","max-video-preview":"max-video-preview:-1"},"canonical":"https:\/\/marekkuchcinski.pl\/sk\/bez-kategorii\/wrzesien-2013\/","og_locale":"sk_SK","og_type":"article","og_title":"WRZESIE\u0143 2013 &#8211; Marek Kuchci\u0144ski","og_description":"1 wrze\u015bnia 2013 godz. 9.00-12.00 pow. kolbuszowski, Kolbuszowa, spotkanie otwarte, wyborcze z mieszka\u0144cami godz. 14.00-17.00 pow. ropczycko-s\u0119dziszowski&nbsp; &#8211; Ostr\u00f3w\/Ocieka, spotkanie otwarte, wyborcze z mieszka\u0144cami, do\u017cynki gminne","og_url":"https:\/\/marekkuchcinski.pl\/sk\/bez-kategorii\/wrzesien-2013\/","og_site_name":"Marek Kuchci\u0144ski","article_published_time":"2015-11-04T17:15:08+00:00","article_modified_time":"2016-08-25T14:58:23+00:00","og_image":[{"width":1600,"height":971,"url":"https:\/\/marekkuchcinski.pl\/wp-content\/uploads\/2022\/09\/Marek.jpg","type":"image\/jpeg"}],"author":"admin","twitter_card":"summary_large_image","twitter_misc":{"Autor":"admin","Predpokladan\u00fd \u010das \u010d\u00edtania":"4 min\u00faty"},"schema":{"@context":"https:\/\/schema.org","@graph":[{"@type":"Article","@id":"https:\/\/marekkuchcinski.pl\/bez-kategorii\/wrzesien-2013\/#article","isPartOf":{"@id":"https:\/\/marekkuchcinski.pl\/bez-kategorii\/wrzesien-2013\/"},"author":{"name":"admin","@id":"https:\/\/marekkuchcinski.pl\/#\/schema\/person\/6f62700996b4d950b6ea2d1183b6c6be"},"headline":"WRZESIE\u0143 2013","datePublished":"2015-11-04T17:15:08+00:00","dateModified":"2016-08-25T14:58:23+00:00","mainEntityOfPage":{"@id":"https:\/\/marekkuchcinski.pl\/bez-kategorii\/wrzesien-2013\/"},"wordCount":845,"commentCount":0,"publisher":{"@id":"https:\/\/marekkuchcinski.pl\/#organization"},"articleSection":["Bez kategorii"],"inLanguage":"sk-SK","potentialAction":[{"@type":"CommentAction","name":"Comment","target":["https:\/\/marekkuchcinski.pl\/bez-kategorii\/wrzesien-2013\/#respond"]}]},{"@type":"WebPage","@id":"https:\/\/marekkuchcinski.pl\/bez-kategorii\/wrzesien-2013\/","url":"https:\/\/marekkuchcinski.pl\/bez-kategorii\/wrzesien-2013\/","name":"WRZESIE\u0143 2013 &#8211; Marek Kuchci\u0144ski","isPartOf":{"@id":"https:\/\/marekkuchcinski.pl\/#website"},"datePublished":"2015-11-04T17:15:08+00:00","dateModified":"2016-08-25T14:58:23+00:00","breadcrumb":{"@id":"https:\/\/marekkuchcinski.pl\/bez-kategorii\/wrzesien-2013\/#breadcrumb"},"inLanguage":"sk-SK","potentialAction":[{"@type":"ReadAction","target":["https:\/\/marekkuchcinski.pl\/bez-kategorii\/wrzesien-2013\/"]}]},{"@type":"BreadcrumbList","@id":"https:\/\/marekkuchcinski.pl\/bez-kategorii\/wrzesien-2013\/#breadcrumb","itemListElement":[{"@type":"ListItem","position":1,"name":"Strona g\u0142\u00f3wna","item":"https:\/\/marekkuchcinski.pl\/"},{"@type":"ListItem","position":2,"name":"WRZESIE\u0143 2013"}]},{"@type":"WebSite","@id":"https:\/\/marekkuchcinski.pl\/#website","url":"https:\/\/marekkuchcinski.pl\/","name":"Marek Kuchci\u0144ski","description":"Pose\u0142 na sejm RP &ndash; okr\u0119g nr 22","publisher":{"@id":"https:\/\/marekkuchcinski.pl\/#organization"},"potentialAction":[{"@type":"SearchAction","target":{"@type":"EntryPoint","urlTemplate":"https:\/\/marekkuchcinski.pl\/?s={search_term_string}"},"query-input":{"@type":"PropertyValueSpecification","valueRequired":true,"valueName":"search_term_string"}}],"inLanguage":"sk-SK"},{"@type":"Organization","@id":"https:\/\/marekkuchcinski.pl\/#organization","name":"Marek Kuchci\u0144ski","url":"https:\/\/marekkuchcinski.pl\/","logo":{"@type":"ImageObject","inLanguage":"sk-SK","@id":"https:\/\/marekkuchcinski.pl\/#\/schema\/logo\/image\/","url":"https:\/\/marekkuchcinski.pl\/wp-content\/uploads\/2022\/09\/Marek.jpg","contentUrl":"https:\/\/marekkuchcinski.pl\/wp-content\/uploads\/2022\/09\/Marek.jpg","width":1600,"height":971,"caption":"Marek Kuchci\u0144ski"},"image":{"@id":"https:\/\/marekkuchcinski.pl\/#\/schema\/logo\/image\/"}},{"@type":"Person","@id":"https:\/\/marekkuchcinski.pl\/#\/schema\/person\/6f62700996b4d950b6ea2d1183b6c6be","name":"admin","image":{"@type":"ImageObject","inLanguage":"sk-SK","@id":"https:\/\/marekkuchcinski.pl\/#\/schema\/person\/image\/","url":"https:\/\/secure.gravatar.com\/avatar\/4bab693b9d55c3d6b52c0296a8765085?s=96&d=mm&r=g","contentUrl":"https:\/\/secure.gravatar.com\/avatar\/4bab693b9d55c3d6b52c0296a8765085?s=96&d=mm&r=g","caption":"admin"},"url":"https:\/\/marekkuchcinski.pl\/sk\/author\/marta-olejnik\/"}]}},"_links":{"self":[{"href":"https:\/\/marekkuchcinski.pl\/sk\/wp-json\/wp\/v2\/posts\/569","targetHints":{"allow":["GET"]}}],"collection":[{"href":"https:\/\/marekkuchcinski.pl\/sk\/wp-json\/wp\/v2\/posts"}],"about":[{"href":"https:\/\/marekkuchcinski.pl\/sk\/wp-json\/wp\/v2\/types\/post"}],"author":[{"embeddable":true,"href":"https:\/\/marekkuchcinski.pl\/sk\/wp-json\/wp\/v2\/users\/6"}],"replies":[{"embeddable":true,"href":"https:\/\/marekkuchcinski.pl\/sk\/wp-json\/wp\/v2\/comments?post=569"}],"version-history":[{"count":1,"href":"https:\/\/marekkuchcinski.pl\/sk\/wp-json\/wp\/v2\/posts\/569\/revisions"}],"predecessor-version":[{"id":3133,"href":"https:\/\/marekkuchcinski.pl\/sk\/wp-json\/wp\/v2\/posts\/569\/revisions\/3133"}],"wp:attachment":[{"href":"https:\/\/marekkuchcinski.pl\/sk\/wp-json\/wp\/v2\/media?parent=569"}],"wp:term":[{"taxonomy":"category","embeddable":true,"href":"https:\/\/marekkuchcinski.pl\/sk\/wp-json\/wp\/v2\/categories?post=569"},{"taxonomy":"post_tag","embeddable":true,"href":"https:\/\/marekkuchcinski.pl\/sk\/wp-json\/wp\/v2\/tags?post=569"}],"curies":[{"name":"wp","href":"https:\/\/api.w.org\/{rel}","templated":true}]}}