{"id":567,"date":"2015-11-04T18:07:59","date_gmt":"2015-11-04T17:07:59","guid":{"rendered":"https:\/\/marekkuchcinski.pl\/lipiec-2013\/"},"modified":"2016-08-25T16:58:23","modified_gmt":"2016-08-25T14:58:23","slug":"lipiec-2013","status":"publish","type":"post","link":"https:\/\/marekkuchcinski.pl\/sk\/bez-kategorii\/lipiec-2013\/","title":{"rendered":"JULY 2013"},"content":{"rendered":"<p><strong>2. j\u00fala 2013<\/strong><\/p>\n<p>11:00 Przemy\u015bl, slu\u017eba poslanca v poslaneckej kancel\u00e1rii<\/p>\n<p><strong>4. j\u00fala 2013<\/strong><\/p>\n<p>Krakov - druh\u00e9 trojstrann\u00e9 stretnutie predsedn\u00edctiev parlamentov Weimarsk\u00e9ho trojuholn\u00edka (predsedn\u00edctvo po\u013esk\u00e9ho Sejmu, N\u00e1rodn\u00e9ho zhroma\u017edenia Franc\u00fazskej republiky a nemeck\u00e9ho Bundestagu)<\/p>\n<p>  <!--more-->  <\/p>\n<p><strong>5. j\u00fala 2013<\/strong><\/p>\n<p>Krakov - druh\u00e9 trojstrann\u00e9 stretnutie predsedn\u00edctiev parlamentov Weimarsk\u00e9ho trojuholn\u00edka (predsedn\u00edctvo po\u013esk\u00e9ho Sejmu, N\u00e1rodn\u00e9ho zhroma\u017edenia Franc\u00fazskej republiky a nemeck\u00e9ho Bundestagu)<\/p>\n<p><strong>9. j\u00fala 2013<\/strong><\/p>\n<p>18.00 Zasadnutie parlamentn\u00e9ho klubu Pr\u00e1vo a spravodlivos\u0165<\/p>\n<p><strong>10. j\u00fala 2013<\/strong><\/p>\n<p>Zasadnutie po\u013esk\u00e9ho Sejmu<\/p>\n<p>8.00 h - Var\u0161ava, oslavy mesa\u010dnej spomienky na smolensk\u00fa katastrofu, sv\u00e4t\u00e1 om\u0161a v semin\u00e1rnom kostole, polo\u017eenie kvetov a zap\u00e1lenie symbolick\u00fdch svie\u010dok v Prezidentskom pal\u00e1ci a na vojenskom cintor\u00edne Pow\u0105zki<\/p>\n<p><strong>11. j\u00fala 2013<\/strong><\/p>\n<p>Zasadnutie po\u013esk\u00e9ho Sejmu<\/p>\n<p>11.15 - Var\u0161ava, Sejm Po\u013eskej republiky, otvorenie v\u00fdstavy \"Genoc\u00edda sp\u00e1chan\u00e1 na po\u013esk\u00fdch ob\u010danoch Organiz\u00e1ciou ukrajinsk\u00fdch nacionalistov (OUN) a tzv. Ukrajinskou povstaleckou arm\u00e1dou (UPA) na juhov\u00fdchodn\u00fdch hraniciach druhej Po\u013eskej republiky\". \"Genoc\u00edda sp\u00e1chan\u00e1 na po\u013esk\u00fdch ob\u010danoch Organiz\u00e1ciou ukrajinsk\u00fdch nacionalistov (OUN) a takzvanou Ukrajinskou povstaleckou arm\u00e1dou (UPA) na juhov\u00fdchodn\u00fdch hraniciach druhej Po\u013eskej republiky\".<\/p>\n<p>12.00 - Var\u0161ava, n\u00e1mestie Trzech Krzy\u017cy, om\u0161a v Kostole sv\u00e4t\u00e9ho Alexandra - oslavy 70. v\u00fdro\u010dia masakry na Volyni a Solidarita Kresoviakov<\/p>\n<p>13.30 Var\u0161ava, n\u00e1mestie Trzech Krzy\u017cy Spomienkov\u00fd pochod z n\u00e1mestia Trzech Krzy\u017cy cez ulicu Nowy \u015awiat, Krakowskie Przedmie\u015bcie na Zamkowy Rynek. Polo\u017eenie kvetov pod pam\u00e4tn\u00fa tabu\u013eu na Dome po\u013eskej diasp\u00f3ry na ulici Krakowskie Przedmie\u015bcie 64, pr\u00edle\u017eitostn\u00e9 prejavy, prezent\u00e1cia pohrani\u010dn\u00fdch spolkov, pozvanie na sprievodn\u00e9 podujatia.<\/p>\n<p><strong>12. j\u00fala 2013<\/strong><\/p>\n<p>Zasadnutie po\u013esk\u00e9ho Sejmu<\/p>\n<p><strong>22. j\u00fala 2013<\/strong><\/p>\n<p>18.00 Zasadnutie parlamentn\u00e9ho klubu Pr\u00e1vo a spravodlivos\u0165<\/p>\n<p><strong>23. j\u00fala 2013<\/strong><\/p>\n<p>Zasadnutie po\u013esk\u00e9ho Sejmu<\/p>\n<p><strong>25. j\u00fala 2013<\/strong><\/p>\n<p>Zasadnutie po\u013esk\u00e9ho Sejmu<\/p>\n<p>17.00 Var\u0161ava, Sejm RP, zasadnutie Region\u00e1lnej rady PiS<\/p>\n<p><strong>26. j\u00fala 2013<\/strong><\/p>\n<p>Zasadnutie po\u013esk\u00e9ho Sejmu<\/p>\n<p>&nbsp;<\/p>","protected":false},"excerpt":{"rendered":"<p>2 lipca 2013 godz. 11:00 Przemy\u015bl, dy\u017cur poselski w biurze poselskim 4 lipca 2013 Krak\u00f3w &#8211; Drugie posiedzenie tr\u00f3jstronne prezydi\u00f3w parlament\u00f3w pa\u0144stw Tr\u00f3jk\u0105ta Weimarskiego (Prezydium Sejmu RP, Zgromadzenia Narodowego Republiki Francuskiej i niemieckiego Bundestagu<\/p>","protected":false},"author":6,"featured_media":0,"comment_status":"open","ping_status":"open","sticky":false,"template":"","format":"standard","meta":{"ngg_post_thumbnail":0,"footnotes":""},"categories":[1],"tags":[],"class_list":["post-567","post","type-post","status-publish","format-standard","hentry","category-bez-kategorii"],"yoast_head":"<!-- This site is optimized with the Yoast SEO plugin v24.7 - https:\/\/yoast.com\/wordpress\/plugins\/seo\/ -->\n<title>LIPIEC 2013 &#8211; Marek Kuchci\u0144ski<\/title>\n<meta name=\"robots\" content=\"index, follow, max-snippet:-1, max-image-preview:large, max-video-preview:-1\" \/>\n<link rel=\"canonical\" href=\"https:\/\/marekkuchcinski.pl\/sk\/bez-kategorii\/lipiec-2013\/\" \/>\n<meta property=\"og:locale\" content=\"sk_SK\" \/>\n<meta property=\"og:type\" content=\"article\" \/>\n<meta property=\"og:title\" content=\"LIPIEC 2013 &#8211; Marek Kuchci\u0144ski\" \/>\n<meta property=\"og:description\" content=\"2 lipca 2013 godz. 11:00 Przemy\u015bl, dy\u017cur poselski w biurze poselskim 4 lipca 2013 Krak\u00f3w &#8211; Drugie posiedzenie tr\u00f3jstronne prezydi\u00f3w parlament\u00f3w pa\u0144stw Tr\u00f3jk\u0105ta Weimarskiego (Prezydium Sejmu RP, Zgromadzenia Narodowego Republiki Francuskiej i niemieckiego Bundestagu\" \/>\n<meta property=\"og:url\" content=\"https:\/\/marekkuchcinski.pl\/sk\/bez-kategorii\/lipiec-2013\/\" \/>\n<meta property=\"og:site_name\" content=\"Marek Kuchci\u0144ski\" \/>\n<meta property=\"article:published_time\" content=\"2015-11-04T17:07:59+00:00\" \/>\n<meta property=\"article:modified_time\" content=\"2016-08-25T14:58:23+00:00\" \/>\n<meta property=\"og:image\" content=\"https:\/\/marekkuchcinski.pl\/wp-content\/uploads\/2022\/09\/Marek.jpg\" \/>\n\t<meta property=\"og:image:width\" content=\"1600\" \/>\n\t<meta property=\"og:image:height\" content=\"971\" \/>\n\t<meta property=\"og:image:type\" content=\"image\/jpeg\" \/>\n<meta name=\"author\" content=\"admin\" \/>\n<meta name=\"twitter:card\" content=\"summary_large_image\" \/>\n<meta name=\"twitter:label1\" content=\"Autor\" \/>\n\t<meta name=\"twitter:data1\" content=\"admin\" \/>\n\t<meta name=\"twitter:label2\" content=\"Predpokladan\u00fd \u010das \u010d\u00edtania\" \/>\n\t<meta name=\"twitter:data2\" content=\"1 min\u00fata\" \/>\n<script type=\"application\/ld+json\" class=\"yoast-schema-graph\">{\"@context\":\"https:\/\/schema.org\",\"@graph\":[{\"@type\":\"Article\",\"@id\":\"https:\/\/marekkuchcinski.pl\/en\/bez-kategorii\/lipiec-2013\/#article\",\"isPartOf\":{\"@id\":\"https:\/\/marekkuchcinski.pl\/en\/bez-kategorii\/lipiec-2013\/\"},\"author\":{\"name\":\"admin\",\"@id\":\"https:\/\/marekkuchcinski.pl\/#\/schema\/person\/6f62700996b4d950b6ea2d1183b6c6be\"},\"headline\":\"LIPIEC 2013\",\"datePublished\":\"2015-11-04T17:07:59+00:00\",\"dateModified\":\"2016-08-25T14:58:23+00:00\",\"mainEntityOfPage\":{\"@id\":\"https:\/\/marekkuchcinski.pl\/en\/bez-kategorii\/lipiec-2013\/\"},\"wordCount\":278,\"commentCount\":0,\"publisher\":{\"@id\":\"https:\/\/marekkuchcinski.pl\/#organization\"},\"articleSection\":[\"Bez kategorii\"],\"inLanguage\":\"sk-SK\",\"potentialAction\":[{\"@type\":\"CommentAction\",\"name\":\"Comment\",\"target\":[\"https:\/\/marekkuchcinski.pl\/en\/bez-kategorii\/lipiec-2013\/#respond\"]}]},{\"@type\":\"WebPage\",\"@id\":\"https:\/\/marekkuchcinski.pl\/en\/bez-kategorii\/lipiec-2013\/\",\"url\":\"https:\/\/marekkuchcinski.pl\/en\/bez-kategorii\/lipiec-2013\/\",\"name\":\"LIPIEC 2013 &#8211; Marek Kuchci\u0144ski\",\"isPartOf\":{\"@id\":\"https:\/\/marekkuchcinski.pl\/#website\"},\"datePublished\":\"2015-11-04T17:07:59+00:00\",\"dateModified\":\"2016-08-25T14:58:23+00:00\",\"breadcrumb\":{\"@id\":\"https:\/\/marekkuchcinski.pl\/en\/bez-kategorii\/lipiec-2013\/#breadcrumb\"},\"inLanguage\":\"sk-SK\",\"potentialAction\":[{\"@type\":\"ReadAction\",\"target\":[\"https:\/\/marekkuchcinski.pl\/en\/bez-kategorii\/lipiec-2013\/\"]}]},{\"@type\":\"BreadcrumbList\",\"@id\":\"https:\/\/marekkuchcinski.pl\/en\/bez-kategorii\/lipiec-2013\/#breadcrumb\",\"itemListElement\":[{\"@type\":\"ListItem\",\"position\":1,\"name\":\"Strona g\u0142\u00f3wna\",\"item\":\"https:\/\/marekkuchcinski.pl\/\"},{\"@type\":\"ListItem\",\"position\":2,\"name\":\"LIPIEC 2013\"}]},{\"@type\":\"WebSite\",\"@id\":\"https:\/\/marekkuchcinski.pl\/#website\",\"url\":\"https:\/\/marekkuchcinski.pl\/\",\"name\":\"Marek Kuchci\u0144ski\",\"description\":\"Pose\u0142 na sejm RP &ndash; okr\u0119g nr 22\",\"publisher\":{\"@id\":\"https:\/\/marekkuchcinski.pl\/#organization\"},\"potentialAction\":[{\"@type\":\"SearchAction\",\"target\":{\"@type\":\"EntryPoint\",\"urlTemplate\":\"https:\/\/marekkuchcinski.pl\/?s={search_term_string}\"},\"query-input\":{\"@type\":\"PropertyValueSpecification\",\"valueRequired\":true,\"valueName\":\"search_term_string\"}}],\"inLanguage\":\"sk-SK\"},{\"@type\":\"Organization\",\"@id\":\"https:\/\/marekkuchcinski.pl\/#organization\",\"name\":\"Marek Kuchci\u0144ski\",\"url\":\"https:\/\/marekkuchcinski.pl\/\",\"logo\":{\"@type\":\"ImageObject\",\"inLanguage\":\"sk-SK\",\"@id\":\"https:\/\/marekkuchcinski.pl\/#\/schema\/logo\/image\/\",\"url\":\"https:\/\/marekkuchcinski.pl\/wp-content\/uploads\/2022\/09\/Marek.jpg\",\"contentUrl\":\"https:\/\/marekkuchcinski.pl\/wp-content\/uploads\/2022\/09\/Marek.jpg\",\"width\":1600,\"height\":971,\"caption\":\"Marek Kuchci\u0144ski\"},\"image\":{\"@id\":\"https:\/\/marekkuchcinski.pl\/#\/schema\/logo\/image\/\"}},{\"@type\":\"Person\",\"@id\":\"https:\/\/marekkuchcinski.pl\/#\/schema\/person\/6f62700996b4d950b6ea2d1183b6c6be\",\"name\":\"admin\",\"image\":{\"@type\":\"ImageObject\",\"inLanguage\":\"sk-SK\",\"@id\":\"https:\/\/marekkuchcinski.pl\/#\/schema\/person\/image\/\",\"url\":\"https:\/\/secure.gravatar.com\/avatar\/4bab693b9d55c3d6b52c0296a8765085?s=96&d=mm&r=g\",\"contentUrl\":\"https:\/\/secure.gravatar.com\/avatar\/4bab693b9d55c3d6b52c0296a8765085?s=96&d=mm&r=g\",\"caption\":\"admin\"},\"url\":\"https:\/\/marekkuchcinski.pl\/sk\/author\/marta-olejnik\/\"}]}<\/script>\n<!-- \/ Yoast SEO plugin. -->","yoast_head_json":{"title":"LIPIEC 2013 &#8211; Marek Kuchci\u0144ski","robots":{"index":"index","follow":"follow","max-snippet":"max-snippet:-1","max-image-preview":"max-image-preview:large","max-video-preview":"max-video-preview:-1"},"canonical":"https:\/\/marekkuchcinski.pl\/sk\/bez-kategorii\/lipiec-2013\/","og_locale":"sk_SK","og_type":"article","og_title":"LIPIEC 2013 &#8211; Marek Kuchci\u0144ski","og_description":"2 lipca 2013 godz. 11:00 Przemy\u015bl, dy\u017cur poselski w biurze poselskim 4 lipca 2013 Krak\u00f3w &#8211; Drugie posiedzenie tr\u00f3jstronne prezydi\u00f3w parlament\u00f3w pa\u0144stw Tr\u00f3jk\u0105ta Weimarskiego (Prezydium Sejmu RP, Zgromadzenia Narodowego Republiki Francuskiej i niemieckiego Bundestagu","og_url":"https:\/\/marekkuchcinski.pl\/sk\/bez-kategorii\/lipiec-2013\/","og_site_name":"Marek Kuchci\u0144ski","article_published_time":"2015-11-04T17:07:59+00:00","article_modified_time":"2016-08-25T14:58:23+00:00","og_image":[{"width":1600,"height":971,"url":"https:\/\/marekkuchcinski.pl\/wp-content\/uploads\/2022\/09\/Marek.jpg","type":"image\/jpeg"}],"author":"admin","twitter_card":"summary_large_image","twitter_misc":{"Autor":"admin","Predpokladan\u00fd \u010das \u010d\u00edtania":"1 min\u00fata"},"schema":{"@context":"https:\/\/schema.org","@graph":[{"@type":"Article","@id":"https:\/\/marekkuchcinski.pl\/en\/bez-kategorii\/lipiec-2013\/#article","isPartOf":{"@id":"https:\/\/marekkuchcinski.pl\/en\/bez-kategorii\/lipiec-2013\/"},"author":{"name":"admin","@id":"https:\/\/marekkuchcinski.pl\/#\/schema\/person\/6f62700996b4d950b6ea2d1183b6c6be"},"headline":"LIPIEC 2013","datePublished":"2015-11-04T17:07:59+00:00","dateModified":"2016-08-25T14:58:23+00:00","mainEntityOfPage":{"@id":"https:\/\/marekkuchcinski.pl\/en\/bez-kategorii\/lipiec-2013\/"},"wordCount":278,"commentCount":0,"publisher":{"@id":"https:\/\/marekkuchcinski.pl\/#organization"},"articleSection":["Bez kategorii"],"inLanguage":"sk-SK","potentialAction":[{"@type":"CommentAction","name":"Comment","target":["https:\/\/marekkuchcinski.pl\/en\/bez-kategorii\/lipiec-2013\/#respond"]}]},{"@type":"WebPage","@id":"https:\/\/marekkuchcinski.pl\/en\/bez-kategorii\/lipiec-2013\/","url":"https:\/\/marekkuchcinski.pl\/en\/bez-kategorii\/lipiec-2013\/","name":"LIPIEC 2013 &#8211; Marek Kuchci\u0144ski","isPartOf":{"@id":"https:\/\/marekkuchcinski.pl\/#website"},"datePublished":"2015-11-04T17:07:59+00:00","dateModified":"2016-08-25T14:58:23+00:00","breadcrumb":{"@id":"https:\/\/marekkuchcinski.pl\/en\/bez-kategorii\/lipiec-2013\/#breadcrumb"},"inLanguage":"sk-SK","potentialAction":[{"@type":"ReadAction","target":["https:\/\/marekkuchcinski.pl\/en\/bez-kategorii\/lipiec-2013\/"]}]},{"@type":"BreadcrumbList","@id":"https:\/\/marekkuchcinski.pl\/en\/bez-kategorii\/lipiec-2013\/#breadcrumb","itemListElement":[{"@type":"ListItem","position":1,"name":"Strona g\u0142\u00f3wna","item":"https:\/\/marekkuchcinski.pl\/"},{"@type":"ListItem","position":2,"name":"LIPIEC 2013"}]},{"@type":"WebSite","@id":"https:\/\/marekkuchcinski.pl\/#website","url":"https:\/\/marekkuchcinski.pl\/","name":"Marek Kuchci\u0144ski","description":"Pose\u0142 na sejm RP &ndash; okr\u0119g nr 22","publisher":{"@id":"https:\/\/marekkuchcinski.pl\/#organization"},"potentialAction":[{"@type":"SearchAction","target":{"@type":"EntryPoint","urlTemplate":"https:\/\/marekkuchcinski.pl\/?s={search_term_string}"},"query-input":{"@type":"PropertyValueSpecification","valueRequired":true,"valueName":"search_term_string"}}],"inLanguage":"sk-SK"},{"@type":"Organization","@id":"https:\/\/marekkuchcinski.pl\/#organization","name":"Marek Kuchci\u0144ski","url":"https:\/\/marekkuchcinski.pl\/","logo":{"@type":"ImageObject","inLanguage":"sk-SK","@id":"https:\/\/marekkuchcinski.pl\/#\/schema\/logo\/image\/","url":"https:\/\/marekkuchcinski.pl\/wp-content\/uploads\/2022\/09\/Marek.jpg","contentUrl":"https:\/\/marekkuchcinski.pl\/wp-content\/uploads\/2022\/09\/Marek.jpg","width":1600,"height":971,"caption":"Marek Kuchci\u0144ski"},"image":{"@id":"https:\/\/marekkuchcinski.pl\/#\/schema\/logo\/image\/"}},{"@type":"Person","@id":"https:\/\/marekkuchcinski.pl\/#\/schema\/person\/6f62700996b4d950b6ea2d1183b6c6be","name":"admin","image":{"@type":"ImageObject","inLanguage":"sk-SK","@id":"https:\/\/marekkuchcinski.pl\/#\/schema\/person\/image\/","url":"https:\/\/secure.gravatar.com\/avatar\/4bab693b9d55c3d6b52c0296a8765085?s=96&d=mm&r=g","contentUrl":"https:\/\/secure.gravatar.com\/avatar\/4bab693b9d55c3d6b52c0296a8765085?s=96&d=mm&r=g","caption":"admin"},"url":"https:\/\/marekkuchcinski.pl\/sk\/author\/marta-olejnik\/"}]}},"_links":{"self":[{"href":"https:\/\/marekkuchcinski.pl\/sk\/wp-json\/wp\/v2\/posts\/567","targetHints":{"allow":["GET"]}}],"collection":[{"href":"https:\/\/marekkuchcinski.pl\/sk\/wp-json\/wp\/v2\/posts"}],"about":[{"href":"https:\/\/marekkuchcinski.pl\/sk\/wp-json\/wp\/v2\/types\/post"}],"author":[{"embeddable":true,"href":"https:\/\/marekkuchcinski.pl\/sk\/wp-json\/wp\/v2\/users\/6"}],"replies":[{"embeddable":true,"href":"https:\/\/marekkuchcinski.pl\/sk\/wp-json\/wp\/v2\/comments?post=567"}],"version-history":[{"count":1,"href":"https:\/\/marekkuchcinski.pl\/sk\/wp-json\/wp\/v2\/posts\/567\/revisions"}],"predecessor-version":[{"id":3135,"href":"https:\/\/marekkuchcinski.pl\/sk\/wp-json\/wp\/v2\/posts\/567\/revisions\/3135"}],"wp:attachment":[{"href":"https:\/\/marekkuchcinski.pl\/sk\/wp-json\/wp\/v2\/media?parent=567"}],"wp:term":[{"taxonomy":"category","embeddable":true,"href":"https:\/\/marekkuchcinski.pl\/sk\/wp-json\/wp\/v2\/categories?post=567"},{"taxonomy":"post_tag","embeddable":true,"href":"https:\/\/marekkuchcinski.pl\/sk\/wp-json\/wp\/v2\/tags?post=567"}],"curies":[{"name":"wp","href":"https:\/\/api.w.org\/{rel}","templated":true}]}}