{"id":5599,"date":"2018-03-08T11:00:58","date_gmt":"2018-03-08T10:00:58","guid":{"rendered":"https:\/\/marekkuchcinski.pl\/?p=5599"},"modified":"2019-03-08T14:36:33","modified_gmt":"2019-03-08T13:36:33","slug":"marzec-68","status":"publish","type":"post","link":"https:\/\/marekkuchcinski.pl\/sk\/wydarzenia\/marzec-68\/","title":{"rendered":"50. v\u00fdro\u010die marca '68"},"content":{"rendered":"<p><strong>8. marca 1968.<\/strong> na Var\u0161avskej univerzite sa za\u010dali \u0161tudentsk\u00e9 \u0161trajky ako reakcia na stiahnutie hry Adama Mickiewicza Dziady z v\u00fdvesnej tabule N\u00e1rodn\u00e9ho divadla. \u017diadali ukon\u010denie represi\u00ed, vyjadrili solidaritu so spisovate\u013emi a po\u017eadovali dodr\u017eiavanie \u00dastavy Po\u013eskej \u013eudovej republiky. Robotn\u00edcki aktivisti, domobrana a ORMO spacifikovali \u0161tudentov na Krakovskom predmest\u00ed a na n\u00e1dvor\u00ed Var\u0161avskej univerzity. Zatknut\u00fdch bolo 45 os\u00f4b vr\u00e1tane Karola Modzelewsk\u00e9ho, Jaceka Kuro\u0148a a Ireny Lasoty.<\/p>\n<p>Inscen\u00e1cia aluz\u00edvne nap\u00edsanej hry Predve\u010der praotcov zaujala publikum. - Od ist\u00e9ho momentu predstavenia publikum tlieskalo ka\u017ed\u00e9mu slovu.  Bola to drz\u00e1 reakcia na n\u00e1silie,\" povedal Gustaw Holoubek, ktor\u00fd hral Konrada-Gustawa.<\/p>\n<p>Boj za slobodu prejavu, umenie a ob\u010dianske pr\u00e1va bol hnacou silou tejto mladosti. U\u017e mali dos\u0165 \u017eivota v krajine strachu, cenz\u00fary a manipul\u00e1cie. Hoci mohli ve\u013ea strati\u0165, \u0161tudenti sa postavili proti uzurp\u00e1cii PZPR. \"Represie vo\u010di \u0161tudentom, ktor\u00ed protestovali proti hanebn\u00e9mu rozhodnutiu o z\u00e1kaze v\u00fdstavy <em>Dziady<\/em> v N\u00e1rodnom divadle, je jasn\u00fdm poru\u0161en\u00edm \u010dl\u00e1nku 71 \u00fastavy. Nedovol\u00edme, aby n\u00e1m bolo odopret\u00e9 pr\u00e1vo br\u00e1ni\u0165 demokratick\u00e9 a nez\u00e1visl\u00e9 trad\u00edcie po\u013esk\u00e9ho n\u00e1roda. Nebudeme ml\u010da\u0165 tv\u00e1rou v tv\u00e1r represi\u00e1m,\" nap\u00edsali \u0161tudenti v <strong>uznesenie prijat\u00e9 8. marca 1968<\/strong>.<\/p>\n<p>Po\u013esk\u00fd Sejm prijal 6. marca uznesenie o pripomenut\u00ed si 50. v\u00fdro\u010dia \u0161tudentsk\u00fdch demon\u0161tr\u00e1ci\u00ed v marci 1968\u00a0<a href=\"https:\/\/marekkuchcinski.pl\/wp-content\/uploads\/2017\/03\/Marzec-68.pdf\">marec '68<\/a><\/p>\n<p><a href=\"https:\/\/marekkuchcinski.pl\/wp-content\/uploads\/2017\/03\/0002XY6E5A1CM3IF-C317-F3.jpg\"><img fetchpriority=\"high\" decoding=\"async\" class=\"alignnone wp-image-5600\" src=\"https:\/\/marekkuchcinski.pl\/wp-content\/uploads\/2017\/03\/0002XY6E5A1CM3IF-C317-F3.jpg\" alt=\"0002XY6E5A1CM3IF-C317-F3\" width=\"1004\" height=\"698\" srcset=\"https:\/\/marekkuchcinski.pl\/wp-content\/uploads\/2017\/03\/0002XY6E5A1CM3IF-C317-F3.jpg 600w, https:\/\/marekkuchcinski.pl\/wp-content\/uploads\/2017\/03\/0002XY6E5A1CM3IF-C317-F3-300x209.jpg 300w\" sizes=\"(max-width: 1004px) 100vw, 1004px\" \/><\/a> <a href=\"https:\/\/marekkuchcinski.pl\/wp-content\/uploads\/2017\/03\/7-13510.jpg\"><img decoding=\"async\" class=\"alignnone wp-image-5601\" src=\"https:\/\/marekkuchcinski.pl\/wp-content\/uploads\/2017\/03\/7-13510.jpg\" alt=\"7-13510\" width=\"1011\" height=\"731\" srcset=\"https:\/\/marekkuchcinski.pl\/wp-content\/uploads\/2017\/03\/7-13510.jpg 700w, https:\/\/marekkuchcinski.pl\/wp-content\/uploads\/2017\/03\/7-13510-300x216.jpg 300w\" sizes=\"(max-width: 1011px) 100vw, 1011px\" \/><\/a> \"Dziady\" v N\u00e1rodnom divadle re\u017e\u00edroval Kazimierz Dejmek, \u00falohu Konrada-Gustawa stv\u00e1rnil Gustaw Holoubek<a href=\"https:\/\/marekkuchcinski.pl\/wp-content\/uploads\/2017\/03\/d.jpg\"><img decoding=\"async\" class=\"alignnone wp-image-5602\" src=\"https:\/\/marekkuchcinski.pl\/wp-content\/uploads\/2017\/03\/d.jpg\" alt=\"d\" width=\"1027\" height=\"830\" srcset=\"https:\/\/marekkuchcinski.pl\/wp-content\/uploads\/2017\/03\/d.jpg 700w, https:\/\/marekkuchcinski.pl\/wp-content\/uploads\/2017\/03\/d-300x242.jpg 300w\" sizes=\"(max-width: 1027px) 100vw, 1027px\" \/><\/a> <a href=\"https:\/\/marekkuchcinski.pl\/wp-content\/uploads\/2017\/03\/Dziady.jpg\"><img loading=\"lazy\" decoding=\"async\" class=\"alignnone wp-image-5603\" src=\"https:\/\/marekkuchcinski.pl\/wp-content\/uploads\/2017\/03\/Dziady.jpg\" alt=\"Dziady\" width=\"990\" height=\"746\" srcset=\"https:\/\/marekkuchcinski.pl\/wp-content\/uploads\/2017\/03\/Dziady.jpg 700w, https:\/\/marekkuchcinski.pl\/wp-content\/uploads\/2017\/03\/Dziady-300x226.jpg 300w\" sizes=\"(max-width: 990px) 100vw, 990px\" \/><\/a> <a href=\"https:\/\/marekkuchcinski.pl\/wp-content\/uploads\/2017\/03\/uw5.jpg\"><img loading=\"lazy\" decoding=\"async\" class=\"alignnone size-full wp-image-5604\" src=\"https:\/\/marekkuchcinski.pl\/wp-content\/uploads\/2017\/03\/uw5.jpg\" alt=\"uw5\" width=\"1024\" height=\"679\" srcset=\"https:\/\/marekkuchcinski.pl\/wp-content\/uploads\/2017\/03\/uw5.jpg 1024w, https:\/\/marekkuchcinski.pl\/wp-content\/uploads\/2017\/03\/uw5-300x199.jpg 300w, https:\/\/marekkuchcinski.pl\/wp-content\/uploads\/2017\/03\/uw5-768x509.jpg 768w\" sizes=\"(max-width: 1024px) 100vw, 1024px\" \/><\/a><\/p>","protected":false},"excerpt":{"rendered":"<p>8 marca 1968 r. rozpocz\u0119\u0142y si\u0119 studenckie strajki na Uniwersytecie Warszawskim b\u0119d\u0105ce reakcj\u0105 na zdj\u0119cie z afisza Teatru Narodowego \u201eDziad\u00f3w\u201d Adama Mickiewicza. Domagano si\u0119 w\u00f3wczas zaprzestania represji, solidaryzowano si\u0119 z pisarzami, \u017c\u0105dano przestrzegania konstytucji PRL. Aktyw robotniczy, milicja i ORMO spacyfikowali student\u00f3w na Krakowskim Przedmie\u015bciu i dziedzi\u0144cu UW. Aresztowano 45 os\u00f3b, w tym m.in. Karola [&hellip;]<\/p>\n","protected":false},"author":6,"featured_media":5600,"comment_status":"open","ping_status":"open","sticky":false,"template":"","format":"standard","meta":{"ngg_post_thumbnail":0,"footnotes":""},"categories":[77,3],"tags":[],"class_list":["post-5599","post","type-post","status-publish","format-standard","has-post-thumbnail","hentry","category-wazne-daty","category-wydarzenia"],"_links":{"self":[{"href":"https:\/\/marekkuchcinski.pl\/sk\/wp-json\/wp\/v2\/posts\/5599","targetHints":{"allow":["GET"]}}],"collection":[{"href":"https:\/\/marekkuchcinski.pl\/sk\/wp-json\/wp\/v2\/posts"}],"about":[{"href":"https:\/\/marekkuchcinski.pl\/sk\/wp-json\/wp\/v2\/types\/post"}],"author":[{"embeddable":true,"href":"https:\/\/marekkuchcinski.pl\/sk\/wp-json\/wp\/v2\/users\/6"}],"replies":[{"embeddable":true,"href":"https:\/\/marekkuchcinski.pl\/sk\/wp-json\/wp\/v2\/comments?post=5599"}],"version-history":[{"count":9,"href":"https:\/\/marekkuchcinski.pl\/sk\/wp-json\/wp\/v2\/posts\/5599\/revisions"}],"predecessor-version":[{"id":13513,"href":"https:\/\/marekkuchcinski.pl\/sk\/wp-json\/wp\/v2\/posts\/5599\/revisions\/13513"}],"wp:featuredmedia":[{"embeddable":true,"href":"https:\/\/marekkuchcinski.pl\/sk\/wp-json\/wp\/v2\/media\/5600"}],"wp:attachment":[{"href":"https:\/\/marekkuchcinski.pl\/sk\/wp-json\/wp\/v2\/media?parent=5599"}],"wp:term":[{"taxonomy":"category","embeddable":true,"href":"https:\/\/marekkuchcinski.pl\/sk\/wp-json\/wp\/v2\/categories?post=5599"},{"taxonomy":"post_tag","embeddable":true,"href":"https:\/\/marekkuchcinski.pl\/sk\/wp-json\/wp\/v2\/tags?post=5599"}],"curies":[{"name":"wp","href":"https:\/\/api.w.org\/{rel}","templated":true}]}}