{"id":5554,"date":"2017-03-06T14:38:55","date_gmt":"2017-03-06T13:38:55","guid":{"rendered":"https:\/\/marekkuchcinski.pl\/?p=5554"},"modified":"2017-03-06T17:50:00","modified_gmt":"2017-03-06T16:50:00","slug":"spotkanie-andrijem-danko","status":"publish","type":"post","link":"https:\/\/marekkuchcinski.pl\/sk\/wydarzenia\/spotkanie-andrijem-danko\/","title":{"rendered":"Predseda Sejmu: Ke\u010f uva\u017eujeme o bud\u00facnosti, nem\u00f4\u017eeme sa posun\u00fa\u0165 smerom k viacr\u00fdchlostnej \u00danii"},"content":{"rendered":"<p>V po\u013eskom Sejme sa za\u010dal samit predsedov vy\u0161ehradsk\u00fdch parlamentov (V4). Je to pr\u00edle\u017eitos\u0165 vypracova\u0165 spolo\u010dn\u00e9 stanovisko pred samitom v Taliansku, ktor\u00fd sa uskuto\u010dn\u00ed pri pr\u00edle\u017eitosti 60. v\u00fdro\u010dia podp\u00edsania R\u00edmskych zml\u00fav.<\/p>\n<p>V r\u00e1mci var\u0161avsk\u00e9ho samitu sa uskuto\u010dnilo prv\u00e9 stretnutie predsedu Sejmu Mareka Kuchci\u0144sk\u00e9ho s predsedom N\u00e1rodnej rady Slovenskej republiky Andrejom Dankom.<\/p>\n<p>Re\u010dn\u00edci sa dotkli bud\u00facnosti Eur\u00f3pskej \u00fanie vr\u00e1tane potreby reformy Spolo\u010denstva. - Pri h\u013eadan\u00ed toho, \u010do m\u00e1me spolo\u010dn\u00e9, \u010do n\u00e1s sp\u00e1ja, by sme mali zachova\u0165 samostatn\u00fd charakter n\u00e1rodn\u00fdch parlamentov - povedal predseda Kuchci\u0144ski. - Ke\u010f uva\u017eujeme o bud\u00facnosti, nem\u00f4\u017eeme sa usilova\u0165 o viacr\u00fdchlostn\u00fa \u00daniu. \u00dania mus\u00ed by\u0165 medzin\u00e1rodnou organiz\u00e1ciou zlo\u017eenou zo suver\u00e9nnych \u0161t\u00e1tov - dodal Kuchci\u0144ski.<\/p>\n<p>Otvorila sa aj ot\u00e1zka usporiadania syst\u00e9mu podpory n\u00e1rodnostn\u00fdch men\u0161\u00edn a spolo\u010dn\u00fdch stretnut\u00ed o ochrane p\u00f4dy, vody, lesov a strategick\u00fdch surov\u00edn.<\/p>\n<p><em>Foto: Pawe\u0142 Kula<\/em><\/p>\n<p><a href=\"https:\/\/marekkuchcinski.pl\/wp-content\/uploads\/2017\/03\/KU111890.jpg\"><img fetchpriority=\"high\" decoding=\"async\" class=\"alignnone size-full wp-image-5555\" src=\"https:\/\/marekkuchcinski.pl\/wp-content\/uploads\/2017\/03\/KU111890.jpg\" alt=\"KU111890\" width=\"1800\" height=\"1200\" srcset=\"https:\/\/marekkuchcinski.pl\/wp-content\/uploads\/2017\/03\/KU111890.jpg 1800w, https:\/\/marekkuchcinski.pl\/wp-content\/uploads\/2017\/03\/KU111890-300x200.jpg 300w, https:\/\/marekkuchcinski.pl\/wp-content\/uploads\/2017\/03\/KU111890-768x512.jpg 768w, https:\/\/marekkuchcinski.pl\/wp-content\/uploads\/2017\/03\/KU111890-1024x683.jpg 1024w\" sizes=\"(max-width: 1800px) 100vw, 1800px\" \/><\/a><a href=\"https:\/\/marekkuchcinski.pl\/wp-content\/uploads\/2017\/03\/KU112053.jpg\"><img decoding=\"async\" class=\"alignnone size-full wp-image-5556\" src=\"https:\/\/marekkuchcinski.pl\/wp-content\/uploads\/2017\/03\/KU112053.jpg\" alt=\"KU112053\" width=\"1800\" height=\"1200\" srcset=\"https:\/\/marekkuchcinski.pl\/wp-content\/uploads\/2017\/03\/KU112053.jpg 1800w, https:\/\/marekkuchcinski.pl\/wp-content\/uploads\/2017\/03\/KU112053-300x200.jpg 300w, https:\/\/marekkuchcinski.pl\/wp-content\/uploads\/2017\/03\/KU112053-768x512.jpg 768w, https:\/\/marekkuchcinski.pl\/wp-content\/uploads\/2017\/03\/KU112053-1024x683.jpg 1024w\" sizes=\"(max-width: 1800px) 100vw, 1800px\" \/><\/a> <a href=\"https:\/\/marekkuchcinski.pl\/wp-content\/uploads\/2017\/03\/KU112026.jpg\"><img decoding=\"async\" class=\"alignnone size-full wp-image-5557\" src=\"https:\/\/marekkuchcinski.pl\/wp-content\/uploads\/2017\/03\/KU112026.jpg\" alt=\"KU112026\" width=\"1800\" height=\"1200\" srcset=\"https:\/\/marekkuchcinski.pl\/wp-content\/uploads\/2017\/03\/KU112026.jpg 1800w, https:\/\/marekkuchcinski.pl\/wp-content\/uploads\/2017\/03\/KU112026-300x200.jpg 300w, https:\/\/marekkuchcinski.pl\/wp-content\/uploads\/2017\/03\/KU112026-768x512.jpg 768w, https:\/\/marekkuchcinski.pl\/wp-content\/uploads\/2017\/03\/KU112026-1024x683.jpg 1024w\" sizes=\"(max-width: 1800px) 100vw, 1800px\" \/><\/a> <a href=\"https:\/\/marekkuchcinski.pl\/wp-content\/uploads\/2017\/03\/KU111904.jpg\"><img loading=\"lazy\" decoding=\"async\" class=\"alignnone size-full wp-image-5558\" src=\"https:\/\/marekkuchcinski.pl\/wp-content\/uploads\/2017\/03\/KU111904.jpg\" alt=\"KU111904\" width=\"1800\" height=\"1200\" srcset=\"https:\/\/marekkuchcinski.pl\/wp-content\/uploads\/2017\/03\/KU111904.jpg 1800w, https:\/\/marekkuchcinski.pl\/wp-content\/uploads\/2017\/03\/KU111904-300x200.jpg 300w, https:\/\/marekkuchcinski.pl\/wp-content\/uploads\/2017\/03\/KU111904-768x512.jpg 768w, https:\/\/marekkuchcinski.pl\/wp-content\/uploads\/2017\/03\/KU111904-1024x683.jpg 1024w\" sizes=\"(max-width: 1800px) 100vw, 1800px\" \/><\/a><\/p>","protected":false},"excerpt":{"rendered":"<p>W Sejmie rozpocz\u0105\u0142 si\u0119 szczyt przewodnicz\u0105cych parlament\u00f3w Grupy Wyszehradzkiej (V4). Jest on okazj\u0105 do wypracowania wsp\u00f3lnego stanowiska przed szczytem we W\u0142oszech \u2013 z okazji 60. rocznicy podpisania traktat\u00f3w rzymskich. W ramach warszawskiego szczytu jako pierwsze odby\u0142o si\u0119 spotkanie marsza\u0142ka Sejmu Marka Kuchci\u0144skiego z przewodnicz\u0105cym Rady Narodowej Republiki S\u0142owackiej \u2013 Andrejem Danko. Rozm\u00f3wcy poruszyli temat przysz\u0142o\u015bci [&hellip;]<\/p>\n","protected":false},"author":6,"featured_media":5562,"comment_status":"open","ping_status":"open","sticky":false,"template":"","format":"standard","meta":{"ngg_post_thumbnail":0,"footnotes":""},"categories":[81,50,3],"tags":[],"class_list":["post-5554","post","type-post","status-publish","format-standard","has-post-thumbnail","hentry","category-wiesci-z-sejmu","category-wspolpraca-miedzynarodowa","category-wydarzenia"],"_links":{"self":[{"href":"https:\/\/marekkuchcinski.pl\/sk\/wp-json\/wp\/v2\/posts\/5554","targetHints":{"allow":["GET"]}}],"collection":[{"href":"https:\/\/marekkuchcinski.pl\/sk\/wp-json\/wp\/v2\/posts"}],"about":[{"href":"https:\/\/marekkuchcinski.pl\/sk\/wp-json\/wp\/v2\/types\/post"}],"author":[{"embeddable":true,"href":"https:\/\/marekkuchcinski.pl\/sk\/wp-json\/wp\/v2\/users\/6"}],"replies":[{"embeddable":true,"href":"https:\/\/marekkuchcinski.pl\/sk\/wp-json\/wp\/v2\/comments?post=5554"}],"version-history":[{"count":5,"href":"https:\/\/marekkuchcinski.pl\/sk\/wp-json\/wp\/v2\/posts\/5554\/revisions"}],"predecessor-version":[{"id":5565,"href":"https:\/\/marekkuchcinski.pl\/sk\/wp-json\/wp\/v2\/posts\/5554\/revisions\/5565"}],"wp:featuredmedia":[{"embeddable":true,"href":"https:\/\/marekkuchcinski.pl\/sk\/wp-json\/wp\/v2\/media\/5562"}],"wp:attachment":[{"href":"https:\/\/marekkuchcinski.pl\/sk\/wp-json\/wp\/v2\/media?parent=5554"}],"wp:term":[{"taxonomy":"category","embeddable":true,"href":"https:\/\/marekkuchcinski.pl\/sk\/wp-json\/wp\/v2\/categories?post=5554"},{"taxonomy":"post_tag","embeddable":true,"href":"https:\/\/marekkuchcinski.pl\/sk\/wp-json\/wp\/v2\/tags?post=5554"}],"curies":[{"name":"wp","href":"https:\/\/api.w.org\/{rel}","templated":true}]}}