{"id":5532,"date":"2017-03-02T15:46:05","date_gmt":"2017-03-02T14:46:05","guid":{"rendered":"https:\/\/marekkuchcinski.pl\/?p=5532"},"modified":"2017-03-02T21:21:28","modified_gmt":"2017-03-02T20:21:28","slug":"marszalek-marek-kuchcinski","status":"publish","type":"post","link":"https:\/\/marekkuchcinski.pl\/sk\/wydarzenia\/marszalek-marek-kuchcinski\/","title":{"rendered":"Po\u013esko a Rumunsko so spolo\u010dnou v\u00edziou pre Eur\u00f3pu. Stretnutie predsedu Sejmu a predsedu rumunsk\u00e9ho Sen\u00e1tu"},"content":{"rendered":"<p>Oslavy 60. v\u00fdro\u010dia podp\u00edsania R\u00edmskych zml\u00fav a stretnutie predsedov parlamentov kraj\u00edn strednej a v\u00fdchodnej Eur\u00f3py vo Var\u0161ave patria medzi najd\u00f4le\u017eitej\u0161ie udalosti na politickej sc\u00e9ne v tomto roku.<\/p>\n<p>- Vz\u0165ahy medzi parlamentmi s\u00fa mimoriadne d\u00f4le\u017eit\u00e9, preto\u017ee kladieme z\u00e1klady pre pr\u00e1cu vl\u00e1dy,\" uviedol predseda rumunsk\u00e9ho Sen\u00e1tu C\u0103lin Popescu-T\u0103riceanu po\u010das stretnutia s predsedom Sejmu Marekom Kuchci\u0144sk\u00fdm. Dodal, \u017ee rumunsk\u00e1 v\u00edzia rozvoja je bl\u00edzka po\u013eskej v\u00edzii a \u017ee je potrebn\u00e9 re\u0161pektova\u0165 slobodu a suverenitu. V oboch krajin\u00e1ch neexistuje ani dohoda o dvojr\u00fdchlostnej Eur\u00f3pe.<\/p>\n<p>Vzh\u013eadom na zna\u010dn\u00fd pr\u00edlev mlad\u00fdch \u013eud\u00ed z Po\u013eska a Rumunska do Spojen\u00e9ho kr\u00e1\u013eovstva bol z rumunskej strany predlo\u017een\u00fd n\u00e1vrh na trojstrann\u00e9 stretnutie medzi Po\u013eskom, Rumunskom a Spojen\u00fdm kr\u00e1\u013eovstvom.<\/p>\n<p>Mar\u0161al Kuchcinski zd\u00f4raznil, \u017ee Rumunsko je jedn\u00fdm z najd\u00f4le\u017eitej\u0161\u00edch spojencov na\u0161ej krajiny. Upozornil tie\u017e na klimatick\u00fa politiku a Karpatsk\u00fd dohovor, ktor\u00e9ho cie\u013eom je realizova\u0165 komplexn\u00fa politiku a spolupr\u00e1cu v oblasti ochrany a trvalo udr\u017eate\u013en\u00e9ho rozvoja Karp\u00e1t s cie\u013eom zlep\u0161i\u0165 kvalitu \u017eivota, posilni\u0165 miestne hospod\u00e1rstvo a komunity a zachova\u0165 pr\u00edrodn\u00e9 hodnoty a kult\u00farne dedi\u010dstvo tejto oblasti.<\/p>\n<p>Pod\u013ea mar\u0161ala Kuchci\u0144sk\u00e9ho by sme sa nemali zastavi\u0165 pri spolo\u010dn\u00fdch politik\u00e1ch. Sp\u00e1ja n\u00e1s toti\u017e kult\u00fara a umenie a tieto oblasti by sa mali rozv\u00edja\u0165. Respondenti sa zhodli na tom, \u017ee karpatsk\u00fd regi\u00f3n by mal ma\u0165 strat\u00e9giu pod\u013ea vzoru alpsk\u00e9ho alebo podunajsk\u00e9ho regi\u00f3nu. Makroregi\u00f3ny s\u00fa v Eur\u00f3pskej \u00fanii d\u00f4le\u017eit\u00e9. - Po rozpade komunistick\u00e9ho bloku sme sa chceli pribl\u00ed\u017ei\u0165 k Z\u00e1padu a zanedbali sme region\u00e1lne vz\u0165ahy. A to bola chyba,\" povedal prezident Popescu-T\u0103riceanu.<\/p>\n<p><a href=\"https:\/\/marekkuchcinski.pl\/wp-content\/uploads\/2017\/03\/KU100187.jpg\"><img fetchpriority=\"high\" decoding=\"async\" class=\"alignnone size-full wp-image-5533\" src=\"https:\/\/marekkuchcinski.pl\/wp-content\/uploads\/2017\/03\/KU100187.jpg\" alt=\"KU100187\" width=\"1800\" height=\"1200\" srcset=\"https:\/\/marekkuchcinski.pl\/wp-content\/uploads\/2017\/03\/KU100187.jpg 1800w, https:\/\/marekkuchcinski.pl\/wp-content\/uploads\/2017\/03\/KU100187-300x200.jpg 300w, https:\/\/marekkuchcinski.pl\/wp-content\/uploads\/2017\/03\/KU100187-768x512.jpg 768w, https:\/\/marekkuchcinski.pl\/wp-content\/uploads\/2017\/03\/KU100187-1024x683.jpg 1024w\" sizes=\"(max-width: 1800px) 100vw, 1800px\" \/><\/a><a href=\"https:\/\/marekkuchcinski.pl\/wp-content\/uploads\/2017\/03\/KU100159.jpg\"><img decoding=\"async\" class=\"alignnone size-full wp-image-5534\" src=\"https:\/\/marekkuchcinski.pl\/wp-content\/uploads\/2017\/03\/KU100159.jpg\" alt=\"KU100159\" width=\"1800\" height=\"1200\" srcset=\"https:\/\/marekkuchcinski.pl\/wp-content\/uploads\/2017\/03\/KU100159.jpg 1800w, https:\/\/marekkuchcinski.pl\/wp-content\/uploads\/2017\/03\/KU100159-300x200.jpg 300w, https:\/\/marekkuchcinski.pl\/wp-content\/uploads\/2017\/03\/KU100159-768x512.jpg 768w, https:\/\/marekkuchcinski.pl\/wp-content\/uploads\/2017\/03\/KU100159-1024x683.jpg 1024w\" sizes=\"(max-width: 1800px) 100vw, 1800px\" \/><\/a> <a href=\"https:\/\/marekkuchcinski.pl\/wp-content\/uploads\/2017\/03\/KU100330.jpg\"><img decoding=\"async\" class=\"alignnone size-full wp-image-5535\" src=\"https:\/\/marekkuchcinski.pl\/wp-content\/uploads\/2017\/03\/KU100330.jpg\" alt=\"KU100330\" width=\"1800\" height=\"1200\" srcset=\"https:\/\/marekkuchcinski.pl\/wp-content\/uploads\/2017\/03\/KU100330.jpg 1800w, https:\/\/marekkuchcinski.pl\/wp-content\/uploads\/2017\/03\/KU100330-300x200.jpg 300w, https:\/\/marekkuchcinski.pl\/wp-content\/uploads\/2017\/03\/KU100330-768x512.jpg 768w, https:\/\/marekkuchcinski.pl\/wp-content\/uploads\/2017\/03\/KU100330-1024x683.jpg 1024w\" sizes=\"(max-width: 1800px) 100vw, 1800px\" \/><\/a> <a href=\"https:\/\/marekkuchcinski.pl\/wp-content\/uploads\/2017\/03\/KU100304.jpg\"><img loading=\"lazy\" decoding=\"async\" class=\"alignnone size-full wp-image-5536\" src=\"https:\/\/marekkuchcinski.pl\/wp-content\/uploads\/2017\/03\/KU100304.jpg\" alt=\"KU100304\" width=\"1800\" height=\"1200\" srcset=\"https:\/\/marekkuchcinski.pl\/wp-content\/uploads\/2017\/03\/KU100304.jpg 1800w, https:\/\/marekkuchcinski.pl\/wp-content\/uploads\/2017\/03\/KU100304-300x200.jpg 300w, https:\/\/marekkuchcinski.pl\/wp-content\/uploads\/2017\/03\/KU100304-768x512.jpg 768w, https:\/\/marekkuchcinski.pl\/wp-content\/uploads\/2017\/03\/KU100304-1024x683.jpg 1024w\" sizes=\"(max-width: 1800px) 100vw, 1800px\" \/><\/a><\/p>","protected":false},"excerpt":{"rendered":"<p>Obchody 60. rocznicy podpisania traktat\u00f3w rzymskich oraz spotkanie przewodnicz\u0105cych parlament\u00f3w pa\u0144stw Europy \u015arodkowej i Wschodniej w Warszawie to jedne z najwa\u017cniejszych wydarze\u0144 na scenie politycznej tego roku. \u2013 Relacje mi\u0119dzy parlamentami s\u0105 niezwykle wa\u017cne, bo tworzymy podwaliny pod prac\u0119 rz\u0105du \u2013 powiedzia\u0142 przewodnicz\u0105cy rumu\u0144skiego Senatu C\u0103lin Popescu-T\u0103riceanu podczas spotkania z marsza\u0142kiem Sejmu Markiem Kuchci\u0144skim. Doda\u0142, [&hellip;]<\/p>\n","protected":false},"author":6,"featured_media":5533,"comment_status":"open","ping_status":"open","sticky":false,"template":"","format":"standard","meta":{"ngg_post_thumbnail":0,"footnotes":""},"categories":[78,81,50,3],"tags":[],"class_list":["post-5532","post","type-post","status-publish","format-standard","has-post-thumbnail","hentry","category-europa-karpat","category-wiesci-z-sejmu","category-wspolpraca-miedzynarodowa","category-wydarzenia"],"_links":{"self":[{"href":"https:\/\/marekkuchcinski.pl\/sk\/wp-json\/wp\/v2\/posts\/5532","targetHints":{"allow":["GET"]}}],"collection":[{"href":"https:\/\/marekkuchcinski.pl\/sk\/wp-json\/wp\/v2\/posts"}],"about":[{"href":"https:\/\/marekkuchcinski.pl\/sk\/wp-json\/wp\/v2\/types\/post"}],"author":[{"embeddable":true,"href":"https:\/\/marekkuchcinski.pl\/sk\/wp-json\/wp\/v2\/users\/6"}],"replies":[{"embeddable":true,"href":"https:\/\/marekkuchcinski.pl\/sk\/wp-json\/wp\/v2\/comments?post=5532"}],"version-history":[{"count":3,"href":"https:\/\/marekkuchcinski.pl\/sk\/wp-json\/wp\/v2\/posts\/5532\/revisions"}],"predecessor-version":[{"id":5540,"href":"https:\/\/marekkuchcinski.pl\/sk\/wp-json\/wp\/v2\/posts\/5532\/revisions\/5540"}],"wp:featuredmedia":[{"embeddable":true,"href":"https:\/\/marekkuchcinski.pl\/sk\/wp-json\/wp\/v2\/media\/5533"}],"wp:attachment":[{"href":"https:\/\/marekkuchcinski.pl\/sk\/wp-json\/wp\/v2\/media?parent=5532"}],"wp:term":[{"taxonomy":"category","embeddable":true,"href":"https:\/\/marekkuchcinski.pl\/sk\/wp-json\/wp\/v2\/categories?post=5532"},{"taxonomy":"post_tag","embeddable":true,"href":"https:\/\/marekkuchcinski.pl\/sk\/wp-json\/wp\/v2\/tags?post=5532"}],"curies":[{"name":"wp","href":"https:\/\/api.w.org\/{rel}","templated":true}]}}